{"id":7943,"date":"2024-06-08T14:07:49","date_gmt":"2024-06-08T17:07:49","guid":{"rendered":"https:\/\/guialimeira.com.br\/2024\/06\/08\/parque-cidade-recebe-projeto-prefeito-no-bairro\/"},"modified":"2024-06-08T14:07:49","modified_gmt":"2024-06-08T17:07:49","slug":"parque-cidade-recebe-projeto-prefeito-no-bairro","status":"publish","type":"post","link":"https:\/\/guialimeira.com.br\/news\/parque-cidade-recebe-projeto-prefeito-no-bairro\/","title":{"rendered":"Parque Cidade recebe projeto Prefeito no Bairro"},"content":{"rendered":"<p> <br \/>\n<\/p>\n<div>\n            <main class=\"\">&#13;<br \/>\n                &#13;<br \/>\n&#13;<br \/>\n&#13;<br \/>\n&#13;<br \/>\n    <img data-recalc-dims=\"1\" decoding=\"async\" src=\"https:\/\/i0.wp.com\/ecrie.com.br\/sistema\/conteudos\/imagem\/m_137_1_3_08062024130559.jpg?w=696&#038;ssl=1\" alt=\"Parque Cidade recebe projeto Prefeito no Bairro\"\/>&#13;<br \/>\n&#13;<\/p>\n<p style=\"text-align: justify;\" align=\"justify\">O Parque Cidade recebeu neste s\u00e1bado (8) o projeto Prefeito no Bairro. Durante a iniciativa, diversos servi\u00e7os foram oferecidos, como o programa Empregabilidade 360\u00b0, que ofertou diversas vagas de emprego, especialmente para as \u00e1reas aliment\u00edcia, supermercadista e da constru\u00e7\u00e3o civil. O prefeito Mario Botion e a vice-prefeita Erika Tank participaram do evento atendendo a comunidade.<\/p>\n<p>&#13;<\/p>\n<p style=\"text-align: justify;\" align=\"justify\">\u201cRealizamos este projeto desde 2017 com o objetivo de aproximar o Poder P\u00fablico da popula\u00e7\u00e3o. \u00c9 um evento para toda a fam\u00edlia\u201d, explicou o prefeito Mario Botion. \u201cEsta a\u00e7\u00e3o \u00e9 uma oportunidade para ouvir as demandas e melhorar a qualidade dos servi\u00e7os prestados\u201d completou a vice-prefeita Erika Tank.<\/p>\n<p>&#13;<\/p>\n<p style=\"text-align: justify;\" align=\"justify\">A edi\u00e7\u00e3o tamb\u00e9m trouxe microchipagem e cadastramento de c\u00e3es e gatos para castra\u00e7\u00e3o, educa\u00e7\u00e3o ambiental, recrea\u00e7\u00e3o infantil, doa\u00e7\u00e3o de mudas, orienta\u00e7\u00f5es sobre obras, al\u00e9m de vacina\u00e7\u00e3o contra gripe e covid-19, aferi\u00e7\u00e3o de press\u00e3o arterial e informa\u00e7\u00f5es para preven\u00e7\u00e3o e controle do diabetes.\u00a0<\/p>\n<p>&#13;<\/p>\n<p style=\"text-align: justify;\" align=\"justify\">Os vereadores Tatiane Lopes e Lem\u00e3o da Jeov\u00e1 Rafa estiveram presentes no evento.<\/p>\n<p>&#13;<\/p>\n<p style=\"text-align: justify;\" align=\"justify\">BEM-ESTAR ANIMAL<\/p>\n<p>&#13;<\/p>\n<p style=\"text-align: justify;\" align=\"justify\">Durante o Prefeito no Bairro, o Departamento de Prote\u00e7\u00e3o e Bem-Estar Animal (Dpbea), em parceria com protetores de animais independentes, realizou uma a\u00e7\u00e3o para ado\u00e7\u00e3o de c\u00e3es, filhotes e adultos, que atualmente vivem no Lar Tempor\u00e1rio.\u00a0Os animais\u00a0adultos foram disponibilizados com o esquema de vacina\u00e7\u00e3o em dia, vermifugados e castrados.<\/p>\n<p>&#13;<br \/>\n&#13;<br \/>\n&#13;<br \/>\n    &#13;<br \/>\n    &#13;<br \/>\n&#13;<br \/>\n&#13;<\/p>\n<aside class=\"list-related no-print\">&#13;<br \/>\n        &#13;<br \/>\n&#13;<\/p>\n<article class=\"list-item noticias \">&#13;<br \/>\n                    <a class=\"list-item__img\" href=\"https:\/\/limeira.sp.gov.br\/imprensa\/noticias\/gabinete-do-prefeito\/avanca-interligacao-entre-santa-eulalia-e-gustavo-peccinini-local-tera-estrutura-de-lazer-e-esporte\" tabindex=\"-1\" aria-hidden=\"true\" rel=\"noopener\">&#13;<br \/>\n                        <img data-recalc-dims=\"1\" decoding=\"async\" src=\"https:\/\/i0.wp.com\/ecrie.com.br\/sistema\/conteudos\/imagem\/m_137_1_3_07062024160252.jpg?w=696&#038;ssl=1\" alt=\"Avan\u00e7a interliga\u00e7\u00e3o entre Santa Eul\u00e1lia e Gustavo Peccinini; local ter\u00e1 estrutura de lazer e esporte\"\/>&#13;<br \/>\n                    <\/a>&#13;<br \/>\n&#13;<br \/>\n                &#13;<br \/>\n            <\/article>\n<p>&#13;<\/p>\n<article class=\"list-item noticias \">&#13;<br \/>\n                    <a class=\"list-item__img\" href=\"https:\/\/limeira.sp.gov.br\/imprensa\/noticias\/gabinete-do-prefeito\/trecho-do-anel-viario-sera-recapeado-investimento-soma-r-13-milhao\" tabindex=\"-1\" aria-hidden=\"true\" rel=\"noopener\">&#13;<br \/>\n                        <img data-recalc-dims=\"1\" decoding=\"async\" src=\"https:\/\/i0.wp.com\/ecrie.com.br\/sistema\/conteudos\/imagem\/m_137_0_1_07062024164213.jpg?w=696&#038;ssl=1\" alt=\"Trecho do Anel Vi\u00e1rio ser\u00e1 recapeado; investimento soma R$ 1,3 milh\u00e3o\"\/>&#13;<br \/>\n                    <\/a>&#13;<br \/>\n&#13;<br \/>\n                &#13;<br \/>\n            <\/article>\n<p>&#13;<\/p>\n<article class=\"list-item noticias \">&#13;<br \/>\n                    <a class=\"list-item__img\" href=\"https:\/\/limeira.sp.gov.br\/imprensa\/noticias\/gabinete-do-prefeito\/duque-de-caxias-sera-totalmente-liberada-ao-transito-nesta-sexta-7\" tabindex=\"-1\" aria-hidden=\"true\" rel=\"noopener\">&#13;<br \/>\n                        <img data-recalc-dims=\"1\" decoding=\"async\" src=\"https:\/\/i0.wp.com\/ecrie.com.br\/sistema\/conteudos\/imagem\/m_137_0_1_07062024162621.jpg?w=696&#038;ssl=1\" alt=\"Duque de Caxias ser\u00e1 totalmente liberada ao tr\u00e2nsito nesta sexta (7)\"\/>&#13;<br \/>\n                    <\/a>&#13;<br \/>\n&#13;<br \/>\n                &#13;<br \/>\n            <\/article>\n<p>&#13;<br \/>\n    <\/aside>\n<p>&#13;<br \/>\n&#13;<br \/>\n            <\/main><\/p><\/div>\n<p><br \/>\n<br \/><a href=\"https:\/\/limeira.sp.gov.br\/parque-cidade-recebe-projeto-prefeito-no-bairro\" rel=\"noopener\">Informa\u00e7\u00f5es da PML <\/a><\/p>\n","protected":false},"excerpt":{"rendered":"<p>&#13; &#13; &#13; &#13; &#13; &#13; &#13; O Parque Cidade recebeu neste s\u00e1bado (8) o projeto Prefeito no Bairro. Durante a iniciativa, diversos servi\u00e7os foram oferecidos, como o programa Empregabilidade 360\u00b0, que ofertou diversas vagas de emprego, especialmente para as \u00e1reas aliment\u00edcia, supermercadista e da constru\u00e7\u00e3o civil. O prefeito Mario Botion e a vice-prefeita Erika [&hellip;]<\/p>\n","protected":false},"author":1,"featured_media":7944,"comment_status":"open","ping_status":"open","sticky":false,"template":"","format":"standard","meta":{"_jetpack_newsletter_access":"","_jetpack_dont_email_post_to_subs":false,"_jetpack_newsletter_tier_id":0,"_jetpack_memberships_contains_paywalled_content":false,"_mbp_banners":[],"_jetpack_feature_clip_id":0,"_jetpack_memberships_contains_paid_content":false,"footnotes":"","jetpack_publicize_message":"","jetpack_publicize_feature_enabled":true,"jetpack_social_post_already_shared":true,"jetpack_social_options":{"image_generator_settings":{"template":"highway","default_image_id":0,"font":"","enabled":false},"version":2},"jetpack_post_was_ever_published":false},"categories":[16],"tags":[],"class_list":["post-7943","post","type-post","status-publish","format-standard","has-post-thumbnail","category-local"],"jetpack_publicize_connections":[],"jetpack-related-posts":[],"jetpack_shortlink":"https:\/\/wp.me\/p7Eq1F-247","jetpack_sharing_enabled":true,"jetpack_featured_media_url":"https:\/\/i0.wp.com\/guialimeira.com.br\/news\/wp-content\/uploads\/2024\/06\/m_137_1_3_08062024130559.jpg?fit=1292%2C860&ssl=1","_links":{"self":[{"href":"https:\/\/guialimeira.com.br\/news\/wp-json\/wp\/v2\/posts\/7943","targetHints":{"allow":["GET"]}}],"collection":[{"href":"https:\/\/guialimeira.com.br\/news\/wp-json\/wp\/v2\/posts"}],"about":[{"href":"https:\/\/guialimeira.com.br\/news\/wp-json\/wp\/v2\/types\/post"}],"author":[{"embeddable":true,"href":"https:\/\/guialimeira.com.br\/news\/wp-json\/wp\/v2\/users\/1"}],"replies":[{"embeddable":true,"href":"https:\/\/guialimeira.com.br\/news\/wp-json\/wp\/v2\/comments?post=7943"}],"version-history":[{"count":0,"href":"https:\/\/guialimeira.com.br\/news\/wp-json\/wp\/v2\/posts\/7943\/revisions"}],"wp:featuredmedia":[{"embeddable":true,"href":"https:\/\/guialimeira.com.br\/news\/wp-json\/wp\/v2\/media\/7944"}],"wp:attachment":[{"href":"https:\/\/guialimeira.com.br\/news\/wp-json\/wp\/v2\/media?parent=7943"}],"wp:term":[{"taxonomy":"category","embeddable":true,"href":"https:\/\/guialimeira.com.br\/news\/wp-json\/wp\/v2\/categories?post=7943"},{"taxonomy":"post_tag","embeddable":true,"href":"https:\/\/guialimeira.com.br\/news\/wp-json\/wp\/v2\/tags?post=7943"}],"curies":[{"name":"wp","href":"https:\/\/api.w.org\/{rel}","templated":true}]}}