{"id":794,"date":"2024-04-02T23:38:52","date_gmt":"2024-04-03T02:38:52","guid":{"rendered":"https:\/\/guialimeira.com.br\/2024\/04\/02\/barroso-libera-para-julgamento-processo-sobre-foro-privilegiado\/"},"modified":"2024-04-02T23:38:52","modified_gmt":"2024-04-03T02:38:52","slug":"barroso-libera-para-julgamento-processo-sobre-foro-privilegiado","status":"publish","type":"post","link":"https:\/\/guialimeira.com.br\/news\/barroso-libera-para-julgamento-processo-sobre-foro-privilegiado\/","title":{"rendered":"Barroso libera para julgamento processo sobre foro privilegiado"},"content":{"rendered":"<p> <br \/>\n<\/p>\n<div>\n<p>O presidente do Supremo Tribunal Federal (STF), ministro Lu\u00eds Roberto Barroso, liberou nesta ter\u00e7a-feira (1\u00ba) para julgamento o processo que trata do foro privilegiado para pol\u00edticos.\u00a0<img data-recalc-dims=\"1\" decoding=\"async\" src=\"https:\/\/i0.wp.com\/agenciabrasil.ebc.com.br\/ebc.png?w=696&#038;ssl=1\" style=\"width:1px; height:1px; display:inline;\"\/><img data-recalc-dims=\"1\" decoding=\"async\" src=\"https:\/\/i0.wp.com\/agenciabrasil.ebc.com.br\/ebc.gif?w=696&#038;ssl=1\" style=\"width:1px; height:1px; display:inline;\"\/><\/p>\n<p>O julgamento foi suspenso na semana passada ap\u00f3s um pedido de vista de Barroso. A retomada do julgamento virtual ser\u00e1 no dia 12 de abril.\u00a0<\/p>\n<p>At\u00e9 o momento, o placar do julgamento est\u00e1 5 a 0 pela amplia\u00e7\u00e3o do foro por prerrogativa de fun\u00e7\u00e3o, nome t\u00e9cnico do foro privilegiado. O julgamento vai atingir deputados federais e senadores que respondem a processos na Corte.\u00a0<\/p>\n<p>O voto do ministro Gilmar Mendes, relator do caso, est\u00e1 prevalecendo no julgamento. Para o ministro, o foro privilegiado de um pol\u00edtico fica mantido se o crime tiver sido cometido durante o exerc\u00edcio da fun\u00e7\u00e3o de parlamentar. Essa \u00e9 a regra v\u00e1lida atualmente. Contudo, no caso de ren\u00fancia, n\u00e3o reelei\u00e7\u00e3o ou cassa\u00e7\u00e3o, o processo seria mantido no STF.\u00a0<\/p>\n<p>Al\u00e9m de Mendes, j\u00e1 votaram no mesmo sentido os ministros Dias Toffoli, Fl\u00e1vio Dino, Cristiano Zanin e Alexandre de Moraes.\u00a0<\/p>\n<p>A Corte julga um<em> habeas corpus<\/em> do senador Zequinha Marinho (Podemos-PA). O parlamentar \u00e9 acusado de \u201crachadinha\u201d, por ser suspeito de exigir parte do sal\u00e1rio de funcion\u00e1rios de seu gabinete, em 2013, quando ele era deputado federal.\u00a0<\/p>\n<p>Ao longo do tempo, o pol\u00edtico foi eleito vice-governador do Par\u00e1 e senador, e o processo foi transferido para\u00a0inst\u00e2ncias da Justi\u00e7a.\u00a0<\/p>\n<\/p><\/div>\n<p><br \/>\n<br \/><a href=\"https:\/\/agenciabrasil.ebc.com.br\/justica\/noticia\/2024-04\/barroso-libera-para-julgamento-processo-sobre-foro-privilegiado\" rel=\"noopener\">Ag\u00eancia Brasil<\/a><\/p>\n","protected":false},"excerpt":{"rendered":"<p>O presidente do Supremo Tribunal Federal (STF), ministro Lu\u00eds Roberto Barroso, liberou nesta ter\u00e7a-feira (1\u00ba) para julgamento o processo que trata do foro privilegiado para pol\u00edticos.\u00a0 O julgamento foi suspenso na semana passada ap\u00f3s um pedido de vista de Barroso. A retomada do julgamento virtual ser\u00e1 no dia 12 de abril.\u00a0 At\u00e9 o momento, o [&hellip;]<\/p>\n","protected":false},"author":1,"featured_media":795,"comment_status":"open","ping_status":"open","sticky":false,"template":"","format":"standard","meta":{"_jetpack_newsletter_access":"","_jetpack_dont_email_post_to_subs":false,"_jetpack_newsletter_tier_id":0,"_jetpack_memberships_contains_paywalled_content":false,"_mbp_banners":[],"_jetpack_feature_clip_id":0,"_jetpack_memberships_contains_paid_content":false,"footnotes":"","jetpack_publicize_message":"","jetpack_publicize_feature_enabled":true,"jetpack_social_post_already_shared":true,"jetpack_social_options":{"image_generator_settings":{"template":"highway","default_image_id":0,"font":"","enabled":false},"version":2},"jetpack_post_was_ever_published":false},"categories":[22],"tags":[],"class_list":["post-794","post","type-post","status-publish","format-standard","has-post-thumbnail","category-nacional"],"jetpack_publicize_connections":[],"jetpack-related-posts":[],"jetpack_shortlink":"https:\/\/wp.me\/p7Eq1F-cO","jetpack_sharing_enabled":true,"jetpack_featured_media_url":"https:\/\/i0.wp.com\/guialimeira.com.br\/news\/wp-content\/uploads\/2024\/04\/vac_abr2811235452.jpg?fit=1600%2C800&ssl=1","_links":{"self":[{"href":"https:\/\/guialimeira.com.br\/news\/wp-json\/wp\/v2\/posts\/794","targetHints":{"allow":["GET"]}}],"collection":[{"href":"https:\/\/guialimeira.com.br\/news\/wp-json\/wp\/v2\/posts"}],"about":[{"href":"https:\/\/guialimeira.com.br\/news\/wp-json\/wp\/v2\/types\/post"}],"author":[{"embeddable":true,"href":"https:\/\/guialimeira.com.br\/news\/wp-json\/wp\/v2\/users\/1"}],"replies":[{"embeddable":true,"href":"https:\/\/guialimeira.com.br\/news\/wp-json\/wp\/v2\/comments?post=794"}],"version-history":[{"count":0,"href":"https:\/\/guialimeira.com.br\/news\/wp-json\/wp\/v2\/posts\/794\/revisions"}],"wp:featuredmedia":[{"embeddable":true,"href":"https:\/\/guialimeira.com.br\/news\/wp-json\/wp\/v2\/media\/795"}],"wp:attachment":[{"href":"https:\/\/guialimeira.com.br\/news\/wp-json\/wp\/v2\/media?parent=794"}],"wp:term":[{"taxonomy":"category","embeddable":true,"href":"https:\/\/guialimeira.com.br\/news\/wp-json\/wp\/v2\/categories?post=794"},{"taxonomy":"post_tag","embeddable":true,"href":"https:\/\/guialimeira.com.br\/news\/wp-json\/wp\/v2\/tags?post=794"}],"curies":[{"name":"wp","href":"https:\/\/api.w.org\/{rel}","templated":true}]}}