{"id":7920,"date":"2024-06-08T07:50:43","date_gmt":"2024-06-08T10:50:43","guid":{"rendered":"https:\/\/guialimeira.com.br\/2024\/06\/08\/selecao-brasileira-encara-mexico-em-amistoso-neste-sabado-nos-eua\/"},"modified":"2024-06-08T07:50:43","modified_gmt":"2024-06-08T10:50:43","slug":"selecao-brasileira-encara-mexico-em-amistoso-neste-sabado-nos-eua","status":"publish","type":"post","link":"https:\/\/guialimeira.com.br\/news\/selecao-brasileira-encara-mexico-em-amistoso-neste-sabado-nos-eua\/","title":{"rendered":"Sele\u00e7\u00e3o brasileira encara M\u00e9xico em amistoso neste s\u00e1bado nos EUA"},"content":{"rendered":"<p> <br \/>\n<\/p>\n<div>\n<p>A sele\u00e7\u00e3o brasileira masculina de futebol entra em campo contra o M\u00e9xico na noite deste s\u00e1bado (8), no primeiro dos dois \u00faltimos amistosos antes da Copa Am\u00e9rica, que come\u00e7a daqui a 12 dias. O duelo ser\u00e1 no Est\u00e1dio Kyle Field &#8211; tradicional palco do futebol americano universit\u00e1rio, com capacidade para mais de 100 mil torcedores -, que pela primeira vez receber\u00e1 uma partida de futebol. O duelo, a partir das 21h30 (hor\u00e1rio de Bras\u00edlia), na cidade de\u00a0College Station,\u00a0 no Texas,\u00a0ter\u00e1 <a href=\"https:\/\/radios.ebc.com.br\/nacionalrioam\" rel=\"noopener\"><strong>transmiss\u00e3o ao vivo<\/strong><\/a> da <strong>R\u00e1dio Nacional,\u00a0<\/strong>com narra\u00e7\u00e3o de\u00a0Rodrigo Campos, coment\u00e1rios de Waldir Luiz e reportagem de\u00a0Rafael Monteiro.<img data-recalc-dims=\"1\" decoding=\"async\" src=\"https:\/\/i0.wp.com\/agenciabrasil.ebc.com.br\/ebc.png?w=696&#038;ssl=1\" style=\"width:1px; height:1px; display:inline;\"\/><img data-recalc-dims=\"1\" decoding=\"async\" src=\"https:\/\/i0.wp.com\/agenciabrasil.ebc.com.br\/ebc.gif?w=696&#038;ssl=1\" style=\"width:1px; height:1px; display:inline;\"\/><\/p>\n<div class=\"dnd-widget-wrapper context-cheio_8colunas type-image\">\n<div class=\"dnd-atom-rendered\"><!-- scald=388466:cheio_8colunas --><\/p>\n<div class=\"shadow overflow-hidden rounded-lg d-block w-100\">\n            <img data-recalc-dims=\"1\" decoding=\"async\" src=\"https:\/\/i0.wp.com\/agenciabrasil.ebc.com.br\/sites\/default\/files\/thumbnails\/image\/loading_v2.gif?w=696&#038;ssl=1\" data-echo=\"https:\/\/imagens.ebc.com.br\/0aKZsp9JJ-C8189502o9oN-oUGA=\/754x0\/smart\/https:\/\/agenciabrasil.ebc.com.br\/sites\/default\/files\/thumbnails\/image\/2024\/06\/07\/treino_selecao_fut_eua_amistosos_06_2024.jpg?itok=SIoP0o15\" alt=\"treino da sele\u00e7\u00e3o brasileira antes dos dois \u00faltimos amistosos preparat\u00f3rios para a Copa Am\u00e9rica - em 06\/06\/2024\" title=\"Rafael Ribeiro\/CBF\/Direitos Reservados\" class=\"flex-fill img-cover\"\/><br \/>\n        <img data-recalc-dims=\"1\" decoding=\"async\" src=\"https:\/\/i0.wp.com\/imagens.ebc.com.br\/0aKZsp9JJ-C8189502o9oN-oUGA%3D\/754x0\/smart\/https%3A\/\/agenciabrasil.ebc.com.br\/sites\/default\/files\/thumbnails\/image\/2024\/06\/07\/treino_selecao_fut_eua_amistosos_06_2024.jpg?w=696&#038;ssl=1\" alt=\"treino da sele\u00e7\u00e3o brasileira antes dos dois \u00faltimos amistosos preparat\u00f3rios para a Copa Am\u00e9rica - em 06\/06\/2024\" title=\"Rafael Ribeiro\/CBF\/Direitos Reservados\" class=\"flex-fill img-cover\"\/>\n    <\/div>\n<p><!-- END scald=388466 --><\/div>\n<div class=\"dnd-caption-wrapper\">\n<p>Durante os treinos durante a semana em Orlando (Fl\u00f3rida), o t\u00e9cnico Dorival J\u00fanior testou v\u00e1rias forma\u00e7\u00f5es da equipe, visando os dois \u00faltimos amistosos da Data Fifa\u00a0\u00a0<strong>Rafael Ribeiro\/CBF\/Direitos Reservados<\/strong><!--END copyright=388466--><\/p>\n<\/div>\n<\/div>\n<p>O \u00faltimo embate entre as equipes foi h\u00e1 mais de seis anos, na Copa do Mundo da R\u00fassia, quando os brasileiros derrotaram os mexicanos por 2 a 0 nas oitavas de final.<\/p>\n<p>O jogo desta noite ser\u00e1 o terceiro da sele\u00e7\u00e3o sob comando do t\u00e9cnico Dorival J\u00fanior. Em mar\u00e7o, na primeira Data Fifa do ano, o Brasil venceu a Inglaterra no Est\u00e1dio de Wembley, com gol de Endrick. Na segunda partida, arrancou um empate em 3 a 3 com a Espanha, no est\u00e1dio Santiago Bernab\u00e9u, em Madri.<\/p>\n<p>Durante os treinos da sele\u00e7\u00e3o ao longo da semana em Orlando (Fl\u00f3rida), <strong><a href=\"https:\/\/agenciabrasil.ebc.com.br\/esportes\/noticia\/2024-05\/dorival-junior-convoca-selecao-renovada-para-disputa-da-copa-america\" rel=\"noopener\">com os 26 convocados,<\/a><\/strong>\u00a0Dorival J\u00fanior montou a equipe com v\u00e1rias forma\u00e7\u00f5es. Esta noite a prov\u00e1vel escala\u00e7\u00e3o do Brasil dever ser com Alisson, Danilo, \u00c9der Milit\u00e3o, Marquinhos e Wendell; Jo\u00e3o Gomes, Bruno Guimar\u00e3es \u00a0e Lucas Paquet\u00e1; Rodrygo, Vini J\u00fanior e Endrick.<\/p>\n<p>O segundo e \u00faltimo amistoso preparat\u00f3rio para a Copa Am\u00e9rica ser\u00e1 contra os Estados Unidos, na pr\u00f3xima quarta-feira (12). O Brasil estreia na Copa Am\u00e9rica no\u00a0dia 24 de junho, contra a Costa Rica, em Los Angeles, em partida pelo Grupo D, que tem ainda Col\u00f4mbia e Paraguai.\u00a0<\/p>\n<\/p><\/div>\n<p><br \/>\n<br \/><a href=\"https:\/\/agenciabrasil.ebc.com.br\/esportes\/noticia\/2024-06\/selecao-brasileira-encara-mexico-em-amistoso-neste-sabado-nos-eua\" rel=\"noopener\">Ag\u00eancia Brasil<\/a><\/p>\n","protected":false},"excerpt":{"rendered":"<p>A sele\u00e7\u00e3o brasileira masculina de futebol entra em campo contra o M\u00e9xico na noite deste s\u00e1bado (8), no primeiro dos dois \u00faltimos amistosos antes da Copa Am\u00e9rica, que come\u00e7a daqui a 12 dias. O duelo ser\u00e1 no Est\u00e1dio Kyle Field &#8211; tradicional palco do futebol americano universit\u00e1rio, com capacidade para mais de 100 mil torcedores [&hellip;]<\/p>\n","protected":false},"author":1,"featured_media":7921,"comment_status":"open","ping_status":"open","sticky":false,"template":"","format":"standard","meta":{"_jetpack_newsletter_access":"","_jetpack_dont_email_post_to_subs":false,"_jetpack_newsletter_tier_id":0,"_jetpack_memberships_contains_paywalled_content":false,"_mbp_banners":[],"_jetpack_feature_clip_id":0,"_jetpack_memberships_contains_paid_content":false,"footnotes":"","jetpack_publicize_message":"","jetpack_publicize_feature_enabled":true,"jetpack_social_post_already_shared":true,"jetpack_social_options":{"image_generator_settings":{"template":"highway","default_image_id":0,"font":"","enabled":false},"version":2},"jetpack_post_was_ever_published":false},"categories":[23],"tags":[],"class_list":["post-7920","post","type-post","status-publish","format-standard","has-post-thumbnail","category-esportes"],"jetpack_publicize_connections":[],"jetpack-related-posts":[],"jetpack_shortlink":"https:\/\/wp.me\/p7Eq1F-23K","jetpack_sharing_enabled":true,"jetpack_featured_media_url":"https:\/\/i0.wp.com\/guialimeira.com.br\/news\/wp-content\/uploads\/2024\/06\/selecao_brasileira_futebol_masculina.jpg?fit=1600%2C800&ssl=1","_links":{"self":[{"href":"https:\/\/guialimeira.com.br\/news\/wp-json\/wp\/v2\/posts\/7920","targetHints":{"allow":["GET"]}}],"collection":[{"href":"https:\/\/guialimeira.com.br\/news\/wp-json\/wp\/v2\/posts"}],"about":[{"href":"https:\/\/guialimeira.com.br\/news\/wp-json\/wp\/v2\/types\/post"}],"author":[{"embeddable":true,"href":"https:\/\/guialimeira.com.br\/news\/wp-json\/wp\/v2\/users\/1"}],"replies":[{"embeddable":true,"href":"https:\/\/guialimeira.com.br\/news\/wp-json\/wp\/v2\/comments?post=7920"}],"version-history":[{"count":0,"href":"https:\/\/guialimeira.com.br\/news\/wp-json\/wp\/v2\/posts\/7920\/revisions"}],"wp:featuredmedia":[{"embeddable":true,"href":"https:\/\/guialimeira.com.br\/news\/wp-json\/wp\/v2\/media\/7921"}],"wp:attachment":[{"href":"https:\/\/guialimeira.com.br\/news\/wp-json\/wp\/v2\/media?parent=7920"}],"wp:term":[{"taxonomy":"category","embeddable":true,"href":"https:\/\/guialimeira.com.br\/news\/wp-json\/wp\/v2\/categories?post=7920"},{"taxonomy":"post_tag","embeddable":true,"href":"https:\/\/guialimeira.com.br\/news\/wp-json\/wp\/v2\/tags?post=7920"}],"curies":[{"name":"wp","href":"https:\/\/api.w.org\/{rel}","templated":true}]}}