{"id":7912,"date":"2024-06-07T22:52:44","date_gmt":"2024-06-08T01:52:44","guid":{"rendered":"https:\/\/guialimeira.com.br\/2024\/06\/07\/ecocoletores-recebem-novo-uniforme-e-epis\/"},"modified":"2024-06-07T22:52:44","modified_gmt":"2024-06-08T01:52:44","slug":"ecocoletores-recebem-novo-uniforme-e-epis","status":"publish","type":"post","link":"https:\/\/guialimeira.com.br\/news\/ecocoletores-recebem-novo-uniforme-e-epis\/","title":{"rendered":"Ecocoletores recebem novo uniforme e EPIs"},"content":{"rendered":"<p> <br \/>\n<\/p>\n<div>\n            <main class=\"\">&#13;<br \/>\n                &#13;<br \/>\n&#13;<br \/>\n&#13;<br \/>\n&#13;<br \/>\n    <img data-recalc-dims=\"1\" decoding=\"async\" src=\"https:\/\/i0.wp.com\/ecrie.com.br\/sistema\/conteudos\/imagem\/m_137_0_1_07062024152737.jpg?w=696&#038;ssl=1\" alt=\"Ecocoletores recebem novo uniforme e EPIs\"\/>&#13;<br \/>\n&#13;<\/p>\n<p style=\"text-align: justify;\" align=\"justify\">O prefeito Mario Botion, a vice-prefeita Erika Tank e a presidente do Ceprosom Maria Auc\u00e9lia Damaceno participaram hoje (7) da entrega de uniformes e Equipamentos de Prote\u00e7\u00e3o Individual (EPI), como colete, luva e touca, para ecocoletores do projeto Reciclar Solid\u00e1rio \u2013 parceria com as empresas Forty e Romar\u00e9llo. A a\u00e7\u00e3o reuniu cerca de 65 pessoas no Bosque Prefeita Maria Thereza. \u201cVoc\u00eas t\u00eam um papel fundamental para o processo de reciclagem. O nosso agradecimento a todos os ecocoletores que fazem parte deste projeto\u201d, destacou o prefeito Mario Botion.<\/p>\n<p>&#13;<\/p>\n<p style=\"text-align: justify;\" align=\"justify\">Atualmente, a iniciativa conta com 98 ecocoletores que recolhem em m\u00e9dia oito toneladas de produtos reciclados por m\u00eas. \u201cO projeto Reciclar Solid\u00e1rio vai al\u00e9m da coleta seletiva e da reciclagem, trata-se de um trabalho de preserva\u00e7\u00e3o do meio ambiente e de gera\u00e7\u00e3o de renda para v\u00e1rias fam\u00edlias\u201d, afirmou a vice-prefeita Erika Tank.<\/p>\n<p>&#13;<\/p>\n<p style=\"text-align: justify;\" align=\"justify\">O encontro tamb\u00e9m integrou as comemora\u00e7\u00f5es do Dia Mundial do Meio Ambiente, celebrado em 5 de junho, e o encerramento do 1\u00ba semestre das atividades do projeto. Na ocasi\u00e3o, os ecocoletores tiveram um caf\u00e9 da manh\u00e3 especial e receberam informa\u00e7\u00f5es sobre como utilizar e conservar os EPIs. \u201cOs ecocoletores recebem frequentemente orienta\u00e7\u00f5es sobre educa\u00e7\u00e3o ambiental, seguran\u00e7a no trabalho, entre outros temas\u201d, explicou a presidente do Ceprosom, Maria Auc\u00e9lia Damaceno.<\/p>\n<p>&#13;<\/p>\n<p style=\"text-align: justify;\" align=\"justify\">Tamb\u00e9m estiveram presentes na a\u00e7\u00e3o a assistente social do projeto Reciclar Solid\u00e1rio Rita de C\u00e1ssia Miranda e o bi\u00f3logo Rog\u00e9rio Mesquita.<\/p>\n<p>&#13;<\/p>\n<p style=\"text-align: justify;\" align=\"justify\">\u00a0<\/p>\n<p>&#13;<br \/>\n&#13;<br \/>\n&#13;<br \/>\n&#13;<\/p>\n<aside class=\"list-related no-print\">&#13;<br \/>\n        &#13;<br \/>\n&#13;<\/p>\n<article class=\"list-item noticias \">&#13;<br \/>\n                    <a class=\"list-item__img\" href=\"https:\/\/limeira.sp.gov.br\/imprensa\/noticias\/ceprosom\/procon-orienta-sobre-golpes-virtuais-alunos-do-senac-participam-de-palestra\" tabindex=\"-1\" aria-hidden=\"true\" rel=\"noopener\">&#13;<br \/>\n                        <img data-recalc-dims=\"1\" decoding=\"async\" src=\"https:\/\/i0.wp.com\/ecrie.com.br\/sistema\/conteudos\/imagem\/m_137_0_1_06062024141047.jpg?w=696&#038;ssl=1\" alt=\"Procon orienta sobre golpes virtuais; alunos do Senac participam de palestra\"\/>&#13;<br \/>\n                    <\/a>&#13;<br \/>\n&#13;<br \/>\n                &#13;<br \/>\n            <\/article>\n<p>&#13;<\/p>\n<article class=\"list-item noticias \">&#13;<br \/>\n                    <a class=\"list-item__img\" href=\"https:\/\/limeira.sp.gov.br\/imprensa\/noticias\/ceprosom\/nac-realiza-mais-de-105-milatendimentos-em-12-meses\" tabindex=\"-1\" aria-hidden=\"true\" rel=\"noopener\">&#13;<br \/>\n                        <img data-recalc-dims=\"1\" decoding=\"async\" src=\"https:\/\/i0.wp.com\/ecrie.com.br\/sistema\/conteudos\/imagem\/m_137_0_1_06062024110013.png?w=696&#038;ssl=1\" alt=\"NAC realiza mais de 105 mil\u00a0atendimentos em 12 meses\"\/>&#13;<br \/>\n                    <\/a>&#13;<br \/>\n&#13;<br \/>\n                &#13;<br \/>\n            <\/article>\n<p>&#13;<\/p>\n<article class=\"list-item noticias \">&#13;<br \/>\n                    <a class=\"list-item__img\" href=\"https:\/\/limeira.sp.gov.br\/imprensa\/noticias\/ceprosom\/confira-os-servicos-municipais-no-feriado-de-corpuschristi\" tabindex=\"-1\" aria-hidden=\"true\" rel=\"noopener\">&#13;<br \/>\n                        <img data-recalc-dims=\"1\" decoding=\"async\" src=\"https:\/\/i0.wp.com\/ecrie.com.br\/sistema\/conteudos\/imagem\/m_137_0_1_27052024143547.jpg?w=696&#038;ssl=1\" alt=\"Confira os servi\u00e7os municipais no feriado de Corpus\u00a0Christi\"\/>&#13;<br \/>\n                    <\/a>&#13;<br \/>\n&#13;<br \/>\n                &#13;<br \/>\n            <\/article>\n<p>&#13;<br \/>\n    <\/aside>\n<p>&#13;<br \/>\n&#13;<br \/>\n            <\/main><\/p><\/div>\n<p><br \/>\n<br \/><a href=\"https:\/\/limeira.sp.gov.br\/ecocoletores-recebem-novo-uniforme-e-epis\" rel=\"noopener\">Informa\u00e7\u00f5es da PML <\/a><\/p>\n","protected":false},"excerpt":{"rendered":"<p>&#13; &#13; &#13; &#13; &#13; &#13; &#13; O prefeito Mario Botion, a vice-prefeita Erika Tank e a presidente do Ceprosom Maria Auc\u00e9lia Damaceno participaram hoje (7) da entrega de uniformes e Equipamentos de Prote\u00e7\u00e3o Individual (EPI), como colete, luva e touca, para ecocoletores do projeto Reciclar Solid\u00e1rio \u2013 parceria com as empresas Forty e Romar\u00e9llo. [&hellip;]<\/p>\n","protected":false},"author":1,"featured_media":7913,"comment_status":"open","ping_status":"open","sticky":false,"template":"","format":"standard","meta":{"_jetpack_newsletter_access":"","_jetpack_dont_email_post_to_subs":false,"_jetpack_newsletter_tier_id":0,"_jetpack_memberships_contains_paywalled_content":false,"_mbp_banners":[],"_jetpack_feature_clip_id":0,"_jetpack_memberships_contains_paid_content":false,"footnotes":"","jetpack_publicize_message":"","jetpack_publicize_feature_enabled":true,"jetpack_social_post_already_shared":true,"jetpack_social_options":{"image_generator_settings":{"template":"highway","default_image_id":0,"font":"","enabled":false},"version":2},"jetpack_post_was_ever_published":false},"categories":[16],"tags":[],"class_list":["post-7912","post","type-post","status-publish","format-standard","has-post-thumbnail","category-local"],"jetpack_publicize_connections":[],"jetpack-related-posts":[],"jetpack_shortlink":"https:\/\/wp.me\/p7Eq1F-23C","jetpack_sharing_enabled":true,"jetpack_featured_media_url":"https:\/\/i0.wp.com\/guialimeira.com.br\/news\/wp-content\/uploads\/2024\/06\/m_137_0_1_07062024152737.jpg?fit=1280%2C852&ssl=1","_links":{"self":[{"href":"https:\/\/guialimeira.com.br\/news\/wp-json\/wp\/v2\/posts\/7912","targetHints":{"allow":["GET"]}}],"collection":[{"href":"https:\/\/guialimeira.com.br\/news\/wp-json\/wp\/v2\/posts"}],"about":[{"href":"https:\/\/guialimeira.com.br\/news\/wp-json\/wp\/v2\/types\/post"}],"author":[{"embeddable":true,"href":"https:\/\/guialimeira.com.br\/news\/wp-json\/wp\/v2\/users\/1"}],"replies":[{"embeddable":true,"href":"https:\/\/guialimeira.com.br\/news\/wp-json\/wp\/v2\/comments?post=7912"}],"version-history":[{"count":0,"href":"https:\/\/guialimeira.com.br\/news\/wp-json\/wp\/v2\/posts\/7912\/revisions"}],"wp:featuredmedia":[{"embeddable":true,"href":"https:\/\/guialimeira.com.br\/news\/wp-json\/wp\/v2\/media\/7913"}],"wp:attachment":[{"href":"https:\/\/guialimeira.com.br\/news\/wp-json\/wp\/v2\/media?parent=7912"}],"wp:term":[{"taxonomy":"category","embeddable":true,"href":"https:\/\/guialimeira.com.br\/news\/wp-json\/wp\/v2\/categories?post=7912"},{"taxonomy":"post_tag","embeddable":true,"href":"https:\/\/guialimeira.com.br\/news\/wp-json\/wp\/v2\/tags?post=7912"}],"curies":[{"name":"wp","href":"https:\/\/api.w.org\/{rel}","templated":true}]}}