{"id":7908,"date":"2024-06-07T21:51:45","date_gmt":"2024-06-08T00:51:45","guid":{"rendered":"https:\/\/guialimeira.com.br\/2024\/06\/07\/caes-e-gatos-poderao-ser-adotados-no-prefeito-no-bairro-deste-sabado-8\/"},"modified":"2024-06-07T21:51:45","modified_gmt":"2024-06-08T00:51:45","slug":"caes-e-gatos-poderao-ser-adotados-no-prefeito-no-bairro-deste-sabado-8","status":"publish","type":"post","link":"https:\/\/guialimeira.com.br\/news\/caes-e-gatos-poderao-ser-adotados-no-prefeito-no-bairro-deste-sabado-8\/","title":{"rendered":"C\u00e3es e gatos poder\u00e3o ser adotados no Prefeito no Bairro deste s\u00e1bado (8)"},"content":{"rendered":"<p> <br \/>\n<\/p>\n<div>\n            <main class=\"\">&#13;<br \/>\n                &#13;<br \/>\n&#13;<br \/>\n&#13;<br \/>\n&#13;<br \/>\n    <img data-recalc-dims=\"1\" decoding=\"async\" src=\"https:\/\/i0.wp.com\/ecrie.com.br\/sistema\/conteudos\/imagem\/m_137_0_1_07062024153735.jpg?w=696&#038;ssl=1\" alt=\"C\u00e3es e gatos poder\u00e3o ser adotados no Prefeito no Bairro deste s\u00e1bado (8)\"\/>&#13;<br \/>\n&#13;<\/p>\n<p>Um dos destaques do Prefeito no Bairro, que ocorre neste s\u00e1bado (8), no Parque Cidade (ao lado do V\u00f4 Lucato), ser\u00e1 o evento de ado\u00e7\u00e3o de c\u00e3es e gatos. Segundo o Departamento de Prote\u00e7\u00e3o e Bem-Estar Animal (Dpbea), ligado \u00e0 Secretaria de Meio Ambiente e Agricultura de Limeira, ser\u00e3o disponibilizados 25 animais, no per\u00edodo das 9h \u00e0s 12h. Para levar um animalzinho para casa, \u00e9 necess\u00e1rio ter mais de 18 anos e apresentar RG, CPF e comprovante de endere\u00e7o. Tamb\u00e9m \u00e9 preciso ter coleira com guia, para ado\u00e7\u00e3o de c\u00e3es, e uma caixa de transporte, para os gatos.\u00a0<\/p>\n<p>&#13;<\/p>\n<p>O Prefeito no Bairro\u00a0reunir\u00e1 no Parque cidade diversos servi\u00e7os municipais, como Empregabilidade 360\u00b0, microchipagem de c\u00e3es e gatos, doa\u00e7\u00e3o de mudas e educa\u00e7\u00e3o ambiental. Na \u00e1rea de Sa\u00fade, haver\u00e1 vacina\u00e7\u00e3o contra gripe e covid-19, aferi\u00e7\u00e3o de press\u00e3o arterial e orienta\u00e7\u00e3o para preven\u00e7\u00e3o e controle do diabetes. Para as crian\u00e7as, ser\u00e1 distribu\u00edda pipoca e algod\u00e3o-doce. Os interessados em se cadastrar no programa Empregabilidade 360\u00b0 devem apresentar RG, CPF, curr\u00edculo e carteira de trabalho.\u00a0<\/p>\n<p>&#13;<br \/>\n&#13;<br \/>\n&#13;<br \/>\n&#13;<\/p>\n<aside class=\"list-related no-print\">&#13;<br \/>\n        &#13;<br \/>\n&#13;<\/p>\n<article class=\"list-item noticias \">&#13;<br \/>\n                    <a class=\"list-item__img\" href=\"https:\/\/limeira.sp.gov.br\/imprensa\/noticias\/gabinete-do-prefeito\/avanca-interligacao-entre-santa-eulalia-e-gustavo-peccinini-local-tera-estrutura-de-lazer-e-esporte\" tabindex=\"-1\" aria-hidden=\"true\" rel=\"noopener\">&#13;<br \/>\n                        <img data-recalc-dims=\"1\" decoding=\"async\" src=\"https:\/\/i0.wp.com\/ecrie.com.br\/sistema\/conteudos\/imagem\/m_137_1_3_07062024160252.jpg?w=696&#038;ssl=1\" alt=\"Avan\u00e7a interliga\u00e7\u00e3o entre Santa Eul\u00e1lia e Gustavo Peccinini; local ter\u00e1 estrutura de lazer e esporte\"\/>&#13;<br \/>\n                    <\/a>&#13;<br \/>\n&#13;<br \/>\n                &#13;<br \/>\n            <\/article>\n<p>&#13;<\/p>\n<article class=\"list-item noticias \">&#13;<br \/>\n                    <a class=\"list-item__img\" href=\"https:\/\/limeira.sp.gov.br\/imprensa\/noticias\/gabinete-do-prefeito\/trecho-do-anel-viario-sera-recapeado-investimento-soma-r-13-milhao\" tabindex=\"-1\" aria-hidden=\"true\" rel=\"noopener\">&#13;<br \/>\n                        <img data-recalc-dims=\"1\" decoding=\"async\" src=\"https:\/\/i0.wp.com\/ecrie.com.br\/sistema\/conteudos\/imagem\/m_137_0_1_07062024164213.jpg?w=696&#038;ssl=1\" alt=\"Trecho do Anel Vi\u00e1rio ser\u00e1 recapeado; investimento soma R$ 1,3 milh\u00e3o\"\/>&#13;<br \/>\n                    <\/a>&#13;<br \/>\n&#13;<br \/>\n                &#13;<br \/>\n            <\/article>\n<p>&#13;<\/p>\n<article class=\"list-item noticias \">&#13;<br \/>\n                    <a class=\"list-item__img\" href=\"https:\/\/limeira.sp.gov.br\/imprensa\/noticias\/gabinete-do-prefeito\/duque-de-caxias-sera-totalmente-liberada-ao-transito-nesta-sexta-7\" tabindex=\"-1\" aria-hidden=\"true\" rel=\"noopener\">&#13;<br \/>\n                        <img data-recalc-dims=\"1\" decoding=\"async\" src=\"https:\/\/i0.wp.com\/ecrie.com.br\/sistema\/conteudos\/imagem\/m_137_0_1_07062024162621.jpg?w=696&#038;ssl=1\" alt=\"Duque de Caxias ser\u00e1 totalmente liberada ao tr\u00e2nsito nesta sexta (7)\"\/>&#13;<br \/>\n                    <\/a>&#13;<br \/>\n&#13;<br \/>\n                &#13;<br \/>\n            <\/article>\n<p>&#13;<br \/>\n    <\/aside>\n<p>&#13;<br \/>\n&#13;<br \/>\n            <\/main><\/p><\/div>\n<p><br \/>\n<br \/><a href=\"https:\/\/limeira.sp.gov.br\/caes-e-gatos-poderao-ser-adotados-no-prefeito-no-bairro-deste-sabado-8\" rel=\"noopener\">Informa\u00e7\u00f5es da PML <\/a><\/p>\n","protected":false},"excerpt":{"rendered":"<p>&#13; &#13; &#13; &#13; &#13; &#13; &#13; Um dos destaques do Prefeito no Bairro, que ocorre neste s\u00e1bado (8), no Parque Cidade (ao lado do V\u00f4 Lucato), ser\u00e1 o evento de ado\u00e7\u00e3o de c\u00e3es e gatos. Segundo o Departamento de Prote\u00e7\u00e3o e Bem-Estar Animal (Dpbea), ligado \u00e0 Secretaria de Meio Ambiente e Agricultura de Limeira, [&hellip;]<\/p>\n","protected":false},"author":1,"featured_media":7909,"comment_status":"open","ping_status":"open","sticky":false,"template":"","format":"standard","meta":{"_jetpack_newsletter_access":"","_jetpack_dont_email_post_to_subs":false,"_jetpack_newsletter_tier_id":0,"_jetpack_memberships_contains_paywalled_content":false,"_mbp_banners":[],"_jetpack_feature_clip_id":0,"_jetpack_memberships_contains_paid_content":false,"footnotes":"","jetpack_publicize_message":"","jetpack_publicize_feature_enabled":true,"jetpack_social_post_already_shared":true,"jetpack_social_options":{"image_generator_settings":{"template":"highway","default_image_id":0,"font":"","enabled":false},"version":2},"jetpack_post_was_ever_published":false},"categories":[16],"tags":[],"class_list":["post-7908","post","type-post","status-publish","format-standard","has-post-thumbnail","category-local"],"jetpack_publicize_connections":[],"jetpack-related-posts":[],"jetpack_shortlink":"https:\/\/wp.me\/p7Eq1F-23y","jetpack_sharing_enabled":true,"jetpack_featured_media_url":"https:\/\/i0.wp.com\/guialimeira.com.br\/news\/wp-content\/uploads\/2024\/06\/m_137_0_1_07062024153735.jpg?fit=1280%2C852&ssl=1","_links":{"self":[{"href":"https:\/\/guialimeira.com.br\/news\/wp-json\/wp\/v2\/posts\/7908","targetHints":{"allow":["GET"]}}],"collection":[{"href":"https:\/\/guialimeira.com.br\/news\/wp-json\/wp\/v2\/posts"}],"about":[{"href":"https:\/\/guialimeira.com.br\/news\/wp-json\/wp\/v2\/types\/post"}],"author":[{"embeddable":true,"href":"https:\/\/guialimeira.com.br\/news\/wp-json\/wp\/v2\/users\/1"}],"replies":[{"embeddable":true,"href":"https:\/\/guialimeira.com.br\/news\/wp-json\/wp\/v2\/comments?post=7908"}],"version-history":[{"count":0,"href":"https:\/\/guialimeira.com.br\/news\/wp-json\/wp\/v2\/posts\/7908\/revisions"}],"wp:featuredmedia":[{"embeddable":true,"href":"https:\/\/guialimeira.com.br\/news\/wp-json\/wp\/v2\/media\/7909"}],"wp:attachment":[{"href":"https:\/\/guialimeira.com.br\/news\/wp-json\/wp\/v2\/media?parent=7908"}],"wp:term":[{"taxonomy":"category","embeddable":true,"href":"https:\/\/guialimeira.com.br\/news\/wp-json\/wp\/v2\/categories?post=7908"},{"taxonomy":"post_tag","embeddable":true,"href":"https:\/\/guialimeira.com.br\/news\/wp-json\/wp\/v2\/tags?post=7908"}],"curies":[{"name":"wp","href":"https:\/\/api.w.org\/{rel}","templated":true}]}}