{"id":790,"date":"2024-04-02T22:37:50","date_gmt":"2024-04-03T01:37:50","guid":{"rendered":"https:\/\/guialimeira.com.br\/2024\/04\/02\/conselho-de-direitos-humanos-reabre-caso-rubens-paiva\/"},"modified":"2024-04-02T22:37:50","modified_gmt":"2024-04-03T01:37:50","slug":"conselho-de-direitos-humanos-reabre-caso-rubens-paiva","status":"publish","type":"post","link":"https:\/\/guialimeira.com.br\/news\/conselho-de-direitos-humanos-reabre-caso-rubens-paiva\/","title":{"rendered":"Conselho de Direitos Humanos reabre caso Rubens Paiva"},"content":{"rendered":"<p> <br \/>\n<\/p>\n<div>\n<p>O Conselho Nacional de Direitos Humanos (CNDH) reabriu nesta ter\u00e7a-feira\u00a0(2) processo para investigar o assassinato do ex-deputado federal e engenheiro civil Rubens Paiva. Ele foi preso, torturado e morto pela ditadura militar em 1971. Tido como desaparecido por 40 anos, teve a morte confirmada em decorr\u00eancia dos trabalhos da Comiss\u00e3o Nacional da Verdade, conclu\u00edda em 2014.<img data-recalc-dims=\"1\" decoding=\"async\" src=\"https:\/\/i0.wp.com\/agenciabrasil.ebc.com.br\/ebc.png?w=696&#038;ssl=1\" style=\"width:1px; height:1px; display:inline;\"\/><img data-recalc-dims=\"1\" decoding=\"async\" src=\"https:\/\/i0.wp.com\/agenciabrasil.ebc.com.br\/ebc.gif?w=696&#038;ssl=1\" style=\"width:1px; height:1px; display:inline;\"\/><\/p>\n<p>Na \u00e9poca, ainda em 1971, o caso foi arquivado pelo Conselho de Defesa dos Direitos da Pessoa Humana (CDDPH), que cumpria fun\u00e7\u00e3o semelhante ao CNDH. A vota\u00e7\u00e3o ficou empatada e coube ao presidente do Conselho, o ent\u00e3o ministro da Justi\u00e7a, Alfredo Buzaid, o voto de desempate para arquivar o caso. Anos depois, ainda no per\u00edodo da ditadura, a representante da Associa\u00e7\u00e3o Brasileira de Educa\u00e7\u00e3o (ABE) disse que votou pelo arquivamento por ter sido pressionada por outros membros do conselho e por militares.<\/p>\n<p>A sess\u00e3o desta ter\u00e7a-feira teve a presen\u00e7a de familiares de Rubens Paiva, como a filha Vera Paiva. A reabertura do processo foi proposta pela presidente do CNDH, Marina Dermman, e teve concord\u00e2ncia de quase todos. Apenas a representante do Minist\u00e9rio da Justi\u00e7a, Roseli Faria, se absteve, porque a pasta n\u00e3o conseguiu fechar um posicionamento sobre o assunto a tempo.<\/p>\n<p>&#8220;Eu vou desconfortavelmente me abster, mas deixar claro que quero acompanhar a reabertura, a investiga\u00e7\u00e3o e a justi\u00e7a. Porque, como todos aqui, queremos ver um pa\u00eds em que a mem\u00f3ria seja respeitada e a justi\u00e7a seja feita&#8221;, explicou Roseli Faria.<\/p>\n<p>O conselheiro H\u00e9lio Leit\u00e3o, que integra o grupo como representante do Conselho Federal da Ordem dos Advogados do Brasil (OAB), disse que a reabertura do caso \u00e9 representativa no contexto de lembran\u00e7a dos 60 anos do golpe militar.<\/p>\n<p>\u201c\u00c9 um caso muito caro ao Conselho, porque ficou essa d\u00edvida junto \u00e0 sociedade. As pol\u00edticas de verdade, mem\u00f3ria, justi\u00e7a e repara\u00e7\u00e3o sofreram imenso retrocesso nos anos de governo Bolsonaro, quando pol\u00edticas foram desmontadas e destru\u00eddas. Temos a compreens\u00e3o de que esse caso carrega um simbolismo imenso\u201d, disse H\u00e9lio Leit\u00e3o. \u201cDevemos seguir na recupera\u00e7\u00e3o da verdade, na responsabiliza\u00e7\u00e3o dos culpados e na busca pelos restos mortais de Rubens Paiva\u201d.<\/p>\n<p>Os elementos que forem coletados no novo processo ser\u00e3o encaminhados para o Minist\u00e9rio P\u00fablico Federal e para as inst\u00e2ncias oficiais de apura\u00e7\u00e3o. O entendimento do conselheiro H\u00e9lio Leit\u00e3o \u00e9 de que a Lei da Anistia, de 1979, n\u00e3o protege torturadores e assassinos da ditadura militar.<\/p>\n<p>\u201cO Estado brasileiro j\u00e1 sofreu duas condena\u00e7\u00f5es por n\u00e3o punir agentes da ditadura e os violadores dos direitos humanos no per\u00edodo: no caso Araguaia e no caso Vladimir Herzog, ambos na Corte Interamericana de Direitos Humanos. Temos a compreens\u00e3o, afinados com a jurisprud\u00eancia internacional, de que esse tipo de crime \u00e9 imprescrit\u00edvel\u201d, disse o advogado.<\/p>\n<p>Rubens Paiva foi eleito deputado federal em 1962, por S\u00e3o Paulo, pelo Partido Trabalhista Brasileiro (PTB). Quando veio o golpe militar, fez discurso p\u00fablico convocando a popula\u00e7\u00e3o a defender a democracia. Perseguido pelos militares, viveu como exilado na Iugosl\u00e1via e na Fran\u00e7a por nove meses. Quando voltou ao Brasil, manteve o trabalho como engenheiro e a milit\u00e2ncia contra a ditadura. Preso em 20 de janeiro de 1971, nunca mais foi visto. Esposa e filha foram levadas para o DOI-Codi, mas n\u00e3o viram Rubens Paiva.<\/p>\n<p><em>*\u00a0Colaborou T\u00e2mara Freire, da R\u00e1dio Nacional<\/em><\/p>\n<p><em>Mat\u00e9ria ampliada \u00e0s 20h02 para inclus\u00e3o do posicionamento do Minist\u00e9rio da Justi\u00e7a<\/em><\/p>\n<\/p><\/div>\n<p><br \/>\n<br \/><a href=\"https:\/\/agenciabrasil.ebc.com.br\/direitos-humanos\/noticia\/2024-04\/conselho-de-direitos-humanos-reabre-caso-rubens-paiva\" rel=\"noopener\">Ag\u00eancia Brasil<\/a><\/p>\n","protected":false},"excerpt":{"rendered":"<p>O Conselho Nacional de Direitos Humanos (CNDH) reabriu nesta ter\u00e7a-feira\u00a0(2) processo para investigar o assassinato do ex-deputado federal e engenheiro civil Rubens Paiva. Ele foi preso, torturado e morto pela ditadura militar em 1971. Tido como desaparecido por 40 anos, teve a morte confirmada em decorr\u00eancia dos trabalhos da Comiss\u00e3o Nacional da Verdade, conclu\u00edda em [&hellip;]<\/p>\n","protected":false},"author":1,"featured_media":791,"comment_status":"open","ping_status":"open","sticky":false,"template":"","format":"standard","meta":{"_jetpack_newsletter_access":"","_jetpack_dont_email_post_to_subs":false,"_jetpack_newsletter_tier_id":0,"_jetpack_memberships_contains_paywalled_content":false,"_mbp_banners":[],"_jetpack_feature_clip_id":0,"_jetpack_memberships_contains_paid_content":false,"footnotes":"","jetpack_publicize_message":"","jetpack_publicize_feature_enabled":true,"jetpack_social_post_already_shared":true,"jetpack_social_options":{"image_generator_settings":{"template":"highway","default_image_id":0,"font":"","enabled":false},"version":2},"jetpack_post_was_ever_published":false},"categories":[22],"tags":[],"class_list":["post-790","post","type-post","status-publish","format-standard","has-post-thumbnail","category-nacional"],"jetpack_publicize_connections":[],"jetpack-related-posts":[],"jetpack_shortlink":"https:\/\/wp.me\/p7Eq1F-cK","jetpack_sharing_enabled":true,"jetpack_featured_media_url":"https:\/\/i0.wp.com\/guialimeira.com.br\/news\/wp-content\/uploads\/2024\/04\/rubens_paiva.jpg?fit=1600%2C800&ssl=1","_links":{"self":[{"href":"https:\/\/guialimeira.com.br\/news\/wp-json\/wp\/v2\/posts\/790","targetHints":{"allow":["GET"]}}],"collection":[{"href":"https:\/\/guialimeira.com.br\/news\/wp-json\/wp\/v2\/posts"}],"about":[{"href":"https:\/\/guialimeira.com.br\/news\/wp-json\/wp\/v2\/types\/post"}],"author":[{"embeddable":true,"href":"https:\/\/guialimeira.com.br\/news\/wp-json\/wp\/v2\/users\/1"}],"replies":[{"embeddable":true,"href":"https:\/\/guialimeira.com.br\/news\/wp-json\/wp\/v2\/comments?post=790"}],"version-history":[{"count":0,"href":"https:\/\/guialimeira.com.br\/news\/wp-json\/wp\/v2\/posts\/790\/revisions"}],"wp:featuredmedia":[{"embeddable":true,"href":"https:\/\/guialimeira.com.br\/news\/wp-json\/wp\/v2\/media\/791"}],"wp:attachment":[{"href":"https:\/\/guialimeira.com.br\/news\/wp-json\/wp\/v2\/media?parent=790"}],"wp:term":[{"taxonomy":"category","embeddable":true,"href":"https:\/\/guialimeira.com.br\/news\/wp-json\/wp\/v2\/categories?post=790"},{"taxonomy":"post_tag","embeddable":true,"href":"https:\/\/guialimeira.com.br\/news\/wp-json\/wp\/v2\/tags?post=790"}],"curies":[{"name":"wp","href":"https:\/\/api.w.org\/{rel}","templated":true}]}}