{"id":7895,"date":"2024-06-07T19:34:42","date_gmt":"2024-06-07T22:34:42","guid":{"rendered":"https:\/\/guialimeira.com.br\/2024\/06\/07\/dolar-sobe-para-r-532-apos-criacao-de-empregos-nos-eua\/"},"modified":"2024-06-07T19:34:42","modified_gmt":"2024-06-07T22:34:42","slug":"dolar-sobe-para-r-532-apos-criacao-de-empregos-nos-eua","status":"publish","type":"post","link":"https:\/\/guialimeira.com.br\/news\/dolar-sobe-para-r-532-apos-criacao-de-empregos-nos-eua\/","title":{"rendered":"D\u00f3lar sobe para R$ 5,32 ap\u00f3s cria\u00e7\u00e3o de empregos nos EUA"},"content":{"rendered":"<p> <br \/>\n<\/p>\n<div>\n<p>Em um dia turbulento no mercado interno e externo, o d\u00f3lar voltou a superar os R$ 5,30 e atingiu o maior n\u00edvel desde janeiro do ano passado. A bolsa de valores fechou abaixo dos 121 mil pontos pela primeira vez desde novembro.<img data-recalc-dims=\"1\" decoding=\"async\" src=\"https:\/\/i0.wp.com\/agenciabrasil.ebc.com.br\/ebc.png?w=696&#038;ssl=1\" style=\"width:1px; height:1px; display:inline;\"\/><img data-recalc-dims=\"1\" decoding=\"async\" src=\"https:\/\/i0.wp.com\/agenciabrasil.ebc.com.br\/ebc.gif?w=696&#038;ssl=1\" style=\"width:1px; height:1px; display:inline;\"\/><\/p>\n<p>O d\u00f3lar comercial encerrou esta sexta-feira (7) vendido a R$ 5,324, com forte alta de R$ 0,074 (1,42%). A cota\u00e7\u00e3o iniciou o dia em queda, mas disparou logo ap\u00f3s a divulga\u00e7\u00e3o de dados do mercado de trabalho norte-americano. At\u00e9 as 15h45, a divisa estava em torno de R$ 5,29, mas disparou na hora final de negocia\u00e7\u00e3o.<\/p>\n<p>A moeda norte-americana est\u00e1 no maior valor desde 5 de janeiro de 2023, quando fechou a R$ 5,35. O d\u00f3lar subiu 1,4% na primeira semana de junho e acumula alta de 9,71% em 2024.<\/p>\n<p>No mercado de a\u00e7\u00f5es, o dia tamb\u00e9m foi marcado por turbul\u00eancias. O \u00edndice Ibovespa, da B3, fechou aos 120.782 pontos, com recuo de 1,72%. O indicador est\u00e1 no menor n\u00edvel desde 13 de novembro do ano passado.<\/p>\n<p>Tanto fatores dom\u00e9sticos como internacionais contribu\u00edram para a instabilidade no mercado. No cen\u00e1rio externo, a divulga\u00e7\u00e3o de que a economia norte-americana criou 272 mil postos de trabalho fora do setor agr\u00edcola em maio. O desempenho acima do esperado aumentou as chances de o Federal Reserve (Fed, Banco Central norte-americano) fazer apenas um corte de juros este ano, em vez de dois cortes esperados.<\/p>\n<p>Juros altos em economias avan\u00e7adas estimulam a fuga de capitais de pa\u00edses emergentes, como o Brasil. Principalmente ap\u00f3s a recente queda de pre\u00e7o das commodities (bens prim\u00e1rios com cota\u00e7\u00e3o internacional), o que reduz a entrada de d\u00f3lares das exporta\u00e7\u00f5es brasileiras.<\/p>\n<p>No plano interno, pesaram as tens\u00f5es ap\u00f3s a edi\u00e7\u00e3o da medida provis\u00f3ria que pretende arrecadar R$ 29,2 bilh\u00f5es com a <a href=\"https:\/\/agenciabrasil.ebc.com.br\/economia\/noticia\/2024-06\/governo-limita-uso-do-piscofins-para-custear-corte-na-folha\" target=\"_blank\" rel=\"noopener\">limita\u00e7\u00e3o do Programa de Integra\u00e7\u00e3o Social (PIS) e da Contribui\u00e7\u00e3o para o Financiamento da Seguridade Social (Cofins)<\/a>. Na quinta-feira (6), uma coaliz\u00e3o com 27 frentes parlamentares pediu a devolu\u00e7\u00e3o da medida provis\u00f3ria ao Executivo ao presidente do Senado, Rodrigo Pacheco.<\/p>\n<p><em>* Com informa\u00e7\u00f5es da Reuters<\/em><\/p>\n<\/p><\/div>\n<p><br \/>\n<br \/><a href=\"https:\/\/agenciabrasil.ebc.com.br\/economia\/noticia\/2024-06\/dolar-sobe-para-r-532-apos-criacao-de-empregos-nos-eua\" rel=\"noopener\">Ag\u00eancia Brasil<\/a><\/p>\n","protected":false},"excerpt":{"rendered":"<p>Em um dia turbulento no mercado interno e externo, o d\u00f3lar voltou a superar os R$ 5,30 e atingiu o maior n\u00edvel desde janeiro do ano passado. A bolsa de valores fechou abaixo dos 121 mil pontos pela primeira vez desde novembro. O d\u00f3lar comercial encerrou esta sexta-feira (7) vendido a R$ 5,324, com forte [&hellip;]<\/p>\n","protected":false},"author":1,"featured_media":7896,"comment_status":"open","ping_status":"open","sticky":false,"template":"","format":"standard","meta":{"_jetpack_newsletter_access":"","_jetpack_dont_email_post_to_subs":false,"_jetpack_newsletter_tier_id":0,"_jetpack_memberships_contains_paywalled_content":false,"_mbp_banners":[],"_jetpack_feature_clip_id":0,"_jetpack_memberships_contains_paid_content":false,"footnotes":"","jetpack_publicize_message":"","jetpack_publicize_feature_enabled":true,"jetpack_social_post_already_shared":true,"jetpack_social_options":{"image_generator_settings":{"template":"highway","default_image_id":0,"font":"","enabled":false},"version":2},"jetpack_post_was_ever_published":false},"categories":[24],"tags":[],"class_list":["post-7895","post","type-post","status-publish","format-standard","has-post-thumbnail","category-economia"],"jetpack_publicize_connections":[],"jetpack-related-posts":[],"jetpack_shortlink":"https:\/\/wp.me\/p7Eq1F-23l","jetpack_sharing_enabled":true,"jetpack_featured_media_url":"https:\/\/i0.wp.com\/guialimeira.com.br\/news\/wp-content\/uploads\/2024\/06\/dolar_moeda_0803221212.jpg?fit=1600%2C800&ssl=1","_links":{"self":[{"href":"https:\/\/guialimeira.com.br\/news\/wp-json\/wp\/v2\/posts\/7895","targetHints":{"allow":["GET"]}}],"collection":[{"href":"https:\/\/guialimeira.com.br\/news\/wp-json\/wp\/v2\/posts"}],"about":[{"href":"https:\/\/guialimeira.com.br\/news\/wp-json\/wp\/v2\/types\/post"}],"author":[{"embeddable":true,"href":"https:\/\/guialimeira.com.br\/news\/wp-json\/wp\/v2\/users\/1"}],"replies":[{"embeddable":true,"href":"https:\/\/guialimeira.com.br\/news\/wp-json\/wp\/v2\/comments?post=7895"}],"version-history":[{"count":0,"href":"https:\/\/guialimeira.com.br\/news\/wp-json\/wp\/v2\/posts\/7895\/revisions"}],"wp:featuredmedia":[{"embeddable":true,"href":"https:\/\/guialimeira.com.br\/news\/wp-json\/wp\/v2\/media\/7896"}],"wp:attachment":[{"href":"https:\/\/guialimeira.com.br\/news\/wp-json\/wp\/v2\/media?parent=7895"}],"wp:term":[{"taxonomy":"category","embeddable":true,"href":"https:\/\/guialimeira.com.br\/news\/wp-json\/wp\/v2\/categories?post=7895"},{"taxonomy":"post_tag","embeddable":true,"href":"https:\/\/guialimeira.com.br\/news\/wp-json\/wp\/v2\/tags?post=7895"}],"curies":[{"name":"wp","href":"https:\/\/api.w.org\/{rel}","templated":true}]}}