{"id":7891,"date":"2024-06-07T18:48:44","date_gmt":"2024-06-07T21:48:44","guid":{"rendered":"https:\/\/guialimeira.com.br\/2024\/06\/07\/inscricoes-abertas-para-curso-de-padaria-artesanal\/"},"modified":"2024-06-07T18:48:44","modified_gmt":"2024-06-07T21:48:44","slug":"inscricoes-abertas-para-curso-de-padaria-artesanal","status":"publish","type":"post","link":"https:\/\/guialimeira.com.br\/news\/inscricoes-abertas-para-curso-de-padaria-artesanal\/","title":{"rendered":"Inscri\u00e7\u00f5es abertas para curso de Padaria Artesanal"},"content":{"rendered":"<p> <br \/>\n<\/p>\n<div>\n            <main class=\"\">&#13;<br \/>\n                &#13;<br \/>\n&#13;<br \/>\n&#13;<br \/>\n&#13;<br \/>\n    <img data-recalc-dims=\"1\" decoding=\"async\" src=\"https:\/\/i0.wp.com\/ecrie.com.br\/sistema\/conteudos\/imagem\/m_137_0_1_07062024160807.jpg?w=696&#038;ssl=1\" alt=\"Inscri\u00e7\u00f5es abertas para curso de Padaria Artesanal\"\/>&#13;<br \/>\n&#13;<\/p>\n<p style=\"text-align: justify;\" align=\"justify\">O Fundo Social de Limeira est\u00e1 com inscri\u00e7\u00f5es abertas para o curso gratuito de Padaria Artesanal. A atividade acontecer\u00e1 nos dias 12, 19, 26 de junho e 3 de julho, sempre \u00e0s quartas-feiras, das 13h30 \u00e0s 16h30, na Igreja Presbiteriana Bethel, localizada na Vila S\u00e3o Luiz. Para inscrever-se, \u00e9 necess\u00e1rio ter 16 anos ou mais e entrar em contato pelo WhatsApp (19) 982210529.<\/p>\n<p>&#13;<\/p>\n<p style=\"text-align: justify;\" align=\"justify\">Os alunos aprender\u00e3o receitas de p\u00e3es feitos com vegetais e frutas, como rosca de coco, p\u00e3o de ma\u00e7\u00e3, p\u00e3o de ervas, entre outros. Os certificados do curso ser\u00e3o entregues no \u00faltimo dia de aula aos participantes que tiverem 75% de presen\u00e7a.<\/p>\n<p>&#13;<\/p>\n<p align=\"justify\"><span style=\"font-size: 13.33px;\">SERVI\u00c7O<\/span><\/p>\n<p>&#13;<\/p>\n<p style=\"text-align: justify;\" align=\"justify\">Inscri\u00e7\u00f5es para curso Padaria Artesanal<\/p>\n<p>&#13;<\/p>\n<p style=\"text-align: justify;\" align=\"justify\">In\u00edcio: 12 de junho (quarta-feira), das 13h30 \u00e0s 16h30<\/p>\n<p>&#13;<\/p>\n<p style=\"text-align: justify;\" align=\"justify\">Local: Igreja Presbiteriana Bethel \u2013 Rua C\u00f4nego Cipriano de Souza Oliveira, 374 &#8211; Vila Sao Luiz<\/p>\n<p>&#13;<\/p>\n<p style=\"text-align: justify;\" align=\"justify\">Informa\u00e7\u00f5es e inscri\u00e7\u00f5es: (19) 982210529<\/p>\n<p>&#13;<br \/>\n&#13;<br \/>\n&#13;<br \/>\n&#13;<\/p>\n<aside class=\"list-related no-print\">&#13;<br \/>\n        &#13;<br \/>\n&#13;<\/p>\n<article class=\"list-item noticias \">&#13;<br \/>\n                    <a class=\"list-item__img\" href=\"https:\/\/limeira.sp.gov.br\/imprensa\/noticias\/fundo-social-de-limeira\/campanha-do-agasalho-realiza-drive-thru-na-boa-vista\" tabindex=\"-1\" aria-hidden=\"true\" rel=\"noopener\">&#13;<br \/>\n                        <img data-recalc-dims=\"1\" decoding=\"async\" src=\"https:\/\/i0.wp.com\/ecrie.com.br\/sistema\/conteudos\/imagem\/m_137_0_1_21052024170347.jpg?w=696&#038;ssl=1\" alt=\"Campanha do Agasalho realiza drive-thru na Boa Vista\"\/>&#13;<br \/>\n                    <\/a>&#13;<br \/>\n&#13;<br \/>\n                &#13;<br \/>\n            <\/article>\n<p>&#13;<\/p>\n<article class=\"list-item noticias \">&#13;<br \/>\n                    <a class=\"list-item__img\" href=\"https:\/\/limeira.sp.gov.br\/imprensa\/noticias\/fundo-social-de-limeira\/fundo-social-realiza-drive-thru-na-praca-toledo-barros\" tabindex=\"-1\" aria-hidden=\"true\" rel=\"noopener\">&#13;<br \/>\n                        <img data-recalc-dims=\"1\" decoding=\"async\" src=\"https:\/\/i0.wp.com\/ecrie.com.br\/sistema\/conteudos\/imagem\/m_137_0_1_07052024151530.jpg?w=696&#038;ssl=1\" alt=\"Fundo Social realiza drive-thru na Pra\u00e7a Toledo Barros\"\/>&#13;<br \/>\n                    <\/a>&#13;<br \/>\n&#13;<br \/>\n                &#13;<br \/>\n            <\/article>\n<p>&#13;<\/p>\n<article class=\"list-item noticias \">&#13;<br \/>\n                    <a class=\"list-item__img\" href=\"https:\/\/limeira.sp.gov.br\/imprensa\/noticias\/fundo-social-de-limeira\/pessoas-com-tea-tem-sessao-de-cinema-inclusiva-1\" tabindex=\"-1\" aria-hidden=\"true\" rel=\"noopener\">&#13;<br \/>\n                        <img data-recalc-dims=\"1\" decoding=\"async\" src=\"https:\/\/i0.wp.com\/ecrie.com.br\/sistema\/conteudos\/imagem\/m_137_0_1_23052024142821.jpg?w=696&#038;ssl=1\" alt=\"Pessoas com TEA t\u00eam sess\u00e3o de cinema inclusiva\"\/>&#13;<br \/>\n                    <\/a>&#13;<br \/>\n&#13;<br \/>\n                &#13;<br \/>\n            <\/article>\n<p>&#13;<br \/>\n    <\/aside>\n<p>&#13;<br \/>\n&#13;<br \/>\n            <\/main><\/p><\/div>\n<p><br \/>\n<br \/><a href=\"https:\/\/limeira.sp.gov.br\/inscricoes-abertas-para-curso-de-padaria-artesanal\" rel=\"noopener\">Informa\u00e7\u00f5es da PML <\/a><\/p>\n","protected":false},"excerpt":{"rendered":"<p>&#13; &#13; &#13; &#13; &#13; &#13; &#13; O Fundo Social de Limeira est\u00e1 com inscri\u00e7\u00f5es abertas para o curso gratuito de Padaria Artesanal. A atividade acontecer\u00e1 nos dias 12, 19, 26 de junho e 3 de julho, sempre \u00e0s quartas-feiras, das 13h30 \u00e0s 16h30, na Igreja Presbiteriana Bethel, localizada na Vila S\u00e3o Luiz. Para inscrever-se, [&hellip;]<\/p>\n","protected":false},"author":1,"featured_media":7892,"comment_status":"open","ping_status":"open","sticky":false,"template":"","format":"standard","meta":{"_jetpack_newsletter_access":"","_jetpack_dont_email_post_to_subs":false,"_jetpack_newsletter_tier_id":0,"_jetpack_memberships_contains_paywalled_content":false,"_mbp_banners":[],"_jetpack_feature_clip_id":0,"_jetpack_memberships_contains_paid_content":false,"footnotes":"","jetpack_publicize_message":"","jetpack_publicize_feature_enabled":true,"jetpack_social_post_already_shared":true,"jetpack_social_options":{"image_generator_settings":{"template":"highway","default_image_id":0,"font":"","enabled":false},"version":2},"jetpack_post_was_ever_published":false},"categories":[16],"tags":[],"class_list":["post-7891","post","type-post","status-publish","format-standard","has-post-thumbnail","category-local"],"jetpack_publicize_connections":[],"jetpack-related-posts":[],"jetpack_shortlink":"https:\/\/wp.me\/p7Eq1F-23h","jetpack_sharing_enabled":true,"jetpack_featured_media_url":"https:\/\/i0.wp.com\/guialimeira.com.br\/news\/wp-content\/uploads\/2024\/06\/m_137_0_1_07062024160807.jpg?fit=1278%2C852&ssl=1","_links":{"self":[{"href":"https:\/\/guialimeira.com.br\/news\/wp-json\/wp\/v2\/posts\/7891","targetHints":{"allow":["GET"]}}],"collection":[{"href":"https:\/\/guialimeira.com.br\/news\/wp-json\/wp\/v2\/posts"}],"about":[{"href":"https:\/\/guialimeira.com.br\/news\/wp-json\/wp\/v2\/types\/post"}],"author":[{"embeddable":true,"href":"https:\/\/guialimeira.com.br\/news\/wp-json\/wp\/v2\/users\/1"}],"replies":[{"embeddable":true,"href":"https:\/\/guialimeira.com.br\/news\/wp-json\/wp\/v2\/comments?post=7891"}],"version-history":[{"count":0,"href":"https:\/\/guialimeira.com.br\/news\/wp-json\/wp\/v2\/posts\/7891\/revisions"}],"wp:featuredmedia":[{"embeddable":true,"href":"https:\/\/guialimeira.com.br\/news\/wp-json\/wp\/v2\/media\/7892"}],"wp:attachment":[{"href":"https:\/\/guialimeira.com.br\/news\/wp-json\/wp\/v2\/media?parent=7891"}],"wp:term":[{"taxonomy":"category","embeddable":true,"href":"https:\/\/guialimeira.com.br\/news\/wp-json\/wp\/v2\/categories?post=7891"},{"taxonomy":"post_tag","embeddable":true,"href":"https:\/\/guialimeira.com.br\/news\/wp-json\/wp\/v2\/tags?post=7891"}],"curies":[{"name":"wp","href":"https:\/\/api.w.org\/{rel}","templated":true}]}}