{"id":7888,"date":"2024-06-07T18:33:59","date_gmt":"2024-06-07T21:33:59","guid":{"rendered":"https:\/\/guialimeira.com.br\/2024\/06\/07\/haddad-resistencia-a-mp-que-limita-uso-de-pis-cofins-deve-se-dissipar\/"},"modified":"2024-06-07T18:33:59","modified_gmt":"2024-06-07T21:33:59","slug":"haddad-resistencia-a-mp-que-limita-uso-de-pis-cofins-deve-se-dissipar","status":"publish","type":"post","link":"https:\/\/guialimeira.com.br\/news\/haddad-resistencia-a-mp-que-limita-uso-de-pis-cofins-deve-se-dissipar\/","title":{"rendered":"Haddad: resist\u00eancia \u00e0 MP que limita uso de PIS\/Cofins deve se dissipar"},"content":{"rendered":"<p> <br \/>\n<\/p>\n<div>\n<p>O ministro da Fazenda, Fernando Haddad, disse nesta sexta-feira (7), em S\u00e3o Paulo, que a resist\u00eancia da ind\u00fastria \u00e0 medida provis\u00f3ria (MP) que <a href=\"https:\/\/agenciabrasil.ebc.com.br\/economia\/noticia\/2024-06\/governo-limita-uso-do-piscofins-para-custear-corte-na-folha\" rel=\"noopener\">restringe o uso de cr\u00e9ditos tribut\u00e1rios<\/a> de PIS\/Cofins tende a se dissipar conforme o setor for entendendo que a inten\u00e7\u00e3o do governo \u00e9 reduzir os gastos tribut\u00e1rios.<img data-recalc-dims=\"1\" decoding=\"async\" src=\"https:\/\/i0.wp.com\/agenciabrasil.ebc.com.br\/ebc.png?w=696&#038;ssl=1\" style=\"width:1px; height:1px; display:inline;\"\/><img data-recalc-dims=\"1\" decoding=\"async\" src=\"https:\/\/i0.wp.com\/agenciabrasil.ebc.com.br\/ebc.gif?w=696&#038;ssl=1\" style=\"width:1px; height:1px; display:inline;\"\/><\/p>\n<p>\u201cIsso tem muito de calor do momento e vai se dissipando \u00e0 medida que as pessoas compreenderem o objetivo de se reduzir um gasto tribut\u00e1rio que, em tr\u00eas anos, foi de R$ 5 bilh\u00f5es para R$ 22 bilh\u00f5es. N\u00e3o tem cabimento um gasto tribut\u00e1rio espec\u00edfico de cr\u00e9dito presumido, ou seja, um imposto que n\u00e3o foi pago e que \u00e9 devolvido\u201d, falou o ministro.<\/p>\n<p>Na \u00faltima ter\u00e7a-feira (4), o Minist\u00e9rio da Fazenda apresentou medidas para compensar a perda de receitas com o acordo que manteve a desonera\u00e7\u00e3o da folha de pagamento para 17 setores da economia e para pequenos munic\u00edpios este ano. O governo prop\u00f4s restringir o uso de cr\u00e9ditos tribut\u00e1rios do PIS\/Cofins (Programa de Integra\u00e7\u00e3o Social\/Contribui\u00e7\u00e3o para Financiamento da Seguridade Social) para abatimento de outros impostos do contribuinte e colocou fim no ressarcimento em dinheiro do cr\u00e9dito presumido. Com isso, a equipe econ\u00f4mica prev\u00ea um aumento de arrecada\u00e7\u00e3o de R$ 29,2 bilh\u00f5es este ano para os cofres da Uni\u00e3o.<\/p>\n<p>Em entrevista a jornalistas na tarde de hoje, na capital paulista, Haddad afirmou que v\u00e1rias outras medidas provis\u00f3rias j\u00e1 foram encaradas como \u201cMP do fim do mundo\u201d e que isso tem rela\u00e7\u00e3o com \u201co calor do momento\u201d. No entanto, garantiu o ministro, a nova medida provis\u00f3ria n\u00e3o \u201cvai impactar a ind\u00fastria\u201d.<\/p>\n<p>Para Haddad, houve muito mal-entendido, em particular da ind\u00fastria, sobre esse tema. Segundo ele, essa \u00e9 uma medida saneadora que visa dar transpar\u00eancia ao gasto tribut\u00e1rio que chegou a patamares \u201cinaceit\u00e1veis\u201d.<\/p>\n<p>\u201cN\u00e3o pod\u00edamos ficar inertes. Por decis\u00e3o judicial, o governo tinha que propor [a medida]. E essa nos pareceu a mais justa das medidas porque subvenciona setores que n\u00e3o precisam de subven\u00e7\u00e3o\u201d, disse o ministro.<\/p>\n<p>De acordo com Haddad, o texto ser\u00e1 conversado com lideran\u00e7as partid\u00e1rias em busca de uma compensa\u00e7\u00e3o para a desonera\u00e7\u00e3o. \u201cN\u00f3s vamos sentar para conversar\u201d, disse ele. \u201cO prop\u00f3sito \u00e9 compensar a desonera\u00e7\u00e3o\u201d.<\/p>\n<h2>Meta de infla\u00e7\u00e3o<\/h2>\n<p>Segundo o ministro, a meta de infla\u00e7\u00e3o continuar\u00e1 sendo de 3% e ser\u00e1 apresentada pelo governo ainda neste m\u00eas de junho. Haddad disse que a proposta j\u00e1 est\u00e1 sendo processada junto \u00e0 Casa Civil e ser\u00e1 elaborada antes da reuni\u00e3o do Conselho Monet\u00e1rio Nacional (CMN).\u00a0<\/p>\n<p>&#8220;\u00c9 a primeira vez que um governo assume uma meta exigente para garantir o poder de compra do sal\u00e1rio&#8221;, disse ele.<\/p>\n<\/p><\/div>\n<p><br \/>\n<br \/><a href=\"https:\/\/agenciabrasil.ebc.com.br\/economia\/noticia\/2024-06\/haddad-resistencia-mp-que-limita-uso-de-piscofins-deve-se-dissipar\" rel=\"noopener\">Ag\u00eancia Brasil<\/a><\/p>\n","protected":false},"excerpt":{"rendered":"<p>O ministro da Fazenda, Fernando Haddad, disse nesta sexta-feira (7), em S\u00e3o Paulo, que a resist\u00eancia da ind\u00fastria \u00e0 medida provis\u00f3ria (MP) que restringe o uso de cr\u00e9ditos tribut\u00e1rios de PIS\/Cofins tende a se dissipar conforme o setor for entendendo que a inten\u00e7\u00e3o do governo \u00e9 reduzir os gastos tribut\u00e1rios. \u201cIsso tem muito de calor [&hellip;]<\/p>\n","protected":false},"author":1,"featured_media":7889,"comment_status":"open","ping_status":"open","sticky":false,"template":"","format":"standard","meta":{"_jetpack_newsletter_access":"","_jetpack_dont_email_post_to_subs":false,"_jetpack_newsletter_tier_id":0,"_jetpack_memberships_contains_paywalled_content":false,"_mbp_banners":[],"_jetpack_feature_clip_id":0,"_jetpack_memberships_contains_paid_content":false,"footnotes":"","jetpack_publicize_message":"","jetpack_publicize_feature_enabled":true,"jetpack_social_post_already_shared":true,"jetpack_social_options":{"image_generator_settings":{"template":"highway","default_image_id":0,"font":"","enabled":false},"version":2},"jetpack_post_was_ever_published":false},"categories":[24],"tags":[],"class_list":["post-7888","post","type-post","status-publish","format-standard","has-post-thumbnail","category-economia"],"jetpack_publicize_connections":[],"jetpack-related-posts":[],"jetpack_shortlink":"https:\/\/wp.me\/p7Eq1F-23e","jetpack_sharing_enabled":true,"jetpack_featured_media_url":"https:\/\/i0.wp.com\/guialimeira.com.br\/news\/wp-content\/uploads\/2024\/06\/lula4545.jpg?fit=1600%2C800&ssl=1","_links":{"self":[{"href":"https:\/\/guialimeira.com.br\/news\/wp-json\/wp\/v2\/posts\/7888","targetHints":{"allow":["GET"]}}],"collection":[{"href":"https:\/\/guialimeira.com.br\/news\/wp-json\/wp\/v2\/posts"}],"about":[{"href":"https:\/\/guialimeira.com.br\/news\/wp-json\/wp\/v2\/types\/post"}],"author":[{"embeddable":true,"href":"https:\/\/guialimeira.com.br\/news\/wp-json\/wp\/v2\/users\/1"}],"replies":[{"embeddable":true,"href":"https:\/\/guialimeira.com.br\/news\/wp-json\/wp\/v2\/comments?post=7888"}],"version-history":[{"count":0,"href":"https:\/\/guialimeira.com.br\/news\/wp-json\/wp\/v2\/posts\/7888\/revisions"}],"wp:featuredmedia":[{"embeddable":true,"href":"https:\/\/guialimeira.com.br\/news\/wp-json\/wp\/v2\/media\/7889"}],"wp:attachment":[{"href":"https:\/\/guialimeira.com.br\/news\/wp-json\/wp\/v2\/media?parent=7888"}],"wp:term":[{"taxonomy":"category","embeddable":true,"href":"https:\/\/guialimeira.com.br\/news\/wp-json\/wp\/v2\/categories?post=7888"},{"taxonomy":"post_tag","embeddable":true,"href":"https:\/\/guialimeira.com.br\/news\/wp-json\/wp\/v2\/tags?post=7888"}],"curies":[{"name":"wp","href":"https:\/\/api.w.org\/{rel}","templated":true}]}}