{"id":7886,"date":"2024-06-07T17:47:44","date_gmt":"2024-06-07T20:47:44","guid":{"rendered":"https:\/\/guialimeira.com.br\/2024\/06\/07\/duque-de-caxias-sera-totalmente-liberada-ao-transito-nesta-sexta-7\/"},"modified":"2024-06-07T17:47:44","modified_gmt":"2024-06-07T20:47:44","slug":"duque-de-caxias-sera-totalmente-liberada-ao-transito-nesta-sexta-7","status":"publish","type":"post","link":"https:\/\/guialimeira.com.br\/news\/duque-de-caxias-sera-totalmente-liberada-ao-transito-nesta-sexta-7\/","title":{"rendered":"Duque de Caxias ser\u00e1 totalmente liberada ao tr\u00e2nsito nesta sexta (7)"},"content":{"rendered":"<p> <br \/>\n<\/p>\n<div>\n            <main class=\"\">&#13;<br \/>\n                &#13;<br \/>\n&#13;<br \/>\n&#13;<br \/>\n&#13;<br \/>\n    <img data-recalc-dims=\"1\" decoding=\"async\" src=\"https:\/\/i0.wp.com\/ecrie.com.br\/sistema\/conteudos\/imagem\/m_137_0_1_07062024162621.jpg?w=696&#038;ssl=1\" alt=\"Duque de Caxias ser\u00e1 totalmente liberada ao tr\u00e2nsito nesta sexta (7)\"\/>&#13;<br \/>\n&#13;<\/p>\n<p>A Rua Duque de Caxias, entre a Bar\u00e3o de Campinas e a Bar\u00e3o de Cascalho, no Centro, ser\u00e1 liberada ao tr\u00e2nsito no fim da tarde desta sexta-feira (7). O local estava interditado desde novembro de 2022 para as obras de recupera\u00e7\u00e3o das galerias de \u00e1guas\u00a0pluviais na regi\u00e3o do Mercado Modelo, empreendidas pela Prefeitura de Limeira.<\/p>\n<p>&#13;<\/p>\n<p>Com os trabalhos praticamente finalizados (mais de 99% conclu\u00eddos), o trecho volta a receber o fluxo de ve\u00edculos. Por\u00e9m, a via ainda receber\u00e1 uma \u00faltima camada de asfalto, dentro de aproximadamente duas semanas. A Secretaria de Obras e Servi\u00e7os P\u00fablicos, respons\u00e1vel por toda supervis\u00e3o do projeto, destaca que o acesso ao estacionamento do Mercad\u00e3o seguir\u00e1 interditado &#8211; o espa\u00e7o est\u00e1 isolado pela Secretaria de Mobilidade Urbana.<\/p>\n<p>&#13;<\/p>\n<p>Com investimento de R$ 29,8 milh\u00f5es, foram constru\u00eddos dois reservat\u00f3rios\u00a0de \u00e1gua, um com 6 metros e outro com 7 metros de profundidade. Juntos, eles t\u00eam capacidade para receber 10 milh\u00f5es de litros de \u00e1gua\u00a0das chuvas. Al\u00e9m dos reservat\u00f3rios, a prefeitura recuperou todas as galerias de \u00e1gua, desde a Rua Lavap\u00e9s at\u00e9 o Mercado Modelo. De acordo com o prefeito Mario Botion, que visitou ontem o local acompanhado da vice-prefeita Erika Tank, trata-se de uma grande obra de engenharia que ir\u00e1 regularizar de maneira significativa as enchentes na regi\u00e3o.<\/p>\n<p>&#13;<\/p>\n<p>\u00a0<\/p>\n<p>&#13;<br \/>\n&#13;<br \/>\n&#13;<br \/>\n&#13;<\/p>\n<aside class=\"list-related no-print\">&#13;<br \/>\n        &#13;<br \/>\n&#13;<\/p>\n<article class=\"list-item noticias \">&#13;<br \/>\n                    <a class=\"list-item__img\" href=\"https:\/\/limeira.sp.gov.br\/imprensa\/noticias\/gabinete-do-prefeito\/avanca-interligacao-entre-santa-eulalia-e-gustavo-peccinini-local-tera-estrutura-de-lazer-e-esporte\" tabindex=\"-1\" aria-hidden=\"true\" rel=\"noopener\">&#13;<br \/>\n                        <img data-recalc-dims=\"1\" decoding=\"async\" src=\"https:\/\/i0.wp.com\/ecrie.com.br\/sistema\/conteudos\/imagem\/m_137_1_3_07062024160252.jpg?w=696&#038;ssl=1\" alt=\"Avan\u00e7a interliga\u00e7\u00e3o entre Santa Eul\u00e1lia e Gustavo Peccinini; local ter\u00e1 estrutura de lazer e esporte\"\/>&#13;<br \/>\n                    <\/a>&#13;<br \/>\n&#13;<br \/>\n                &#13;<br \/>\n            <\/article>\n<p>&#13;<\/p>\n<article class=\"list-item noticias \">&#13;<br \/>\n                    <a class=\"list-item__img\" href=\"https:\/\/limeira.sp.gov.br\/imprensa\/noticias\/gabinete-do-prefeito\/trecho-do-anel-viario-sera-recapeado-investimento-soma-r-13-milhao\" tabindex=\"-1\" aria-hidden=\"true\" rel=\"noopener\">&#13;<br \/>\n                        <img data-recalc-dims=\"1\" decoding=\"async\" src=\"https:\/\/i0.wp.com\/ecrie.com.br\/sistema\/conteudos\/imagem\/m_137_0_1_07062024164213.jpg?w=696&#038;ssl=1\" alt=\"Trecho do Anel Vi\u00e1rio ser\u00e1 recapeado; investimento soma R$ 1,3 milh\u00e3o\"\/>&#13;<br \/>\n                    <\/a>&#13;<br \/>\n&#13;<br \/>\n                &#13;<br \/>\n            <\/article>\n<p>&#13;<\/p>\n<article class=\"list-item noticias \">&#13;<br \/>\n                    <a class=\"list-item__img\" href=\"https:\/\/limeira.sp.gov.br\/imprensa\/noticias\/gabinete-do-prefeito\/caes-e-gatos-poderao-ser-adotados-no-prefeito-no-bairro-deste-sabado-8\" tabindex=\"-1\" aria-hidden=\"true\" rel=\"noopener\">&#13;<br \/>\n                        <img data-recalc-dims=\"1\" decoding=\"async\" src=\"https:\/\/i0.wp.com\/ecrie.com.br\/sistema\/conteudos\/imagem\/m_137_0_1_07062024153735.jpg?w=696&#038;ssl=1\" alt=\"C\u00e3es e gatos poder\u00e3o ser adotados no Prefeito no Bairro deste s\u00e1bado (8)\"\/>&#13;<br \/>\n                    <\/a>&#13;<br \/>\n&#13;<br \/>\n                &#13;<br \/>\n            <\/article>\n<p>&#13;<br \/>\n    <\/aside>\n<p>&#13;<br \/>\n&#13;<br \/>\n            <\/main><\/p><\/div>\n<p><br \/>\n<br \/><a href=\"https:\/\/limeira.sp.gov.br\/duque-de-caxias-sera-totalmente-liberada-ao-transito-nesta-sexta-7\" rel=\"noopener\">Informa\u00e7\u00f5es da PML <\/a><\/p>\n","protected":false},"excerpt":{"rendered":"<p>&#13; &#13; &#13; &#13; &#13; &#13; &#13; A Rua Duque de Caxias, entre a Bar\u00e3o de Campinas e a Bar\u00e3o de Cascalho, no Centro, ser\u00e1 liberada ao tr\u00e2nsito no fim da tarde desta sexta-feira (7). O local estava interditado desde novembro de 2022 para as obras de recupera\u00e7\u00e3o das galerias de \u00e1guas\u00a0pluviais na regi\u00e3o do [&hellip;]<\/p>\n","protected":false},"author":1,"featured_media":7887,"comment_status":"open","ping_status":"open","sticky":false,"template":"","format":"standard","meta":{"_jetpack_newsletter_access":"","_jetpack_dont_email_post_to_subs":false,"_jetpack_newsletter_tier_id":0,"_jetpack_memberships_contains_paywalled_content":false,"_mbp_banners":[],"_jetpack_feature_clip_id":0,"_jetpack_memberships_contains_paid_content":false,"footnotes":"","jetpack_publicize_message":"","jetpack_publicize_feature_enabled":true,"jetpack_social_post_already_shared":true,"jetpack_social_options":{"image_generator_settings":{"template":"highway","default_image_id":0,"font":"","enabled":false},"version":2},"jetpack_post_was_ever_published":false},"categories":[16],"tags":[],"class_list":["post-7886","post","type-post","status-publish","format-standard","has-post-thumbnail","category-local"],"jetpack_publicize_connections":[],"jetpack-related-posts":[],"jetpack_shortlink":"https:\/\/wp.me\/p7Eq1F-23c","jetpack_sharing_enabled":true,"jetpack_featured_media_url":"https:\/\/i0.wp.com\/guialimeira.com.br\/news\/wp-content\/uploads\/2024\/06\/m_137_0_1_07062024162621.jpg?fit=1280%2C852&ssl=1","_links":{"self":[{"href":"https:\/\/guialimeira.com.br\/news\/wp-json\/wp\/v2\/posts\/7886","targetHints":{"allow":["GET"]}}],"collection":[{"href":"https:\/\/guialimeira.com.br\/news\/wp-json\/wp\/v2\/posts"}],"about":[{"href":"https:\/\/guialimeira.com.br\/news\/wp-json\/wp\/v2\/types\/post"}],"author":[{"embeddable":true,"href":"https:\/\/guialimeira.com.br\/news\/wp-json\/wp\/v2\/users\/1"}],"replies":[{"embeddable":true,"href":"https:\/\/guialimeira.com.br\/news\/wp-json\/wp\/v2\/comments?post=7886"}],"version-history":[{"count":0,"href":"https:\/\/guialimeira.com.br\/news\/wp-json\/wp\/v2\/posts\/7886\/revisions"}],"wp:featuredmedia":[{"embeddable":true,"href":"https:\/\/guialimeira.com.br\/news\/wp-json\/wp\/v2\/media\/7887"}],"wp:attachment":[{"href":"https:\/\/guialimeira.com.br\/news\/wp-json\/wp\/v2\/media?parent=7886"}],"wp:term":[{"taxonomy":"category","embeddable":true,"href":"https:\/\/guialimeira.com.br\/news\/wp-json\/wp\/v2\/categories?post=7886"},{"taxonomy":"post_tag","embeddable":true,"href":"https:\/\/guialimeira.com.br\/news\/wp-json\/wp\/v2\/tags?post=7886"}],"curies":[{"name":"wp","href":"https:\/\/api.w.org\/{rel}","templated":true}]}}