{"id":788,"date":"2024-04-02T22:13:45","date_gmt":"2024-04-03T01:13:45","guid":{"rendered":"https:\/\/guialimeira.com.br\/2024\/04\/02\/baixada-santista-apos-56-mortes-governo-de-sp-encerra-operacao-verao\/"},"modified":"2024-04-02T22:13:45","modified_gmt":"2024-04-03T01:13:45","slug":"baixada-santista-apos-56-mortes-governo-de-sp-encerra-operacao-verao","status":"publish","type":"post","link":"https:\/\/guialimeira.com.br\/news\/baixada-santista-apos-56-mortes-governo-de-sp-encerra-operacao-verao\/","title":{"rendered":"Baixada Santista: ap\u00f3s 56 mortes, governo de SP encerra Opera\u00e7\u00e3o Ver\u00e3o"},"content":{"rendered":"<p> <br \/>\n<\/p>\n<div>\n<p>O governo do estado de S\u00e3o Paulo decidiu encerrar a Opera\u00e7\u00e3o Ver\u00e3o realizada\u00a0pelas pol\u00edcias militar e civil nas cidades da Baixada Santista desde dezembro de 2023. A a\u00e7\u00e3o deixou 56 civis mortos, em supostos confrontos com os agentes de seguran\u00e7a. Dois policiais tamb\u00e9m foram mortos por criminosos.<img data-recalc-dims=\"1\" decoding=\"async\" src=\"https:\/\/i0.wp.com\/agenciabrasil.ebc.com.br\/ebc.png?w=696&#038;ssl=1\" style=\"width:1px; height:1px; display:inline;\"\/><img data-recalc-dims=\"1\" decoding=\"async\" src=\"https:\/\/i0.wp.com\/agenciabrasil.ebc.com.br\/ebc.gif?w=696&#038;ssl=1\" style=\"width:1px; height:1px; display:inline;\"\/><\/p>\n<p>Ouvidor da Pol\u00edcia do estado de S\u00e3o Paulo, Cl\u00e1udio Aparecido da Silva\u00a0avalia\u00a0de forma negativa a opera\u00e7\u00e3o e destaca\u00a0o n\u00famero elevado de pessoas mortas pelos agentes de seguran\u00e7a.<\/p>\n<blockquote>\n<p>\u201cO balan\u00e7o que a ouvidoria faz da Opera\u00e7\u00e3o Ver\u00e3o \u00e9 um balan\u00e7o bastante negativo, dada a quantidade de pessoas impactadas pela opera\u00e7\u00e3o de forma negativa. Os n\u00fameros oficiais d\u00e3o conta de 56 mortes\u201d, conclui da Silva<\/p>\n<\/blockquote>\n<p>\u201cNessas mortes a gente tem pessoas deficientes, pessoas que faziam uso de muleta, pessoas cegas, uma m\u00e3e de fam\u00edlia com seis filhos. A gente n\u00e3o acredita na seguran\u00e7a p\u00fablica que mata, e n\u00e3o acredita na seguran\u00e7a p\u00fablica que encarcera em massa. A gente acredita na seguran\u00e7a p\u00fablica que inibe a a\u00e7\u00e3o do oportunista que vai atuar em conflito com a lei\u201d, ressaltou.<\/p>\n<p>Segundo o ouvidor, o modelo de seguran\u00e7a p\u00fablica adotado pelo estado paulista tem resultado em mais pessoas mortas, incluindo policiais. \u201cEsse modelo de morte, esse modelo de bandido bom \u00e9 bandido morto, ele n\u00e3o serve nem para a sociedade nem para a pol\u00edcia. Morrem mais policiais e morrem mais pessoas da sociedade civil e isso a gente tem que combater\u201d.<\/p>\n<h2>Balan\u00e7o<\/h2>\n<p>De acordo com a Secretaria de Seguran\u00e7a P\u00fablica, a opera\u00e7\u00e3o prendeu 1.025 infratores. Foram recolhidas 2,6 toneladas de drogas e 119 armas de fogo ilegais. A pasta anunciou que haver\u00e1 amplia\u00e7\u00e3o de efetivo de 341 policiais militares que passar\u00e3o a atuar de maneira permanente nas cidades da regi\u00e3o.<\/p>\n<p>O governo do estado ressaltou ainda que houve redu\u00e7\u00e3o de roubos em 25,8% em Santos, S\u00e3o Vicente e Guaruj\u00e1 no primeiro bimestre do ano, quando comparado ao ano anterior, e destacou que, na Baixada Santista, fevereiro de 2024 foi o m\u00eas com a menor taxa de roubos da s\u00e9rie hist\u00f3rica, iniciada em 2001.\u00a0<\/p>\n<p>\u201cA opera\u00e7\u00e3o cumpriu os seus objetivos, seja capturar alvos identificados por um trabalho de intelig\u00eancia conjunto entre as pol\u00edcias como reduzir os \u00edndices criminais na Baixada Santista. Agora, com a amplia\u00e7\u00e3o do efetivo, podemos dar continuidade a esse combate, que ser\u00e1 constante\u201d, ressaltou o secret\u00e1rio de Seguran\u00e7a P\u00fablica, Guilherme Derrite.<\/p>\n<h2>Homic\u00eddios<\/h2>\n<p>No entanto, dados da SSP mostram que os homic\u00eddios dolosos aumentaram na regi\u00e3o de Santos em meses em que a opera\u00e7\u00e3o estava ativa: em dezembro de 2023, janeiro de 2024 e fevereiro de 2024 ocorreram 40 homic\u00eddios dolosos, dois a mais do que nos mesmos meses dos anos anteriores (dezembro de 2022, janeiro de 2023 e fevereiro de 2023).\u00a0<\/p>\n<p>O n\u00famero de pessoas mortas por policiais militares em servi\u00e7o na Baixada Santista tamb\u00e9m subiu: aumentou mais de 400% nos dois primeiros meses deste ano. Em janeiro e fevereiro os policiais militares mataram 57 pessoas, segundo dados divulgados pelo Minist\u00e9rio P\u00fablico de S\u00e3o Paulo (MPSP) \u2013 levantamento que inclui dados totais, al\u00e9m da Opera\u00e7\u00e3o Ver\u00e3o. No primeiro bimestre de 2023, foram registradas dez mortes por policiais em servi\u00e7o na regi\u00e3o.<\/p>\n<h2>Confronto<\/h2>\n<p>Segundo a gerente de projetos do Instituto Sou da Paz, Nat\u00e1lia Pollachi, a pol\u00edcia de S\u00e3o Paulo tem dado prioridade a opera\u00e7\u00f5es de confronto e retrocedido nas pol\u00edticas de controle da letalidade da corpora\u00e7\u00e3o, como a instala\u00e7\u00e3o de c\u00e2meras nas fardas e a cria\u00e7\u00e3o de comiss\u00f5es de an\u00e1lise dos casos que resultam em morte.<\/p>\n<p>\u201cEsse aumento da letalidade foi de mais de 400%\u00a0na Baixada Santista, mas a gente v\u00ea um efeito cont\u00e1gio em todo o estado. E isso \u00e9 extremamente preocupante. Porque fala de uma escolha da Secretaria de Seguran\u00e7a do Estado de S\u00e3o Paulo de retroceder em pol\u00edticas que estavam mostrando muito bons resultados na redu\u00e7\u00e3o da letalidade policial\u201d, destacou.<\/p>\n<p>No in\u00edcio de mar\u00e7o, o governador de S\u00e3o Paulo, Tarc\u00edsio de Freitas, disse que n\u00e3o se preocupa com den\u00fancias de abusos na condu\u00e7\u00e3o da Opera\u00e7\u00e3o Ver\u00e3o, deflagrada pela Pol\u00edcia Militar na Baixada Santista. &#8220;Sinceramente, n\u00f3s temos muita tranquilidade com o que est\u00e1 sendo feito. E a\u00ed o pessoal pode ir na ONU [Organiza\u00e7\u00e3o das Na\u00e7\u00f5es Unidas], pode ir na Liga da Justi\u00e7a, no raio que o parta, que eu n\u00e3o t\u00f4 nem a\u00ed&#8221;, disse a jornalistas, durante evento na capital para celebrar o Dia Internacional da Mulher.<\/p>\n<p><em>*Colaboraram Maura Martins e Guilherme Jeronymo, da <strong>TV Brasil<\/strong>.\u00a0<\/em><\/p>\n<\/p><\/div>\n<p><br \/>\n<br \/><a href=\"https:\/\/agenciabrasil.ebc.com.br\/geral\/noticia\/2024-04\/baixada-santista-apos-56-mortes-governo-de-sp-encerra-operacao-verao\" rel=\"noopener\">Ag\u00eancia Brasil<\/a><\/p>\n","protected":false},"excerpt":{"rendered":"<p>O governo do estado de S\u00e3o Paulo decidiu encerrar a Opera\u00e7\u00e3o Ver\u00e3o realizada\u00a0pelas pol\u00edcias militar e civil nas cidades da Baixada Santista desde dezembro de 2023. A a\u00e7\u00e3o deixou 56 civis mortos, em supostos confrontos com os agentes de seguran\u00e7a. Dois policiais tamb\u00e9m foram mortos por criminosos. Ouvidor da Pol\u00edcia do estado de S\u00e3o Paulo, [&hellip;]<\/p>\n","protected":false},"author":1,"featured_media":789,"comment_status":"open","ping_status":"open","sticky":false,"template":"","format":"standard","meta":{"_jetpack_newsletter_access":"","_jetpack_dont_email_post_to_subs":false,"_jetpack_newsletter_tier_id":0,"_jetpack_memberships_contains_paywalled_content":false,"_mbp_banners":[],"_jetpack_feature_clip_id":0,"_jetpack_memberships_contains_paid_content":false,"footnotes":"","jetpack_publicize_message":"","jetpack_publicize_feature_enabled":true,"jetpack_social_post_already_shared":true,"jetpack_social_options":{"image_generator_settings":{"template":"highway","default_image_id":0,"font":"","enabled":false},"version":2},"jetpack_post_was_ever_published":false},"categories":[1],"tags":[],"class_list":["post-788","post","type-post","status-publish","format-standard","has-post-thumbnail","category-geral"],"jetpack_publicize_connections":[],"jetpack-related-posts":[],"jetpack_shortlink":"https:\/\/wp.me\/p7Eq1F-cI","jetpack_sharing_enabled":true,"jetpack_featured_media_url":"https:\/\/i0.wp.com\/guialimeira.com.br\/news\/wp-content\/uploads\/2024\/04\/violencia-no-guaruja.jpg?fit=1600%2C800&ssl=1","_links":{"self":[{"href":"https:\/\/guialimeira.com.br\/news\/wp-json\/wp\/v2\/posts\/788","targetHints":{"allow":["GET"]}}],"collection":[{"href":"https:\/\/guialimeira.com.br\/news\/wp-json\/wp\/v2\/posts"}],"about":[{"href":"https:\/\/guialimeira.com.br\/news\/wp-json\/wp\/v2\/types\/post"}],"author":[{"embeddable":true,"href":"https:\/\/guialimeira.com.br\/news\/wp-json\/wp\/v2\/users\/1"}],"replies":[{"embeddable":true,"href":"https:\/\/guialimeira.com.br\/news\/wp-json\/wp\/v2\/comments?post=788"}],"version-history":[{"count":0,"href":"https:\/\/guialimeira.com.br\/news\/wp-json\/wp\/v2\/posts\/788\/revisions"}],"wp:featuredmedia":[{"embeddable":true,"href":"https:\/\/guialimeira.com.br\/news\/wp-json\/wp\/v2\/media\/789"}],"wp:attachment":[{"href":"https:\/\/guialimeira.com.br\/news\/wp-json\/wp\/v2\/media?parent=788"}],"wp:term":[{"taxonomy":"category","embeddable":true,"href":"https:\/\/guialimeira.com.br\/news\/wp-json\/wp\/v2\/categories?post=788"},{"taxonomy":"post_tag","embeddable":true,"href":"https:\/\/guialimeira.com.br\/news\/wp-json\/wp\/v2\/tags?post=788"}],"curies":[{"name":"wp","href":"https:\/\/api.w.org\/{rel}","templated":true}]}}