{"id":7879,"date":"2024-06-07T17:18:49","date_gmt":"2024-06-07T20:18:49","guid":{"rendered":"https:\/\/guialimeira.com.br\/2024\/06\/07\/dia-d-contra-polio-tera-471-unidades-basicas-de-saude-abertas-em-sp\/"},"modified":"2024-06-07T17:18:49","modified_gmt":"2024-06-07T20:18:49","slug":"dia-d-contra-polio-tera-471-unidades-basicas-de-saude-abertas-em-sp","status":"publish","type":"post","link":"https:\/\/guialimeira.com.br\/news\/dia-d-contra-polio-tera-471-unidades-basicas-de-saude-abertas-em-sp\/","title":{"rendered":"Dia D contra p\u00f3lio ter\u00e1 471 unidades b\u00e1sicas de sa\u00fade abertas em SP"},"content":{"rendered":"<p> <br \/>\n<\/p>\n<div>\n<p>A Secretaria Municipal da Sa\u00fade (SMS) de S\u00e3o Paulo promove neste s\u00e1bado (8) o Dia D da campanha contra a poliomielite, conhecida como paralisia infantil, para crian\u00e7as menores de 5 anos de idade. Para isso, estar\u00e3o abertas 471 unidades b\u00e1sicas de Sa\u00fade (UBSs), das 8h \u00e0s 17h. Nas UBSs que s\u00e3o integradas \u00e0s assist\u00eancias m\u00e9dicas ambulatoriais (AMAs) e que j\u00e1 abrem aos s\u00e1bados para vacina\u00e7\u00e3o, o funcionamento ser\u00e1 das 7h \u00e0s 19h.<img data-recalc-dims=\"1\" decoding=\"async\" src=\"https:\/\/i0.wp.com\/agenciabrasil.ebc.com.br\/ebc.png?w=696&#038;ssl=1\" style=\"width:1px; height:1px; display:inline;\"\/><img data-recalc-dims=\"1\" decoding=\"async\" src=\"https:\/\/i0.wp.com\/agenciabrasil.ebc.com.br\/ebc.gif?w=696&#038;ssl=1\" style=\"width:1px; height:1px; display:inline;\"\/><\/p>\n<p>A campanha de vacina\u00e7\u00e3o contra a poliomielite na cidade de S\u00e3o Paulo teve in\u00edcio no dia 27 de maio e faz parte da Estrat\u00e9gia Nacional de Vacina\u00e7\u00e3o contra Poliomielite, que se estende at\u00e9 o dia 14 de junho, com o objetivo de reduzir o risco da reintrodu\u00e7\u00e3o da doen\u00e7a no pa\u00eds e aumentar a cobertura vacinal. Segundo a SMS, s\u00e3o utilizadas as vacinas inativada poliomielite (VIP), para menores de 1 ano, e a oral poliomielite (VOP), conhecida como gotinha, para crian\u00e7as entre 1 a menores de 5 anos, seguindo as diretrizes do Programa Nacional de Imuniza\u00e7\u00f5es (PNI).<\/p>\n<p>\u201cO p\u00fablico-alvo da campanha \u00e9 de 588.307 crian\u00e7as, sendo 128.490 menores de 1 ano, e 459.817 crian\u00e7as de 1 a menores de 5 anos. As crian\u00e7as menores de 1 ano s\u00e3o imunizadas com a VIP, conforme a situa\u00e7\u00e3o vacinal para o esquema prim\u00e1rio \u2013 que consiste em tr\u00eas doses aos dois, quatro e seis meses de idade\u201d, explica a SMS.<\/p>\n<p>Nesta campanha, at\u00e9 quarta-feira (5), foram aplicadas 37.881 doses da vacina. Na capital paulista, a cobertura vacinal contra a p\u00f3lio em 2023 foi de 90,67%. A vacina\u00e7\u00e3o \u00e9 a \u00fanica forma de preven\u00e7\u00e3o e redu\u00e7\u00e3o do risco de reintrodu\u00e7\u00e3o do poliov\u00edrus no Brasil, que est\u00e1 eliminado no pa\u00eds desde 1994.<\/p>\n<p>A poliomielite \u00e9 uma doen\u00e7a infectocontagiosa aguda, caracterizada pela contamina\u00e7\u00e3o pelo poliov\u00edrus,\u00a0que pode causar paralisia muscular dos membros inferiores, de forma assim\u00e9trica e irrevers\u00edvel, em casos graves podendo evoluir para a morte. A vacina \u00e9 a principal forma de preven\u00e7\u00e3o.<\/p>\n<h2>Multivacina\u00e7\u00e3o<\/h2>\n<p>Al\u00e9m da vacina contra a p\u00f3lio, ser\u00e3o ofertados os imunizantes do calend\u00e1rio do PNI para atualiza\u00e7\u00e3o de carteirinhas. As UBSs fornecer\u00e3o aos estudantes que forem se vacinar, ou aos pais e respons\u00e1veis, a Declara\u00e7\u00e3o de Vacina\u00e7\u00e3o Atualizada (DVA) para ser entregue preenchida nas unidades educacionais.<\/p>\n<p>Tamb\u00e9m ser\u00e3o ofertadas as vacinas contra a influenza (ampliada para toda popula\u00e7\u00e3o acima de 6\u00a0meses de idade) e contra a covid-19 para o p\u00fablico priorit\u00e1rio. Na data, haver\u00e1 vacina\u00e7\u00e3o de idosos acamados ou residentes em institui\u00e7\u00f5es de Longa Perman\u00eancia, al\u00e9m da busca ativa de faltosos de vacina\u00e7\u00e3o de rotina.<\/p>\n<\/p><\/div>\n<p><br \/>\n<br \/><a href=\"https:\/\/agenciabrasil.ebc.com.br\/saude\/noticia\/2024-06\/dia-d-contra-polio-tera-471-unidades-basicas-de-saude-abertas-em-sp\" rel=\"noopener\">Ag\u00eancia Brasil <\/a><\/p>\n","protected":false},"excerpt":{"rendered":"<p>A Secretaria Municipal da Sa\u00fade (SMS) de S\u00e3o Paulo promove neste s\u00e1bado (8) o Dia D da campanha contra a poliomielite, conhecida como paralisia infantil, para crian\u00e7as menores de 5 anos de idade. Para isso, estar\u00e3o abertas 471 unidades b\u00e1sicas de Sa\u00fade (UBSs), das 8h \u00e0s 17h. Nas UBSs que s\u00e3o integradas \u00e0s assist\u00eancias m\u00e9dicas [&hellip;]<\/p>\n","protected":false},"author":1,"featured_media":7880,"comment_status":"open","ping_status":"open","sticky":false,"template":"","format":"standard","meta":{"_jetpack_newsletter_access":"","_jetpack_dont_email_post_to_subs":false,"_jetpack_newsletter_tier_id":0,"_jetpack_memberships_contains_paywalled_content":false,"_mbp_banners":[],"_jetpack_feature_clip_id":0,"_jetpack_memberships_contains_paid_content":false,"footnotes":"","jetpack_publicize_message":"","jetpack_publicize_feature_enabled":true,"jetpack_social_post_already_shared":true,"jetpack_social_options":{"image_generator_settings":{"template":"highway","default_image_id":0,"font":"","enabled":false},"version":2},"jetpack_post_was_ever_published":false},"categories":[15],"tags":[],"class_list":["post-7879","post","type-post","status-publish","format-standard","has-post-thumbnail","category-saude"],"jetpack_publicize_connections":[],"jetpack-related-posts":[],"jetpack_shortlink":"https:\/\/wp.me\/p7Eq1F-235","jetpack_sharing_enabled":true,"jetpack_featured_media_url":"https:\/\/i0.wp.com\/guialimeira.com.br\/news\/wp-content\/uploads\/2024\/06\/tmazs_abr_0608182716df.jpg?fit=1600%2C800&ssl=1","_links":{"self":[{"href":"https:\/\/guialimeira.com.br\/news\/wp-json\/wp\/v2\/posts\/7879","targetHints":{"allow":["GET"]}}],"collection":[{"href":"https:\/\/guialimeira.com.br\/news\/wp-json\/wp\/v2\/posts"}],"about":[{"href":"https:\/\/guialimeira.com.br\/news\/wp-json\/wp\/v2\/types\/post"}],"author":[{"embeddable":true,"href":"https:\/\/guialimeira.com.br\/news\/wp-json\/wp\/v2\/users\/1"}],"replies":[{"embeddable":true,"href":"https:\/\/guialimeira.com.br\/news\/wp-json\/wp\/v2\/comments?post=7879"}],"version-history":[{"count":0,"href":"https:\/\/guialimeira.com.br\/news\/wp-json\/wp\/v2\/posts\/7879\/revisions"}],"wp:featuredmedia":[{"embeddable":true,"href":"https:\/\/guialimeira.com.br\/news\/wp-json\/wp\/v2\/media\/7880"}],"wp:attachment":[{"href":"https:\/\/guialimeira.com.br\/news\/wp-json\/wp\/v2\/media?parent=7879"}],"wp:term":[{"taxonomy":"category","embeddable":true,"href":"https:\/\/guialimeira.com.br\/news\/wp-json\/wp\/v2\/categories?post=7879"},{"taxonomy":"post_tag","embeddable":true,"href":"https:\/\/guialimeira.com.br\/news\/wp-json\/wp\/v2\/tags?post=7879"}],"curies":[{"name":"wp","href":"https:\/\/api.w.org\/{rel}","templated":true}]}}