{"id":7877,"date":"2024-06-07T16:47:01","date_gmt":"2024-06-07T19:47:01","guid":{"rendered":"https:\/\/guialimeira.com.br\/2024\/06\/07\/trecho-do-anel-viario-sera-recapeado-investimento-soma-r-13-milhao\/"},"modified":"2024-06-07T16:47:01","modified_gmt":"2024-06-07T19:47:01","slug":"trecho-do-anel-viario-sera-recapeado-investimento-soma-r-13-milhao","status":"publish","type":"post","link":"https:\/\/guialimeira.com.br\/news\/trecho-do-anel-viario-sera-recapeado-investimento-soma-r-13-milhao\/","title":{"rendered":"Trecho do Anel Vi\u00e1rio ser\u00e1 recapeado; investimento soma R$ 1,3 milh\u00e3o"},"content":{"rendered":"<p> <br \/>\n<\/p>\n<div>\n            <main class=\"\">&#13;<br \/>\n                &#13;<br \/>\n&#13;<br \/>\n&#13;<br \/>\n&#13;<br \/>\n    <img data-recalc-dims=\"1\" decoding=\"async\" src=\"https:\/\/i0.wp.com\/ecrie.com.br\/sistema\/conteudos\/imagem\/m_137_0_1_07062024164213.jpg?w=696&#038;ssl=1\" alt=\"Trecho do Anel Vi\u00e1rio ser\u00e1 recapeado; investimento soma R$ 1,3 milh\u00e3o\"\/>&#13;<br \/>\n&#13;<\/p>\n<p>\u00a0<\/p>\n<p>&#13;<\/p>\n<p>Importante rota de tr\u00e2nsito, para quem chega ao munic\u00edpio pela Rodovia Limeira-Piracicaba (SP-147) ou circula da regi\u00e3o do Jd. Nossa Senhora das Dores em dire\u00e7\u00e3o \u00e0 zona Leste, a\u00a0Via Ant\u00f4nio Cru\u00e3nes Filho\u00a0(Anel Vi\u00e1rio)\u00a0ser\u00e1 recapeada a partir de segunda-feira (10). Ao todo, ser\u00e3o recuperados mais de 2 quil\u00f4metros da via, entre a Limeira-Piracicaba e a Av. Eduardo Peixoto. A a\u00e7\u00e3o beneficiar\u00e1, especificamente, a faixa da direita, que recebe o fluxo pesado de caminh\u00f5es.<\/p>\n<p>&#13;<\/p>\n<p>\u201cEstamos realizando servi\u00e7os de recape e pavimenta\u00e7\u00e3o em diversos pontos da cidade. No caso do Anel Vi\u00e1rio, a a\u00e7\u00e3o vai melhorar ainda mais o tr\u00e1fego e a mobilidade, reduzindo o tempo de locomo\u00e7\u00e3o dos motoristas\u201d, frisou o prefeito Mario Botion. A vice-prefeita tamb\u00e9m comentou o in\u00edcio dos trabalhos. \u201c\u00c9 mais uma interven\u00e7\u00e3o estrat\u00e9gica para a mobilidade urbana do nosso munic\u00edpio\u201d, afirmou Erika Tank.<\/p>\n<p>&#13;<\/p>\n<p>O investimento \u00e9 de R$\u00a01,3 milh\u00e3o, com repasse do Minist\u00e9rio do Desenvolvimento Regional, por indica\u00e7\u00e3o do deputado federal Marcos Pereira, no valor de R$ 1 milh\u00e3o, e contrapartida da Prefeitura de Limeira, com recursos do Finisa IV, de R$ 300 mil.<\/p>\n<p>&#13;<\/p>\n<p>Devido \u00e0 extens\u00e3o, o trabalho ser\u00e1 dividido em duas etapas, inicialmente ocorre no trecho entre a Rodovia Limeira-Piracicaba, na altura da Rotat\u00f3ria da Pra\u00e7a Aniceto Monteiro de Moraes (Rotat\u00f3ria da Bandeira),\u00a0e a Pra\u00e7a Prefeito Sebasti\u00e3o Fumagalli\/Av. Comendador Agostinho Prada, compreendendo 1,1 quil\u00f4metro.\u00a0<\/p>\n<p>&#13;<\/p>\n<p>Na segunda etapa, a nova camada de asfalto seguir\u00e1 da Pra\u00e7a Prefeito Sebasti\u00e3o Fumagalli at\u00e9 a Av. Eduardo Peixoto, com 909 metros de extens\u00e3o. De acordo com o secret\u00e1rio de Obras e Servi\u00e7os P\u00fablicos, Dagoberto Guidi, como a obra recair\u00e1 sobre a faixa da direita, a interdi\u00e7\u00e3o do tr\u00e2nsito ser\u00e1 parcial, considerando-se que as demais faixas da via ficar\u00e3o liberadas. A previs\u00e3o de conclus\u00e3o de ambas as etapas \u00e9 de 15 dias, caso as condi\u00e7\u00f5es clim\u00e1ticas permane\u00e7am est\u00e1veis.<\/p>\n<p>&#13;<\/p>\n<p>\u00a0<\/p>\n<p>&#13;<br \/>\n&#13;<br \/>\n&#13;<br \/>\n&#13;<\/p>\n<aside class=\"list-related no-print\">&#13;<br \/>\n        &#13;<br \/>\n&#13;<\/p>\n<article class=\"list-item noticias \">&#13;<br \/>\n                    <a class=\"list-item__img\" href=\"https:\/\/limeira.sp.gov.br\/imprensa\/noticias\/gabinete-do-prefeito\/duque-de-caxias-sera-totalmente-liberada-ao-transito-nesta-sexta-7\" tabindex=\"-1\" aria-hidden=\"true\" rel=\"noopener\">&#13;<br \/>\n                        <img data-recalc-dims=\"1\" decoding=\"async\" src=\"https:\/\/i0.wp.com\/ecrie.com.br\/sistema\/conteudos\/imagem\/m_137_0_1_07062024162621.jpg?w=696&#038;ssl=1\" alt=\"Duque de Caxias ser\u00e1 totalmente liberada ao tr\u00e2nsito nesta sexta (7)\"\/>&#13;<br \/>\n                    <\/a>&#13;<br \/>\n&#13;<br \/>\n                &#13;<br \/>\n            <\/article>\n<p>&#13;<\/p>\n<article class=\"list-item noticias \">&#13;<br \/>\n                    <a class=\"list-item__img\" href=\"https:\/\/limeira.sp.gov.br\/imprensa\/noticias\/gabinete-do-prefeito\/caes-e-gatos-poderao-ser-adotados-no-prefeito-no-bairro-deste-sabado-8\" tabindex=\"-1\" aria-hidden=\"true\" rel=\"noopener\">&#13;<br \/>\n                        <img data-recalc-dims=\"1\" decoding=\"async\" src=\"https:\/\/i0.wp.com\/ecrie.com.br\/sistema\/conteudos\/imagem\/m_137_0_1_07062024153735.jpg?w=696&#038;ssl=1\" alt=\"C\u00e3es e gatos poder\u00e3o ser adotados no Prefeito no Bairro deste s\u00e1bado (8)\"\/>&#13;<br \/>\n                    <\/a>&#13;<br \/>\n&#13;<br \/>\n                &#13;<br \/>\n            <\/article>\n<p>&#13;<\/p>\n<article class=\"list-item noticias \">&#13;<br \/>\n                    <a class=\"list-item__img\" href=\"https:\/\/limeira.sp.gov.br\/imprensa\/noticias\/obras-e-servicos-publicos\/melhorias-viarias-na-vila-labak-entram-na-reta-final-em-limeira\" tabindex=\"-1\" aria-hidden=\"true\" rel=\"noopener\">&#13;<br \/>\n                        <img data-recalc-dims=\"1\" decoding=\"async\" src=\"https:\/\/i0.wp.com\/ecrie.com.br\/sistema\/conteudos\/imagem\/m_137_0_3_06062024164613.jpg?w=696&#038;ssl=1\" alt=\"Melhorias vi\u00e1rias na Vila Labak entram na reta final em Limeira\"\/>&#13;<br \/>\n                    <\/a>&#13;<br \/>\n&#13;<br \/>\n                &#13;<br \/>\n            <\/article>\n<p>&#13;<br \/>\n    <\/aside>\n<p>&#13;<br \/>\n&#13;<br \/>\n            <\/main><\/p><\/div>\n<p><br \/>\n<br \/><a href=\"https:\/\/limeira.sp.gov.br\/trecho-do-anel-viario-sera-recapeado-investimento-soma-r-13-milhao\" rel=\"noopener\">Informa\u00e7\u00f5es da PML <\/a><\/p>\n","protected":false},"excerpt":{"rendered":"<p>&#13; &#13; &#13; &#13; &#13; &#13; &#13; \u00a0 &#13; Importante rota de tr\u00e2nsito, para quem chega ao munic\u00edpio pela Rodovia Limeira-Piracicaba (SP-147) ou circula da regi\u00e3o do Jd. Nossa Senhora das Dores em dire\u00e7\u00e3o \u00e0 zona Leste, a\u00a0Via Ant\u00f4nio Cru\u00e3nes Filho\u00a0(Anel Vi\u00e1rio)\u00a0ser\u00e1 recapeada a partir de segunda-feira (10). Ao todo, ser\u00e3o recuperados mais de 2 [&hellip;]<\/p>\n","protected":false},"author":1,"featured_media":7878,"comment_status":"open","ping_status":"open","sticky":false,"template":"","format":"standard","meta":{"_jetpack_newsletter_access":"","_jetpack_dont_email_post_to_subs":false,"_jetpack_newsletter_tier_id":0,"_jetpack_memberships_contains_paywalled_content":false,"_mbp_banners":[],"_jetpack_feature_clip_id":0,"_jetpack_memberships_contains_paid_content":false,"footnotes":"","jetpack_publicize_message":"","jetpack_publicize_feature_enabled":true,"jetpack_social_post_already_shared":true,"jetpack_social_options":{"image_generator_settings":{"template":"highway","default_image_id":0,"font":"","enabled":false},"version":2},"jetpack_post_was_ever_published":false},"categories":[16],"tags":[],"class_list":["post-7877","post","type-post","status-publish","format-standard","has-post-thumbnail","category-local"],"jetpack_publicize_connections":[],"jetpack-related-posts":[],"jetpack_shortlink":"https:\/\/wp.me\/p7Eq1F-233","jetpack_sharing_enabled":true,"jetpack_featured_media_url":"https:\/\/i0.wp.com\/guialimeira.com.br\/news\/wp-content\/uploads\/2024\/06\/m_137_0_1_07062024164213.jpg?fit=1280%2C852&ssl=1","_links":{"self":[{"href":"https:\/\/guialimeira.com.br\/news\/wp-json\/wp\/v2\/posts\/7877","targetHints":{"allow":["GET"]}}],"collection":[{"href":"https:\/\/guialimeira.com.br\/news\/wp-json\/wp\/v2\/posts"}],"about":[{"href":"https:\/\/guialimeira.com.br\/news\/wp-json\/wp\/v2\/types\/post"}],"author":[{"embeddable":true,"href":"https:\/\/guialimeira.com.br\/news\/wp-json\/wp\/v2\/users\/1"}],"replies":[{"embeddable":true,"href":"https:\/\/guialimeira.com.br\/news\/wp-json\/wp\/v2\/comments?post=7877"}],"version-history":[{"count":0,"href":"https:\/\/guialimeira.com.br\/news\/wp-json\/wp\/v2\/posts\/7877\/revisions"}],"wp:featuredmedia":[{"embeddable":true,"href":"https:\/\/guialimeira.com.br\/news\/wp-json\/wp\/v2\/media\/7878"}],"wp:attachment":[{"href":"https:\/\/guialimeira.com.br\/news\/wp-json\/wp\/v2\/media?parent=7877"}],"wp:term":[{"taxonomy":"category","embeddable":true,"href":"https:\/\/guialimeira.com.br\/news\/wp-json\/wp\/v2\/categories?post=7877"},{"taxonomy":"post_tag","embeddable":true,"href":"https:\/\/guialimeira.com.br\/news\/wp-json\/wp\/v2\/tags?post=7877"}],"curies":[{"name":"wp","href":"https:\/\/api.w.org\/{rel}","templated":true}]}}