{"id":7870,"date":"2024-06-07T16:17:44","date_gmt":"2024-06-07T19:17:44","guid":{"rendered":"https:\/\/guialimeira.com.br\/2024\/06\/07\/rio-antecipa-vacinacao-contra-a-variante-xbb-da-covid-19\/"},"modified":"2024-06-07T16:17:44","modified_gmt":"2024-06-07T19:17:44","slug":"rio-antecipa-vacinacao-contra-a-variante-xbb-da-covid-19","status":"publish","type":"post","link":"https:\/\/guialimeira.com.br\/news\/rio-antecipa-vacinacao-contra-a-variante-xbb-da-covid-19\/","title":{"rendered":"Rio antecipa vacina\u00e7\u00e3o contra a variante XBB da covid-19"},"content":{"rendered":"<p> <br \/>\n<\/p>\n<div>\n<p>A partir desta sexta-feira (7), quem tem 60 anos ou mais poder\u00e1\u00a0se proteger com a vacina atualizada da covid-19 contra\u00a0a cepa XBB no munic\u00edpio do Rio de Janeiro. Pessoas com comorbidades com 18 anos ou mais, profissionais e trabalhadores da sa\u00fade, gestantes, pu\u00e9rperas e outros grupos priorit\u00e1rios estabelecidos pelo Minist\u00e9rio da Sa\u00fade tamb\u00e9m poder\u00e3o tomar o imunizante.<img data-recalc-dims=\"1\" decoding=\"async\" src=\"https:\/\/i0.wp.com\/agenciabrasil.ebc.com.br\/ebc.png?w=696&#038;ssl=1\" style=\"width:1px; height:1px; display:inline;\"\/><img data-recalc-dims=\"1\" decoding=\"async\" src=\"https:\/\/i0.wp.com\/agenciabrasil.ebc.com.br\/ebc.gif?w=696&#038;ssl=1\" style=\"width:1px; height:1px; display:inline;\"\/><\/p>\n<p>A vacina est\u00e1 dispon\u00edvel em todas as 238 cl\u00ednicas da fam\u00edlia e centros municipais de sa\u00fade espalhados pela cidade, al\u00e9m do Super Centro Carioca de Vacina\u00e7\u00e3o, em Botafogo, que funciona todos os dias, das 8h \u00e0s 22h; e do Super Centro Carioca de Vacina\u00e7\u00e3o unidade Campo Grande, localizado no ParkShoppingCampoGrande, que tamb\u00e9m abre todos os dias.<\/p>\n<h2>Dia D<\/h2>\n<p>Neste s\u00e1bado (8), dia D de vacina\u00e7\u00e3o contra a poliomielite, todas as cl\u00ednicas da fam\u00edlia e centros municipais de sa\u00fade v\u00e3o funcionar at\u00e9 \u00e0s 17h para vacina\u00e7\u00e3o e tamb\u00e9m disponibilizar\u00e3o o imunizante contra a covid-19\/XBB.<\/p>\n<p>\u00c9 necess\u00e1rio aguardar pelo menos tr\u00eas meses desde a \u00faltima dose de vacina contra a covid-19 para receber o imunizante\u00a0atualizado.<\/p>\n<\/p><\/div>\n<p><br \/>\n<br \/><a href=\"https:\/\/agenciabrasil.ebc.com.br\/saude\/noticia\/2024-06\/rio-antecipa-vacinacao-contra-variante-xbb-da-covid-19\" rel=\"noopener\">Ag\u00eancia Brasil <\/a><\/p>\n","protected":false},"excerpt":{"rendered":"<p>A partir desta sexta-feira (7), quem tem 60 anos ou mais poder\u00e1\u00a0se proteger com a vacina atualizada da covid-19 contra\u00a0a cepa XBB no munic\u00edpio do Rio de Janeiro. Pessoas com comorbidades com 18 anos ou mais, profissionais e trabalhadores da sa\u00fade, gestantes, pu\u00e9rperas e outros grupos priorit\u00e1rios estabelecidos pelo Minist\u00e9rio da Sa\u00fade tamb\u00e9m poder\u00e3o tomar [&hellip;]<\/p>\n","protected":false},"author":1,"featured_media":891,"comment_status":"open","ping_status":"open","sticky":false,"template":"","format":"standard","meta":{"_jetpack_newsletter_access":"","_jetpack_dont_email_post_to_subs":false,"_jetpack_newsletter_tier_id":0,"_jetpack_memberships_contains_paywalled_content":false,"_mbp_banners":[],"_jetpack_feature_clip_id":0,"_jetpack_memberships_contains_paid_content":false,"footnotes":"","jetpack_publicize_message":"","jetpack_publicize_feature_enabled":true,"jetpack_social_post_already_shared":true,"jetpack_social_options":{"image_generator_settings":{"template":"highway","default_image_id":0,"font":"","enabled":false},"version":2},"jetpack_post_was_ever_published":false},"categories":[15],"tags":[],"class_list":["post-7870","post","type-post","status-publish","format-standard","has-post-thumbnail","category-saude"],"jetpack_publicize_connections":[],"jetpack-related-posts":[],"jetpack_shortlink":"https:\/\/wp.me\/p7Eq1F-22W","jetpack_sharing_enabled":true,"jetpack_featured_media_url":"https:\/\/i0.wp.com\/guialimeira.com.br\/news\/wp-content\/uploads\/2024\/04\/img_3382.jpg?fit=1600%2C800&ssl=1","_links":{"self":[{"href":"https:\/\/guialimeira.com.br\/news\/wp-json\/wp\/v2\/posts\/7870","targetHints":{"allow":["GET"]}}],"collection":[{"href":"https:\/\/guialimeira.com.br\/news\/wp-json\/wp\/v2\/posts"}],"about":[{"href":"https:\/\/guialimeira.com.br\/news\/wp-json\/wp\/v2\/types\/post"}],"author":[{"embeddable":true,"href":"https:\/\/guialimeira.com.br\/news\/wp-json\/wp\/v2\/users\/1"}],"replies":[{"embeddable":true,"href":"https:\/\/guialimeira.com.br\/news\/wp-json\/wp\/v2\/comments?post=7870"}],"version-history":[{"count":0,"href":"https:\/\/guialimeira.com.br\/news\/wp-json\/wp\/v2\/posts\/7870\/revisions"}],"wp:featuredmedia":[{"embeddable":true,"href":"https:\/\/guialimeira.com.br\/news\/wp-json\/wp\/v2\/media\/891"}],"wp:attachment":[{"href":"https:\/\/guialimeira.com.br\/news\/wp-json\/wp\/v2\/media?parent=7870"}],"wp:term":[{"taxonomy":"category","embeddable":true,"href":"https:\/\/guialimeira.com.br\/news\/wp-json\/wp\/v2\/categories?post=7870"},{"taxonomy":"post_tag","embeddable":true,"href":"https:\/\/guialimeira.com.br\/news\/wp-json\/wp\/v2\/tags?post=7870"}],"curies":[{"name":"wp","href":"https:\/\/api.w.org\/{rel}","templated":true}]}}