{"id":7868,"date":"2024-06-07T15:45:47","date_gmt":"2024-06-07T18:45:47","guid":{"rendered":"https:\/\/guialimeira.com.br\/2024\/06\/07\/copa-dos-campeoes-acontece-no-domingo-no-gigantao\/"},"modified":"2024-06-07T15:45:47","modified_gmt":"2024-06-07T18:45:47","slug":"copa-dos-campeoes-acontece-no-domingo-no-gigantao","status":"publish","type":"post","link":"https:\/\/guialimeira.com.br\/news\/copa-dos-campeoes-acontece-no-domingo-no-gigantao\/","title":{"rendered":"Copa dos Campe\u00f5es acontece no domingo, no Gigant\u00e3o"},"content":{"rendered":"<p> <br \/>\n<\/p>\n<div>\n            <main class=\"\">&#13;<br \/>\n                &#13;<br \/>\n&#13;<br \/>\n&#13;<br \/>\n&#13;<br \/>\n    <img data-recalc-dims=\"1\" decoding=\"async\" src=\"https:\/\/i0.wp.com\/ecrie.com.br\/sistema\/conteudos\/imagem\/m_137_0_1_05102023152542.jpg?w=696&#038;ssl=1\" alt=\"Copa dos Campe\u00f5es acontece no domingo, no Gigant\u00e3o\"\/>&#13;<br \/>\n&#13;<\/p>\n<p align=\"justify\">A Secretaria de Esporte e Lazer informa que a final da Copa dos Campe\u00f5es 2024 acontece neste domingo (9), a partir das 9h. A partida entre o Nova Su\u00ed\u00e7a e o GR Paranaense ser\u00e1 na Pra\u00e7a de Esportes \u201cEduardo Basso\u201d \u2013 o Gigant\u00e3o, no bairro Cecap. O projeto \u00e9 executado pela Prefeitura de Limeira, por meio dos termos de fomento do esporte.<\/p>\n<p>&#13;<\/p>\n<p align=\"justify\">A tabela completa da competi\u00e7\u00e3o pode ser consultada no site da prefeitura (www.limeira.sp.gov.br\/secretarias\/esporte-e-lazer\/regulamentos).<\/p>\n<p>&#13;<br \/>\n&#13;<br \/>\n&#13;<br \/>\n&#13;<\/p>\n<aside class=\"list-related no-print\">&#13;<br \/>\n        &#13;<br \/>\n&#13;<\/p>\n<article class=\"list-item noticias \">&#13;<br \/>\n                    <a class=\"list-item__img\" href=\"https:\/\/limeira.sp.gov.br\/imprensa\/noticias\/esporte-e-lazer\/adesao-ao-dia-do-desafio-aumenta-34-com-participacao-de-34381-limeirenses\" tabindex=\"-1\" aria-hidden=\"true\" rel=\"noopener\">&#13;<br \/>\n                        <img data-recalc-dims=\"1\" decoding=\"async\" src=\"https:\/\/i0.wp.com\/ecrie.com.br\/sistema\/conteudos\/imagem\/m_137_0_1_03062024155403.jpg?w=696&#038;ssl=1\" alt=\"Ades\u00e3o ao Dia do Desafio aumenta 34%, com participa\u00e7\u00e3o de 34.381 limeirenses\"\/>&#13;<br \/>\n                    <\/a>&#13;<br \/>\n&#13;<br \/>\n                &#13;<br \/>\n            <\/article>\n<p>&#13;<\/p>\n<article class=\"list-item noticias \">&#13;<br \/>\n                    <a class=\"list-item__img\" href=\"https:\/\/limeira.sp.gov.br\/imprensa\/noticias\/esporte-e-lazer\/acao-nas-pracas-esta-com-inscricoes-abertas-ate-o-dia-16\" tabindex=\"-1\" aria-hidden=\"true\" rel=\"noopener\">&#13;<br \/>\n                        <img data-recalc-dims=\"1\" decoding=\"async\" src=\"https:\/\/i0.wp.com\/ecrie.com.br\/sistema\/conteudos\/imagem\/m_137_18_67_15122022150125.jpg?w=696&#038;ssl=1\" alt=\"A\u00e7\u00e3o nas Pra\u00e7as est\u00e1 com inscri\u00e7\u00f5es abertas at\u00e9 o dia 16\"\/>&#13;<br \/>\n                    <\/a>&#13;<br \/>\n&#13;<br \/>\n                &#13;<br \/>\n            <\/article>\n<p>&#13;<\/p>\n<article class=\"list-item noticias \">&#13;<br \/>\n                    <a class=\"list-item__img\" href=\"https:\/\/limeira.sp.gov.br\/imprensa\/noticias\/esporte-e-lazer\/inscricoes-para-os-jogos-escolares-seguem-abertas\" tabindex=\"-1\" aria-hidden=\"true\" rel=\"noopener\">&#13;<br \/>\n                        <img data-recalc-dims=\"1\" decoding=\"async\" src=\"https:\/\/i0.wp.com\/ecrie.com.br\/sistema\/conteudos\/imagem\/m_137_0_1_03062024134201.jpg?w=696&#038;ssl=1\" alt=\"Inscri\u00e7\u00f5es para os Jogos Escolares seguem abertas\"\/>&#13;<br \/>\n                    <\/a>&#13;<br \/>\n&#13;<br \/>\n                &#13;<br \/>\n            <\/article>\n<p>&#13;<br \/>\n    <\/aside>\n<p>&#13;<br \/>\n&#13;<br \/>\n            <\/main><\/p><\/div>\n<p><br \/>\n<br \/><a href=\"https:\/\/limeira.sp.gov.br\/copa-dos-campeoes-acontece-no-domingo-no-gigantao\" rel=\"noopener\">Informa\u00e7\u00f5es da PML <\/a><\/p>\n","protected":false},"excerpt":{"rendered":"<p>&#13; &#13; &#13; &#13; &#13; &#13; &#13; A Secretaria de Esporte e Lazer informa que a final da Copa dos Campe\u00f5es 2024 acontece neste domingo (9), a partir das 9h. A partida entre o Nova Su\u00ed\u00e7a e o GR Paranaense ser\u00e1 na Pra\u00e7a de Esportes \u201cEduardo Basso\u201d \u2013 o Gigant\u00e3o, no bairro Cecap. O projeto [&hellip;]<\/p>\n","protected":false},"author":1,"featured_media":7869,"comment_status":"open","ping_status":"open","sticky":false,"template":"","format":"standard","meta":{"_jetpack_newsletter_access":"","_jetpack_dont_email_post_to_subs":false,"_jetpack_newsletter_tier_id":0,"_jetpack_memberships_contains_paywalled_content":false,"_mbp_banners":[],"_jetpack_feature_clip_id":0,"_jetpack_memberships_contains_paid_content":false,"footnotes":"","jetpack_publicize_message":"","jetpack_publicize_feature_enabled":true,"jetpack_social_post_already_shared":true,"jetpack_social_options":{"image_generator_settings":{"template":"highway","default_image_id":0,"font":"","enabled":false},"version":2},"jetpack_post_was_ever_published":false},"categories":[16],"tags":[],"class_list":["post-7868","post","type-post","status-publish","format-standard","has-post-thumbnail","category-local"],"jetpack_publicize_connections":[],"jetpack-related-posts":[],"jetpack_shortlink":"https:\/\/wp.me\/p7Eq1F-22U","jetpack_sharing_enabled":true,"jetpack_featured_media_url":"https:\/\/i0.wp.com\/guialimeira.com.br\/news\/wp-content\/uploads\/2024\/06\/m_137_0_1_05102023152542.jpg?fit=1280%2C852&ssl=1","_links":{"self":[{"href":"https:\/\/guialimeira.com.br\/news\/wp-json\/wp\/v2\/posts\/7868","targetHints":{"allow":["GET"]}}],"collection":[{"href":"https:\/\/guialimeira.com.br\/news\/wp-json\/wp\/v2\/posts"}],"about":[{"href":"https:\/\/guialimeira.com.br\/news\/wp-json\/wp\/v2\/types\/post"}],"author":[{"embeddable":true,"href":"https:\/\/guialimeira.com.br\/news\/wp-json\/wp\/v2\/users\/1"}],"replies":[{"embeddable":true,"href":"https:\/\/guialimeira.com.br\/news\/wp-json\/wp\/v2\/comments?post=7868"}],"version-history":[{"count":0,"href":"https:\/\/guialimeira.com.br\/news\/wp-json\/wp\/v2\/posts\/7868\/revisions"}],"wp:featuredmedia":[{"embeddable":true,"href":"https:\/\/guialimeira.com.br\/news\/wp-json\/wp\/v2\/media\/7869"}],"wp:attachment":[{"href":"https:\/\/guialimeira.com.br\/news\/wp-json\/wp\/v2\/media?parent=7868"}],"wp:term":[{"taxonomy":"category","embeddable":true,"href":"https:\/\/guialimeira.com.br\/news\/wp-json\/wp\/v2\/categories?post=7868"},{"taxonomy":"post_tag","embeddable":true,"href":"https:\/\/guialimeira.com.br\/news\/wp-json\/wp\/v2\/tags?post=7868"}],"curies":[{"name":"wp","href":"https:\/\/api.w.org\/{rel}","templated":true}]}}