{"id":7860,"date":"2024-06-07T14:33:42","date_gmt":"2024-06-07T17:33:42","guid":{"rendered":"https:\/\/guialimeira.com.br\/2024\/06\/07\/morre-pampa-jogador-da-geracao-de-ouro-do-volei-aos-59-anos\/"},"modified":"2024-06-07T14:33:42","modified_gmt":"2024-06-07T17:33:42","slug":"morre-pampa-jogador-da-geracao-de-ouro-do-volei-aos-59-anos","status":"publish","type":"post","link":"https:\/\/guialimeira.com.br\/news\/morre-pampa-jogador-da-geracao-de-ouro-do-volei-aos-59-anos\/","title":{"rendered":"Morre Pampa, jogador da gera\u00e7\u00e3o de ouro do v\u00f4lei, aos 59 anos"},"content":{"rendered":"<p> <br \/>\n<\/p>\n<div>\n<p>O ex-jogador Andr\u00e9 Felippe Falbo Ferreira, o Pampa, que conquistou o primeiro t\u00edtulo ol\u00edmpico do v\u00f4lei brasileiro nos Jogos de Barcelona (1992), morreu nesta sexta-feira (7), aos 59 anos, na UTI do Hospital Benefic\u00eancia Portuguesa de S\u00e3o Paulo, na capital paulista. O ex-ponteiro fazia tratamento para<a href=\"https:\/\/agenciabrasil.ebc.com.br\/saude\/noticia\/2021-10\/linfoma-de-hodgkin-e-um-tipo-de-cancer-raro-e-que-tem-cura\" rel=\"noopener\"><strong> linfoma de Hodgkin<\/strong><\/a> (c\u00e2ncer no sistema linf\u00e1tico).\u00a0<img data-recalc-dims=\"1\" decoding=\"async\" src=\"https:\/\/i0.wp.com\/agenciabrasil.ebc.com.br\/ebc.png?w=696&#038;ssl=1\" style=\"width:1px; height:1px; display:inline;\"\/><img data-recalc-dims=\"1\" decoding=\"async\" src=\"https:\/\/i0.wp.com\/agenciabrasil.ebc.com.br\/ebc.gif?w=696&#038;ssl=1\" style=\"width:1px; height:1px; display:inline;\"\/><\/p>\n<p>Em nota de pesar, a Confedera\u00e7\u00e3o Brasileira de V\u00f4lei (CBV), lamentou o falecimento, ressaltado a import\u00e2ncia de Pampa na hist\u00f3ria da modalidade. \u00a0<\/p>\n<blockquote>\n<p>\u00a0\u201cPampa foi um jogador de extremo talento e fez parte da gera\u00e7\u00e3o que levou o v\u00f4lei brasileiro pela primeira vez ao alto do p\u00f3dio ol\u00edmpico. Ser\u00e1 para sempre refer\u00eancia. \u00c9 um dia muito triste para todo o voleibol brasileiro. A CBV se solidariza com a fam\u00edlia e os amigos deste grande jogador, que escreveu seu nome para sempre na hist\u00f3ria do esporte mundial\u201d, disse Radam\u00e9s\u00a0Lattari, presidente da entidade.<\/p>\n<\/blockquote>\n<p>A morte de Pampa ecoou nas redes sociais, com manifesta\u00e7\u00f5es do\u00a0Comit\u00ea Ol\u00edmpico do Brasil, personalidades do esporte e\u00a0clubes onde o ex-jogador atuou.<\/p>\n<blockquote class=\"twitter-tweet\">\n<p dir=\"ltr\" lang=\"pt\" xml:lang=\"pt\">\u00c9 com grande pesar que comunicamos o falecimento do campe\u00e3o ol\u00edmpico Andr\u00e9 Felippe Falbo Ferreira, o Pampa.<\/p>\n<p>Ex-atleta de v\u00f4lei, disputou os Jogos de Seul 1988 e Barcelona 1992, edi\u00e7\u00e3o em que Pampa foi medalhista de ouro com a sele\u00e7\u00e3o.<\/p>\n<p>O v\u00f4lei e o esporte brasileiros ser\u00e3o\u2026 <a href=\"https:\/\/t.co\/42mWQ3tOAa\">pic.twitter.com\/42mWQ3tOAa<\/a><\/p>\n<p>\u2014 Time Brasil (@timebrasil) <a href=\"https:\/\/twitter.com\/timebrasil\/status\/1799114928663453855?ref_src=twsrc%5Etfw\" rel=\"noopener\">June 7, 2024<\/a><\/p><\/blockquote>\n<p>Antes mesmo de conquistar o primeiro ouro ol\u00edmpico com a sele\u00e7\u00e3o, em que atuou por nove anos, Pampa j\u00e1 havia sido eleito o melhor atacante dos nos Jogos de Seul (1988) pela Federa\u00e7\u00e3o Internacional de Voleibol (FIVB)- na ocasi\u00e3o, o Brasil terminou em quarto lugar.<\/p>\n<p>Al\u00e9m de Pampa, a equipe campe\u00e3 ol\u00edmpica conhecida como &#8220;gera\u00e7\u00e3o de ouro&#8221;\u00a0era formada por Carl\u00e3o, Douglas, Giovane, Janelson, Jorge Edson, Marcelo Negr\u00e3o, Maur\u00edcio, Pampa, Paul\u00e3o, Talmo e Tande. Um ano ap\u00f3s o ouro em Barcelona, \u00a0o ex-ponteiro faturou com a amarelinha o t\u00edtulo da Liga Mundial. Nascido em Recife, Pampa tamb\u00e9m foi campe\u00e3o dos Jogos Pan-Americanos de 1991.<\/p>\n<blockquote class=\"twitter-tweet\">\n<p dir=\"ltr\" lang=\"pt\" xml:lang=\"pt\">O S\u00e3o Paulo FC lamenta o falecimento de Andr\u00e9 Felippe Falbo Ferreira, o Pampa, aos 59 anos. Campe\u00e3o ol\u00edmpico de v\u00f4lei em 1992, Pampa defendeu a camisa s\u00e3o-paulina e foi diretor t\u00e9cnico na d\u00e9cada de 90.<\/p>\n<p>Desejamos for\u00e7a e conforto aos familiares, amigos e f\u00e3s. <a href=\"https:\/\/t.co\/3mxateiwZd\">pic.twitter.com\/3mxateiwZd<\/a><\/p>\n<p>\u2014 S\u00e3o Paulo FC (@SaoPauloFC) <a href=\"https:\/\/twitter.com\/SaoPauloFC\/status\/1799108025170723194?ref_src=twsrc%5Etfw\" rel=\"noopener\">June 7, 2024<\/a><\/p><\/blockquote>\n<p>No Brasil, ele defendeu as equipes do Palmeiras, S\u00e3o Paulo, Santa Cruz e e Suzano, e no exterior atuou no Nec\/Osaka (Jap\u00e3o) e nos clubes italiano Lazio e Napoli. Ap\u00f3s se aposentar, Pampa se dedicou \u00e0 vida p\u00fablica: trabalhou no Minist\u00e9rio dos Esportes (2000 a 2002), foi secret\u00e1rio de esportes de Suzano-SP (2007 a 2010) e de Campos-RJ (2013 a junho de 2015). A partir de julho de 2015, foi superintendente estadual de esportes do Estado de Pernambuco.<\/p>\n<blockquote class=\"twitter-tweet\">\n<p dir=\"ltr\" lang=\"pt\" xml:lang=\"pt\">Acabo de receber a not\u00edcia da passagem do campe\u00e3o ol\u00edmpico Andr\u00e9 Ferreira. Grande nome da gera\u00e7\u00e3o de ouro do volei, Pampa inspirou muitos atletas a seguirem o sonho ol\u00edmpico. Uma perda lastim\u00e1vel para o esporte brasileiro. Meus sentimentos \u00e0 fam\u00edlia, amigos e f\u00e3s. <a href=\"https:\/\/t.co\/YErnFqK2jo\">pic.twitter.com\/YErnFqK2jo<\/a><\/p>\n<p>\u2014 Leila Barros (Leila do V\u00f4lei) (@leiladovolei) <a href=\"https:\/\/twitter.com\/leiladovolei\/status\/1799093673180664058?ref_src=twsrc%5Etfw\" rel=\"noopener\">June 7, 2024<\/a><\/p><\/blockquote><\/div>\n<p><script async src=\"\/\/platform.twitter.com\/widgets.js\" charset=\"utf-8\"><\/script><br \/>\n<br \/><br \/>\n<br \/><a href=\"https:\/\/agenciabrasil.ebc.com.br\/esportes\/noticia\/2024-06\/morre-pampa-jogador-da-geracao-de-ouro-do-volei-aos-59-anos\" rel=\"noopener\">Ag\u00eancia Brasil<\/a><\/p>\n","protected":false},"excerpt":{"rendered":"<p>O ex-jogador Andr\u00e9 Felippe Falbo Ferreira, o Pampa, que conquistou o primeiro t\u00edtulo ol\u00edmpico do v\u00f4lei brasileiro nos Jogos de Barcelona (1992), morreu nesta sexta-feira (7), aos 59 anos, na UTI do Hospital Benefic\u00eancia Portuguesa de S\u00e3o Paulo, na capital paulista. O ex-ponteiro fazia tratamento para linfoma de Hodgkin (c\u00e2ncer no sistema linf\u00e1tico).\u00a0 Em nota [&hellip;]<\/p>\n","protected":false},"author":1,"featured_media":7861,"comment_status":"open","ping_status":"open","sticky":false,"template":"","format":"standard","meta":{"_jetpack_newsletter_access":"","_jetpack_dont_email_post_to_subs":false,"_jetpack_newsletter_tier_id":0,"_jetpack_memberships_contains_paywalled_content":false,"_mbp_banners":[],"_jetpack_feature_clip_id":0,"_jetpack_memberships_contains_paid_content":false,"footnotes":"","jetpack_publicize_message":"","jetpack_publicize_feature_enabled":true,"jetpack_social_post_already_shared":true,"jetpack_social_options":{"image_generator_settings":{"template":"highway","default_image_id":0,"font":"","enabled":false},"version":2},"jetpack_post_was_ever_published":false},"categories":[23],"tags":[],"class_list":["post-7860","post","type-post","status-publish","format-standard","has-post-thumbnail","category-esportes"],"jetpack_publicize_connections":[],"jetpack-related-posts":[],"jetpack_shortlink":"https:\/\/wp.me\/p7Eq1F-22M","jetpack_sharing_enabled":true,"jetpack_featured_media_url":"https:\/\/i0.wp.com\/guialimeira.com.br\/news\/wp-content\/uploads\/2024\/06\/pampa_2_volei_obituario.png?fit=1600%2C800&ssl=1","_links":{"self":[{"href":"https:\/\/guialimeira.com.br\/news\/wp-json\/wp\/v2\/posts\/7860","targetHints":{"allow":["GET"]}}],"collection":[{"href":"https:\/\/guialimeira.com.br\/news\/wp-json\/wp\/v2\/posts"}],"about":[{"href":"https:\/\/guialimeira.com.br\/news\/wp-json\/wp\/v2\/types\/post"}],"author":[{"embeddable":true,"href":"https:\/\/guialimeira.com.br\/news\/wp-json\/wp\/v2\/users\/1"}],"replies":[{"embeddable":true,"href":"https:\/\/guialimeira.com.br\/news\/wp-json\/wp\/v2\/comments?post=7860"}],"version-history":[{"count":0,"href":"https:\/\/guialimeira.com.br\/news\/wp-json\/wp\/v2\/posts\/7860\/revisions"}],"wp:featuredmedia":[{"embeddable":true,"href":"https:\/\/guialimeira.com.br\/news\/wp-json\/wp\/v2\/media\/7861"}],"wp:attachment":[{"href":"https:\/\/guialimeira.com.br\/news\/wp-json\/wp\/v2\/media?parent=7860"}],"wp:term":[{"taxonomy":"category","embeddable":true,"href":"https:\/\/guialimeira.com.br\/news\/wp-json\/wp\/v2\/categories?post=7860"},{"taxonomy":"post_tag","embeddable":true,"href":"https:\/\/guialimeira.com.br\/news\/wp-json\/wp\/v2\/tags?post=7860"}],"curies":[{"name":"wp","href":"https:\/\/api.w.org\/{rel}","templated":true}]}}