{"id":7854,"date":"2024-06-07T13:43:49","date_gmt":"2024-06-07T16:43:49","guid":{"rendered":"https:\/\/guialimeira.com.br\/2024\/06\/07\/castello-branco-e-brasil-levam-principais-premios-dentro-do-verso-e-voz-2024-evento-e-marcado-pela-qualidade-das-apresentacoes\/"},"modified":"2024-06-07T13:43:49","modified_gmt":"2024-06-07T16:43:49","slug":"castello-branco-e-brasil-levam-principais-premios-dentro-do-verso-e-voz-2024-evento-e-marcado-pela-qualidade-das-apresentacoes","status":"publish","type":"post","link":"https:\/\/guialimeira.com.br\/news\/castello-branco-e-brasil-levam-principais-premios-dentro-do-verso-e-voz-2024-evento-e-marcado-pela-qualidade-das-apresentacoes\/","title":{"rendered":"Castello Branco e Brasil levam principais pr\u00eamios dentro do Verso e Voz 2024; evento \u00e9 marcado pela qualidade das apresenta\u00e7\u00f5es"},"content":{"rendered":"<p> <br \/>\n<\/p>\n<div id=\"\">&#13;<br \/>\n                &#13;<br \/>\n&#13;<br \/>\n&#13;<br \/>\n&#13;<br \/>\n    <img data-recalc-dims=\"1\" decoding=\"async\" src=\"https:\/\/i0.wp.com\/ecrie.com.br\/sistema\/conteudos\/imagem\/m_137_0_1_07062024130706.jpeg?w=696&#038;ssl=1\" alt=\"Castello Branco e Brasil levam principais pr\u00eamios dentro do Verso e Voz 2024; evento \u00e9 marcado pela qualidade das apresenta\u00e7\u00f5es\"\/>&#13;<br \/>\n&#13;<\/p>\n<p style=\"text-align: justify;\"><span style=\"font-weight: 400;\">Mais uma vez, a disputa dentro do projeto Verso e Voz, um concurso de declama\u00e7\u00e3o de poesias destinado \u00e0s escolas p\u00fablicas de Limeira, foi acirrada, mas as escolas Castello Branco e Brasil sa\u00edram com as premia\u00e7\u00f5es mais disputadas do evento ocorrido na tarde desta quinta-feira (6), no Teatro Vit\u00f3ria Emiliano Bernardo da Silva. A a\u00e7\u00e3o, idealizada pelo vereador Jos\u00e9 Farid Zaine, foi executada pela Prefeitura, por meio da Secretaria de Cultura, com os apoios da Diretoria de Ensino e Centro do Professorado Paulista (CPP).<\/span><\/p>\n<p>&#13;<\/p>\n<p style=\"text-align: justify;\"><span style=\"font-weight: 400;\">A melhor declama\u00e7\u00e3o do ensino fundamental, anos finais, foi a do Castello Branco, seguida das escolas Brasil (prata) e Marciliano (bronze). J\u00e1 no ensino m\u00e9dio, o ouro em declama\u00e7\u00e3o ficou para o Brasil, seguida pelas escolas Gabriel Pozzi (prata) e Dorivaldo Damm (bronze). No quesito torcida, outra premia\u00e7\u00e3o bastante disputada dentro do Verso e Voz, no caso do ensino fundamental, venceram Castello Branco (ouro), Brasil (prata) e Jos\u00e9 Ferraz (bronze). J\u00e1 no m\u00e9dio, venceram Perches (ouro), Brasil (prata) e Gabriel Pozzi (bronze) Veja as premia\u00e7\u00f5es completas abaixo.<\/span><\/p>\n<p>&#13;<\/p>\n<p style=\"text-align: justify;\"><span style=\"font-weight: 400;\">O prefeito Mario Botion destacou a emo\u00e7\u00e3o das declama\u00e7\u00f5es. \u201cEsse projeto \u00e9 um dos mais emocionantes que temos na \u00e1rea cultural da cidade, porque vemos o tanto que os professores e os alunos entregam-se ao que se \u00e9 proposto\u201d. Foi sob a administra\u00e7\u00e3o de Botion que o Verso e Voz passou a oferecer ajuda de custo \u00e0s escolas participantes.\u00a0<\/span><\/p>\n<p>&#13;<\/p>\n<p style=\"text-align: justify;\"><span style=\"font-weight: 400;\">A vice-prefeita Erika Tank falou sobre o protagonismo dos jovens, das mais diversas regi\u00f5es da cidade. \u201cMuitos de voc\u00eas est\u00e3o aqui pela primeira vez hoje e isso \u00e9 de uma simbologia muito importante, porque esse Teatro \u00e9 de voc\u00eas e nosso compromisso \u00e9 o de oferecer a voc\u00eas alternativas cada vez mais diversificadas, pois a cultura nos desperta para excelentes oportunidades na vida\u201d.<\/span><\/p>\n<p>&#13;<\/p>\n<p style=\"text-align: justify;\"><span style=\"font-weight: 400;\">Para Farid, \u00e9 um orgulho ver o Verso e Voz cada vez mais potente dentro do calend\u00e1rio da cidade, uma semente que nasceu em 1994, na escola Pozzi, e agora movimenta as escola, cumprindo seu papel para o despertar de crian\u00e7as e jovens \u00e0 leitura da poesias. \u201cO objetivo do Verso e Voz, quando o criei, era justamente o de fazer as crian\u00e7as e os adolescentes lerem poesias, um g\u00eanero da nossa literatura t\u00e3o importante. Fico muito satisfeito em ver que, passados 30 anos, dadas \u00e0s devidas propor\u00e7\u00f5es de tempo e tecnologia, esse projeto segue sendo t\u00e3o envolvente\u201d. Farid refor\u00e7ou que a edi\u00e7\u00e3o deste ano foi marcada pela qualidade das performances levadas ao palco do Teatro Vit\u00f3ria.<\/span><\/p>\n<p>&#13;<\/p>\n<p style=\"text-align: justify;\"><span style=\"font-weight: 400;\">Al\u00e9m de Botion, Erika e Farid, representantes da Diretoria de Ensino e do CPP, e o secret\u00e1rio de Cultura, Evandro Leite da Silva, tamb\u00e9m prestigiaram ao concurso.<\/span><\/p>\n<p>&#13;<\/p>\n<p style=\"text-align: justify;\">\u00a0<\/p>\n<p>&#13;<\/p>\n<p style=\"text-align: justify;\"><strong>PREMIA\u00c7\u00d5ES<\/strong><\/p>\n<p>&#13;<\/p>\n<p style=\"text-align: justify;\"><span style=\"font-weight: 400;\">No ensino fundamental, a escola ouro em declama\u00e7\u00e3o levou outras cinco medalhas em outras categorias. J\u00e1 no ensino m\u00e9dio, a escola vencedora recebeu medalhas em todas as modalidades.\u00a0<\/span><\/p>\n<p>&#13;<\/p>\n<p style=\"text-align: justify;\"><span style=\"font-weight: 400;\">O resultado foi definido pelo corpo de jurados formado por Bruna Carvalho de Oliveira, Lucas Domiciano, Miriam Soares, Carlos Jer\u00f4nimo, Catharina Fernanda Boldt e Jonatas Noguel.<\/span><\/p>\n<p>&#13;<\/p>\n<p style=\"text-align: justify;\"><span style=\"font-weight: 400;\">Confira:<\/span><\/p>\n<p>&#13;<\/p>\n<p style=\"text-align: justify;\"><span style=\"font-weight: 400;\">FUNDAMENTAL:<\/span><\/p>\n<p>&#13;<\/p>\n<p style=\"text-align: justify;\"><span style=\"font-weight: 400;\">Maquiagem: Brasil (ouro), Jos\u00e9 Marciliano (prata) e Castello Branco (bronze);<\/span><\/p>\n<p>&#13;<\/p>\n<p style=\"text-align: justify;\"><span style=\"font-weight: 400;\">Cen\u00e1rio: Brasil (ouro), Ely (prata) e Castello Branco (bronze);<\/span><\/p>\n<p>&#13;<\/p>\n<p style=\"text-align: justify;\"><span style=\"font-weight: 400;\">Figurino: Jos\u00e9 Marciliano (ouro), Brasil (prata) e Castello Branco (bronze);<\/span><\/p>\n<p>&#13;<\/p>\n<p style=\"text-align: justify;\"><span style=\"font-weight: 400;\">Trilha Sonora: Brasil (ouro), Ely (prata) e Jos\u00e9 Ferraz (bronze);<\/span><\/p>\n<p>&#13;<\/p>\n<p style=\"text-align: justify;\"><span style=\"font-weight: 400;\">Performance: Brasil (ouro), Castello Branco (prata) e Jos\u00e9 Marciliano (bronze);<\/span><\/p>\n<p>&#13;<\/p>\n<p style=\"text-align: justify;\"><span style=\"font-weight: 400;\">Torcida: Castello Branco (ouro), Brasil (prata) e Jos\u00e9 Ferraz (bronze);<\/span><\/p>\n<p>&#13;<\/p>\n<p style=\"text-align: justify;\"><span style=\"font-weight: 400;\">Declama\u00e7\u00e3o: Castello Branco (ouro), Brasil (prata) e Jos\u00e9 Marciliano (bronze).<\/span><\/p>\n<p>&#13;<\/p>\n<p style=\"text-align: justify;\">\u00a0<\/p>\n<p>&#13;<\/p>\n<p style=\"text-align: justify;\"><span style=\"font-weight: 400;\">M\u00c9DIO:<\/span><\/p>\n<p>&#13;<\/p>\n<p style=\"text-align: justify;\"><span style=\"font-weight: 400;\">Maquiagem: Brasil (ouro), Dorivaldo Damm (prata) e Dom Idilio (bronze);<\/span><\/p>\n<p>&#13;<\/p>\n<p style=\"text-align: justify;\"><span style=\"font-weight: 400;\">Cen\u00e1rio: Brasil (ouro), Perches (prata) e Dorivaldo Damm (bronze);<\/span><\/p>\n<p>&#13;<\/p>\n<p style=\"text-align: justify;\"><span style=\"font-weight: 400;\">Figurino: Brasil (ouro), Perches (prata) e Gabriel Pozzi (bronze);<\/span><\/p>\n<p>&#13;<\/p>\n<p style=\"text-align: justify;\"><span style=\"font-weight: 400;\">Trilha Sonora: Brasil (ouro), Gabriel Pozzi (prata) e Perches (bronze);<\/span><\/p>\n<p>&#13;<\/p>\n<p style=\"text-align: justify;\"><span style=\"font-weight: 400;\">Performance: Brasil (ouro), Perches (prata) e Gabriel Pozzi (bronze);<\/span><\/p>\n<p>&#13;<\/p>\n<p style=\"text-align: justify;\"><span style=\"font-weight: 400;\">Torcida: Perches (ouro), Brasil (prata) e Gabriel Pozzi (bronze);<\/span><\/p>\n<p>&#13;<\/p>\n<p style=\"text-align: justify;\"><span style=\"font-weight: 400;\">Declama\u00e7\u00e3o: Brasil (ouro), Gabriel Pozzi (prata) e Dorivaldo Damm (bronze).<\/span><\/p>\n<p>&#13;<br \/>\n&#13;<br \/>\n&#13;<br \/>\n&#13;<\/p>\n<aside class=\"list-related no-print\">&#13;<br \/>\n        &#13;<br \/>\n&#13;<\/p>\n<article class=\"list-item noticias \">&#13;<br \/>\n                    <a class=\"list-item__img\" href=\"https:\/\/limeira.sp.gov.br\/imprensa\/noticias\/cultura\/espetaculo-de-danca-vida-viver-e-uma-arte-acontece-neste-domingo-9\" tabindex=\"-1\" aria-hidden=\"true\" rel=\"noopener\">&#13;<br \/>\n                        <img data-recalc-dims=\"1\" decoding=\"async\" src=\"https:\/\/i0.wp.com\/ecrie.com.br\/sistema\/conteudos\/imagem\/m_137_0_1_07062024115027.jpeg?w=696&#038;ssl=1\" alt=\"Espet\u00e1culo de dan\u00e7a \u201cVida: Viver \u00e9 Uma Arte\u201d acontece neste domingo (9)\"\/>&#13;<br \/>\n                    <\/a>&#13;<br \/>\n&#13;<br \/>\n                &#13;<br \/>\n            <\/article>\n<p>&#13;<\/p>\n<article class=\"list-item noticias \">&#13;<br \/>\n                    <a class=\"list-item__img\" href=\"https:\/\/limeira.sp.gov.br\/imprensa\/noticias\/cultura\/arthur-giambelli-apresenta-retreta-com-repertorio-romantico-neste-domingo-9\" tabindex=\"-1\" aria-hidden=\"true\" rel=\"noopener\">&#13;<br \/>\n                        <img data-recalc-dims=\"1\" decoding=\"async\" src=\"https:\/\/i0.wp.com\/ecrie.com.br\/sistema\/conteudos\/imagem\/m_137_0_1_22062023114351.jpeg?w=696&#038;ssl=1\" alt=\"Arthur Giambelli apresenta retreta com repert\u00f3rio rom\u00e2ntico, neste domingo (9)\"\/>&#13;<br \/>\n                    <\/a>&#13;<br \/>\n&#13;<br \/>\n                &#13;<br \/>\n            <\/article>\n<p>&#13;<\/p>\n<article class=\"list-item noticias \">&#13;<br \/>\n                    <a class=\"list-item__img\" href=\"https:\/\/limeira.sp.gov.br\/imprensa\/noticias\/cultura\/giambelli-rock-concert-acontece-neste-sabado-8\" tabindex=\"-1\" aria-hidden=\"true\" rel=\"noopener\">&#13;<br \/>\n                        <img data-recalc-dims=\"1\" decoding=\"async\" src=\"https:\/\/i0.wp.com\/ecrie.com.br\/sistema\/conteudos\/imagem\/m_137_0_1_05062024143122.jpg?w=696&#038;ssl=1\" alt=\"Giambelli Rock Concert acontece neste s\u00e1bado (8)\"\/>&#13;<br \/>\n                    <\/a>&#13;<br \/>\n&#13;<br \/>\n                &#13;<br \/>\n            <\/article>\n<p>&#13;<br \/>\n    <\/aside>\n<p>&#13;<br \/>\n&#13;\n            <\/p><\/div>\n<p><br \/>\n<br \/><a href=\"https:\/\/limeira.sp.gov.br\/castello-branco-e-brasil-levam-principais-premios-dentro-do-verso-e-voz-2024-evento-e-marcado-pela-qualidade-das-apresentacoes\" rel=\"noopener\">Informa\u00e7\u00f5es da PML <\/a><\/p>\n","protected":false},"excerpt":{"rendered":"<p>&#13; &#13; &#13; &#13; &#13; &#13; &#13; Mais uma vez, a disputa dentro do projeto Verso e Voz, um concurso de declama\u00e7\u00e3o de poesias destinado \u00e0s escolas p\u00fablicas de Limeira, foi acirrada, mas as escolas Castello Branco e Brasil sa\u00edram com as premia\u00e7\u00f5es mais disputadas do evento ocorrido na tarde desta quinta-feira (6), no Teatro [&hellip;]<\/p>\n","protected":false},"author":1,"featured_media":7855,"comment_status":"open","ping_status":"open","sticky":false,"template":"","format":"standard","meta":{"_jetpack_newsletter_access":"","_jetpack_dont_email_post_to_subs":false,"_jetpack_newsletter_tier_id":0,"_jetpack_memberships_contains_paywalled_content":false,"_mbp_banners":[],"_jetpack_feature_clip_id":0,"_jetpack_memberships_contains_paid_content":false,"footnotes":"","jetpack_publicize_message":"","jetpack_publicize_feature_enabled":true,"jetpack_social_post_already_shared":true,"jetpack_social_options":{"image_generator_settings":{"template":"highway","default_image_id":0,"font":"","enabled":false},"version":2},"jetpack_post_was_ever_published":false},"categories":[16],"tags":[],"class_list":["post-7854","post","type-post","status-publish","format-standard","has-post-thumbnail","category-local"],"jetpack_publicize_connections":[],"jetpack-related-posts":[],"jetpack_shortlink":"https:\/\/wp.me\/p7Eq1F-22G","jetpack_sharing_enabled":true,"jetpack_featured_media_url":"https:\/\/i0.wp.com\/guialimeira.com.br\/news\/wp-content\/uploads\/2024\/06\/m_137_0_1_07062024130706.jpeg?fit=900%2C675&ssl=1","_links":{"self":[{"href":"https:\/\/guialimeira.com.br\/news\/wp-json\/wp\/v2\/posts\/7854","targetHints":{"allow":["GET"]}}],"collection":[{"href":"https:\/\/guialimeira.com.br\/news\/wp-json\/wp\/v2\/posts"}],"about":[{"href":"https:\/\/guialimeira.com.br\/news\/wp-json\/wp\/v2\/types\/post"}],"author":[{"embeddable":true,"href":"https:\/\/guialimeira.com.br\/news\/wp-json\/wp\/v2\/users\/1"}],"replies":[{"embeddable":true,"href":"https:\/\/guialimeira.com.br\/news\/wp-json\/wp\/v2\/comments?post=7854"}],"version-history":[{"count":0,"href":"https:\/\/guialimeira.com.br\/news\/wp-json\/wp\/v2\/posts\/7854\/revisions"}],"wp:featuredmedia":[{"embeddable":true,"href":"https:\/\/guialimeira.com.br\/news\/wp-json\/wp\/v2\/media\/7855"}],"wp:attachment":[{"href":"https:\/\/guialimeira.com.br\/news\/wp-json\/wp\/v2\/media?parent=7854"}],"wp:term":[{"taxonomy":"category","embeddable":true,"href":"https:\/\/guialimeira.com.br\/news\/wp-json\/wp\/v2\/categories?post=7854"},{"taxonomy":"post_tag","embeddable":true,"href":"https:\/\/guialimeira.com.br\/news\/wp-json\/wp\/v2\/tags?post=7854"}],"curies":[{"name":"wp","href":"https:\/\/api.w.org\/{rel}","templated":true}]}}