{"id":7850,"date":"2024-06-07T12:42:44","date_gmt":"2024-06-07T15:42:44","guid":{"rendered":"https:\/\/guialimeira.com.br\/2024\/06\/07\/espetaculo-de-danca-vida-viver-e-uma-arte-acontece-neste-domingo-9\/"},"modified":"2024-06-07T12:42:44","modified_gmt":"2024-06-07T15:42:44","slug":"espetaculo-de-danca-vida-viver-e-uma-arte-acontece-neste-domingo-9","status":"publish","type":"post","link":"https:\/\/guialimeira.com.br\/news\/espetaculo-de-danca-vida-viver-e-uma-arte-acontece-neste-domingo-9\/","title":{"rendered":"Espet\u00e1culo de dan\u00e7a \u201cVida: Viver \u00e9 Uma Arte\u201d acontece neste domingo (9)"},"content":{"rendered":"<p> <br \/>\n<\/p>\n<div>\n            <main class=\"\">&#13;<br \/>\n                &#13;<br \/>\n&#13;<br \/>\n&#13;<br \/>\n&#13;<br \/>\n    <img data-recalc-dims=\"1\" decoding=\"async\" src=\"https:\/\/i0.wp.com\/ecrie.com.br\/sistema\/conteudos\/imagem\/m_137_0_1_07062024115027.jpeg?w=696&#038;ssl=1\" alt=\"Espet\u00e1culo de dan\u00e7a \u201cVida: Viver \u00e9 Uma Arte\u201d acontece neste domingo (9)\"\/>&#13;<br \/>\n&#13;<\/p>\n<p dir=\"ltr\" style=\"text-align: justify;\">Neste domingo (9), acontece o espet\u00e1culo dan\u00e7ante \u201cVida: Viver \u00e9 Uma Arte\u201d, no Teatro Vit\u00f3ria Emiliano Bernardo da Silva, \u00e0s 18h. A realiza\u00e7\u00e3o \u00e9 de Renata Cavinato Studio de Dan\u00e7a, com o apoio da Prefeitura de Limeira, por meio da Secretaria de Cultura.<\/p>\n<p>&#13;<\/p>\n<p dir=\"ltr\" style=\"text-align: justify;\">H\u00e1 quem diga que viver hoje em dia \u00e9 uma grande arte em todos os sentidos e se dan\u00e7a conforme a m\u00fasica. No espet\u00e1culo ser\u00e1 retratado de forma sucinta como tem sido o dia a dia de muitas pessoas, com coreografias de tirar o f\u00f4lego.<\/p>\n<p>&#13;<\/p>\n<p dir=\"ltr\" style=\"text-align: justify;\">Os ingressos custam R$ 40 (inteira) e R$ 20 (meia-entrada ou b\u00f4nus em compra antecipada at\u00e9 08\/06), podendo ser adquiridos no link\u00a0<a href=\"https:\/\/www.ticketfacil.com.br\/eventos\/tv-vida-viver-e-uma-arte.aspx\" target=\"_blank\" rel=\"noopener noreferrer\" data-saferedirecturl=\"https:\/\/www.google.com\/url?q=https:\/\/www.ticketfacil.com.br\/eventos\/tv-vida-viver-e-uma-arte.aspx&amp;source=gmail&amp;ust=1717858095121000&amp;usg=AOvVaw1HDm12vXwjjnVAlH_fziOF\">https:\/\/www.ticketfacil.<wbr\/>com.br\/eventos\/tv-vida-viver-<wbr\/>e-uma-arte.aspx<\/a>\u00a0ou na bilheteria do teatro, nesta sexta,\u00a0das 11h \u00e0s 17h; e no s\u00e1bado, das 9h \u00e0s 14h.<\/p>\n<p>&#13;<\/p>\n<div class=\"adL\">\n<div class=\"im\">\n<p dir=\"ltr\" style=\"text-align: justify;\">O Teatro Vit\u00f3ria fica na Pra\u00e7a Toledo de Barros, s\/n &#8211; Centro.<\/p>\n<\/div>\n<\/div>\n<p>&#13;<br \/>\n&#13;<br \/>\n&#13;<br \/>\n&#13;<\/p>\n<aside class=\"list-related no-print\">&#13;<br \/>\n        &#13;<br \/>\n&#13;<\/p>\n<article class=\"list-item noticias \">&#13;<br \/>\n                    <a class=\"list-item__img\" href=\"https:\/\/limeira.sp.gov.br\/imprensa\/noticias\/cultura\/arthur-giambelli-apresenta-retreta-com-repertorio-romantico-neste-domingo-9\" tabindex=\"-1\" aria-hidden=\"true\" rel=\"noopener\">&#13;<br \/>\n                        <img data-recalc-dims=\"1\" decoding=\"async\" src=\"https:\/\/i0.wp.com\/ecrie.com.br\/sistema\/conteudos\/imagem\/m_137_0_1_22062023114351.jpeg?w=696&#038;ssl=1\" alt=\"Arthur Giambelli apresenta retreta com repert\u00f3rio rom\u00e2ntico, neste domingo (9)\"\/>&#13;<br \/>\n                    <\/a>&#13;<br \/>\n&#13;<br \/>\n                &#13;<br \/>\n            <\/article>\n<p>&#13;<\/p>\n<article class=\"list-item noticias \">&#13;<br \/>\n                    <a class=\"list-item__img\" href=\"https:\/\/limeira.sp.gov.br\/imprensa\/noticias\/cultura\/giambelli-rock-concert-acontece-neste-sabado-8\" tabindex=\"-1\" aria-hidden=\"true\" rel=\"noopener\">&#13;<br \/>\n                        <img data-recalc-dims=\"1\" decoding=\"async\" src=\"https:\/\/i0.wp.com\/ecrie.com.br\/sistema\/conteudos\/imagem\/m_137_0_1_05062024143122.jpg?w=696&#038;ssl=1\" alt=\"Giambelli Rock Concert acontece neste s\u00e1bado (8)\"\/>&#13;<br \/>\n                    <\/a>&#13;<br \/>\n&#13;<br \/>\n                &#13;<br \/>\n            <\/article>\n<p>&#13;<\/p>\n<article class=\"list-item noticias \">&#13;<br \/>\n                    <a class=\"list-item__img\" href=\"https:\/\/limeira.sp.gov.br\/imprensa\/noticias\/cultura\/escolas-se-reunem-no-teatro-vitoria-para-projeto-verso-e-voz\" tabindex=\"-1\" aria-hidden=\"true\" rel=\"noopener\">&#13;<br \/>\n                        <img data-recalc-dims=\"1\" decoding=\"async\" src=\"https:\/\/i0.wp.com\/ecrie.com.br\/sistema\/conteudos\/imagem\/m_137_0_1_04062024104640.jpeg?w=696&#038;ssl=1\" alt=\"Escolas se re\u00fanem no Teatro Vit\u00f3ria para projeto \u201cVerso e Voz\u201d\"\/>&#13;<br \/>\n                    <\/a>&#13;<br \/>\n&#13;<br \/>\n                &#13;<br \/>\n            <\/article>\n<p>&#13;<br \/>\n    <\/aside>\n<p>&#13;<br \/>\n&#13;<br \/>\n            <\/main><\/p><\/div>\n<p><br \/>\n<br \/><a href=\"https:\/\/limeira.sp.gov.br\/espetaculo-de-danca-vida-viver-e-uma-arte-acontece-neste-domingo-9\" rel=\"noopener\">Informa\u00e7\u00f5es da PML <\/a><\/p>\n","protected":false},"excerpt":{"rendered":"<p>&#13; &#13; &#13; &#13; &#13; &#13; &#13; Neste domingo (9), acontece o espet\u00e1culo dan\u00e7ante \u201cVida: Viver \u00e9 Uma Arte\u201d, no Teatro Vit\u00f3ria Emiliano Bernardo da Silva, \u00e0s 18h. A realiza\u00e7\u00e3o \u00e9 de Renata Cavinato Studio de Dan\u00e7a, com o apoio da Prefeitura de Limeira, por meio da Secretaria de Cultura. &#13; H\u00e1 quem diga que [&hellip;]<\/p>\n","protected":false},"author":1,"featured_media":7851,"comment_status":"open","ping_status":"open","sticky":false,"template":"","format":"standard","meta":{"_jetpack_newsletter_access":"","_jetpack_dont_email_post_to_subs":false,"_jetpack_newsletter_tier_id":0,"_jetpack_memberships_contains_paywalled_content":false,"_mbp_banners":[],"_jetpack_feature_clip_id":0,"_jetpack_memberships_contains_paid_content":false,"footnotes":"","jetpack_publicize_message":"","jetpack_publicize_feature_enabled":true,"jetpack_social_post_already_shared":true,"jetpack_social_options":{"image_generator_settings":{"template":"highway","default_image_id":0,"font":"","enabled":false},"version":2},"jetpack_post_was_ever_published":false},"categories":[16],"tags":[],"class_list":["post-7850","post","type-post","status-publish","format-standard","has-post-thumbnail","category-local"],"jetpack_publicize_connections":[],"jetpack-related-posts":[],"jetpack_shortlink":"https:\/\/wp.me\/p7Eq1F-22C","jetpack_sharing_enabled":true,"jetpack_featured_media_url":"https:\/\/i0.wp.com\/guialimeira.com.br\/news\/wp-content\/uploads\/2024\/06\/m_137_0_1_07062024115027.jpeg?fit=575%2C720&ssl=1","_links":{"self":[{"href":"https:\/\/guialimeira.com.br\/news\/wp-json\/wp\/v2\/posts\/7850","targetHints":{"allow":["GET"]}}],"collection":[{"href":"https:\/\/guialimeira.com.br\/news\/wp-json\/wp\/v2\/posts"}],"about":[{"href":"https:\/\/guialimeira.com.br\/news\/wp-json\/wp\/v2\/types\/post"}],"author":[{"embeddable":true,"href":"https:\/\/guialimeira.com.br\/news\/wp-json\/wp\/v2\/users\/1"}],"replies":[{"embeddable":true,"href":"https:\/\/guialimeira.com.br\/news\/wp-json\/wp\/v2\/comments?post=7850"}],"version-history":[{"count":0,"href":"https:\/\/guialimeira.com.br\/news\/wp-json\/wp\/v2\/posts\/7850\/revisions"}],"wp:featuredmedia":[{"embeddable":true,"href":"https:\/\/guialimeira.com.br\/news\/wp-json\/wp\/v2\/media\/7851"}],"wp:attachment":[{"href":"https:\/\/guialimeira.com.br\/news\/wp-json\/wp\/v2\/media?parent=7850"}],"wp:term":[{"taxonomy":"category","embeddable":true,"href":"https:\/\/guialimeira.com.br\/news\/wp-json\/wp\/v2\/categories?post=7850"},{"taxonomy":"post_tag","embeddable":true,"href":"https:\/\/guialimeira.com.br\/news\/wp-json\/wp\/v2\/tags?post=7850"}],"curies":[{"name":"wp","href":"https:\/\/api.w.org\/{rel}","templated":true}]}}