{"id":7843,"date":"2024-06-07T10:40:53","date_gmt":"2024-06-07T13:40:53","guid":{"rendered":"https:\/\/guialimeira.com.br\/2024\/06\/07\/arthur-giambelli-apresenta-retreta-com-repertorio-romantico-neste-domingo-9\/"},"modified":"2024-06-07T10:40:53","modified_gmt":"2024-06-07T13:40:53","slug":"arthur-giambelli-apresenta-retreta-com-repertorio-romantico-neste-domingo-9","status":"publish","type":"post","link":"https:\/\/guialimeira.com.br\/news\/arthur-giambelli-apresenta-retreta-com-repertorio-romantico-neste-domingo-9\/","title":{"rendered":"Arthur Giambelli apresenta retreta com repert\u00f3rio rom\u00e2ntico, neste domingo (9)"},"content":{"rendered":"<p> <br \/>\n<\/p>\n<div>&#13;<br \/>\n<head>&#13;<br \/>\n    <meta charset=\"utf-8\"\/>&#13;<br \/>\n    <meta http-equiv=\"X-UA-Compatible\" content=\"IE=edge\"\/>&#13;<br \/>\n    <meta name=\"viewport\" content=\"width=device-width, initial-scale=1.0\"\/>&#13;<br \/>\n    <meta name=\"format-detection\" content=\"telephone=no\"\/>&#13;<br \/>\n&#13;<br \/>\n    <title>Arthur Giambelli apresenta retreta com repert\u00f3rio rom\u00e2ntico, neste domingo (9) &#8211; Prefeitura de Limeira<\/title>&#13;<br \/>\n    <meta name=\"description\" content=\"PRA\u00c7A TOLEDO BARROS\"\/>&#13;\n    <link rel=\"canonical\" href=\"https:\/\/limeira.sp.gov.br\/arthur-giambelli-apresenta-retreta-com-repertorio-romantico-neste-domingo-9\"\/>&#13;<br \/>\n&#13;<br \/>\n    <meta property=\"og:title\" content=\"Arthur Giambelli apresenta retreta com repert\u00f3rio rom\u00e2ntico, neste domingo (9)\"\/>&#13;<br \/>\n    <meta property=\"og:description\" content=\"PRA\u00c7A TOLEDO BARROS\"\/>&#13;<br \/>\n    <meta property=\"og:type\" content=\"website\"\/>&#13;<br \/>\n    <meta property=\"og:url\" content=\"https:\/\/limeira.sp.gov.br\/arthur-giambelli-apresenta-retreta-com-repertorio-romantico-neste-domingo-9\"\/>&#13;<br \/>\n    <meta property=\"og:image\" content=\"https:\/\/ecrie.com.br\/sistema\/conteudos\/imagem\/m_137_0_1_22062023114351.jpeg\"\/>&#13;<br \/>\n    <meta property=\"og:image:secure_url\" content=\"https:\/\/ecrie.com.br\/sistema\/conteudos\/imagem\/m_137_0_1_22062023114351.jpeg\"\/>&#13;<br \/>\n    <meta property=\"og:image:width\" content=\"800\"\/>&#13;<br \/>\n    <meta property=\"og:image:height\" content=\"420\"\/>&#13;<br \/>\n    <meta name=\"twitter:card\" content=\"summary_large_image\"\/>&#13;<br \/>\n    <meta name=\"twitter:image\" content=\"https:\/\/ecrie.com.br\/sistema\/conteudos\/imagem\/m_137_0_1_22062023114351.jpeg\"\/>&#13;<br \/>\n&#13;\n    <link rel=\"dns-prefetch\" href=\"https:\/\/fonts.gstatic.com\"\/>&#13;\n    <link rel=\"dns-prefetch\" href=\"https:\/\/www.google-analytics.com\"\/>&#13;\n    <link rel=\"dns-prefetch\" href=\"https:\/\/yt3.ggpht.com\"\/>&#13;\n    <link rel=\"dns-prefetch\" href=\"https:\/\/i.ytimg.com\"\/>&#13;\n    <link rel=\"dns-prefetch\" href=\"https:\/\/www.youtube.com\"\/>&#13;\n    <link rel=\"preconnect\" href=\"https:\/\/fonts.gstatic.com\" crossorigin=\"\"\/>&#13;\n    <link rel=\"preconnect\" href=\"https:\/\/fonts.googleapis.com\"\/>&#13;\n    <link rel=\"preconnect\" href=\"https:\/\/www.google-analytics.com\"\/>&#13;\n    <link rel=\"preconnect\" href=\"https:\/\/yt3.ggpht.com\"\/>&#13;\n    <link rel=\"preconnect\" href=\"https:\/\/i.ytimg.com\"\/>&#13;\n    <link rel=\"preconnect\" href=\"https:\/\/www.youtube.com\"\/>&#13;<br \/>\n&#13;\n    <link href=\"https:\/\/fonts.googleapis.com\/css2?family=Open+Sans:wght@400;600;700&amp;display=swap\" rel=\"stylesheet\"\/>&#13;<br \/>\n&#13;\n    <link href=\"https:\/\/limeira.sp.gov.br\/Arquitetura\/CSS\/main.css?v=638515606269309006\" rel=\"stylesheet\"\/>&#13;<br \/>\n    &#13;\n    <link href=\"https:\/\/limeira.sp.gov.br\/Arquitetura\/CSS\/videos.css?v=638204368285304235\" rel=\"stylesheet\"\/>&#13;\n    <link rel=\"icon\" type=\"image\/png\" href=\"https:\/\/limeira.sp.gov.br\/Arquitetura\/Imagens\/prefeitura\/favicon.ico\"\/>&#13;<br \/>\n&#13;<br \/>\n        &#13;<br \/>\n        &#13;<br \/>\n    &#13;<br \/>\n&#13;<br \/>\n    &#13;<br \/>\n    &#13;<br \/>\n    &#13;<br \/>\n    &#13;<br \/>\n    &#13;<br \/>\n    &#13;<br \/>\n<\/head>&#13;<br \/>\n<body class=\"site-container\" id=\"wp_automatic_ReadabilityBody\">&#13;<br \/>\n    &#13;<br \/>\n&#13;<br \/>\n    &#13;<br \/>\n&#13;<br \/>\n&#13;<br \/>\n&#13;<br \/>\n&#13;<br \/>\n&#13;<br \/>\n&#13;<\/p>\n<div class=\"site-body\" id=\"conteudo\">\n<section class=\"page-content list\">&#13;<\/p>\n<div class=\"wrapper\">\n<div class=\"page-grid\">\n            <main class=\"\">&#13;<br \/>\n                &#13;<br \/>\n&#13;<br \/>\n&#13;<br \/>\n&#13;<br \/>\n    <img data-recalc-dims=\"1\" decoding=\"async\" src=\"https:\/\/i0.wp.com\/ecrie.com.br\/sistema\/conteudos\/imagem\/m_137_0_1_22062023114351.jpeg?w=696&#038;ssl=1\" alt=\"Arthur Giambelli apresenta retreta com repert\u00f3rio rom\u00e2ntico, neste domingo (9)\"\/>&#13;<br \/>\n&#13;<\/p>\n<div class=\"gmail_quote\">\n<p><span id=\"m_1133009158736106018m_8992339435671255910gmail-docs-internal-guid-2b96310e-7fff-bcc2-8cb1-6762e4716e01\">Neste domingo (9), a Corpora\u00e7\u00e3o Musical Arthur Giambelli apresenta retreta, na Pra\u00e7a Toledo Barros, \u00e0s 10h30. Sob reg\u00eancia do maestro Leandro Pereira, \u00e9 apresentado um repert\u00f3rio rom\u00e2ntico, voltado especificamente ao dia dos namorados. A realiza\u00e7\u00e3o \u00e9 da Prefeitura de Limeira, por meio da Secretaria de Cultura, e banda.<\/span><span style=\"color: #888888;\"><br \/><\/span><\/p>\n<\/div>\n<p>&#13;<\/p>\n<p style=\"text-align: justify;\">\u00a0<\/p>\n<p>&#13;<br \/>\n&#13;<br \/>\n&#13;<br \/>\n&#13;<\/p>\n<aside class=\"list-related no-print\">&#13;<br \/>\n        &#13;<br \/>\n&#13;<\/p>\n<article class=\"list-item noticias \">&#13;<br \/>\n                    <a class=\"list-item__img\" href=\"https:\/\/limeira.sp.gov.br\/imprensa\/noticias\/cultura\/giambelli-rock-concert-acontece-neste-sabado-8\" tabindex=\"-1\" aria-hidden=\"true\" rel=\"noopener\">&#13;<br \/>\n                        <img data-recalc-dims=\"1\" decoding=\"async\" src=\"https:\/\/i0.wp.com\/ecrie.com.br\/sistema\/conteudos\/imagem\/m_137_0_1_05062024143122.jpg?w=696&#038;ssl=1\" alt=\"Giambelli Rock Concert acontece neste s\u00e1bado (8)\"\/>&#13;<br \/>\n                    <\/a>&#13;<br \/>\n&#13;<br \/>\n                &#13;<br \/>\n            <\/article>\n<p>&#13;<\/p>\n<article class=\"list-item noticias \">&#13;<br \/>\n                    <a class=\"list-item__img\" href=\"https:\/\/limeira.sp.gov.br\/imprensa\/noticias\/cultura\/escolas-se-reunem-no-teatro-vitoria-para-projeto-verso-e-voz\" tabindex=\"-1\" aria-hidden=\"true\" rel=\"noopener\">&#13;<br \/>\n                        <img data-recalc-dims=\"1\" decoding=\"async\" src=\"https:\/\/i0.wp.com\/ecrie.com.br\/sistema\/conteudos\/imagem\/m_137_0_1_04062024104640.jpeg?w=696&#038;ssl=1\" alt=\"Escolas se re\u00fanem no Teatro Vit\u00f3ria para projeto \u201cVerso e Voz\u201d\"\/>&#13;<br \/>\n                    <\/a>&#13;<br \/>\n&#13;<br \/>\n                &#13;<br \/>\n            <\/article>\n<p>&#13;<\/p>\n<article class=\"list-item noticias \">&#13;<br \/>\n                    <a class=\"list-item__img\" href=\"https:\/\/limeira.sp.gov.br\/imprensa\/noticias\/cultura\/com-sessoes-esgotadas-exibicao-do-filme-colegas-acontece-nesta-quarta-5\" tabindex=\"-1\" aria-hidden=\"true\" rel=\"noopener\">&#13;<br \/>\n                        <img data-recalc-dims=\"1\" decoding=\"async\" src=\"https:\/\/i0.wp.com\/ecrie.com.br\/sistema\/conteudos\/imagem\/m_137_0_1_04062024091955.jpeg?w=696&#038;ssl=1\" alt=\"Com sess\u00f5es esgotadas, exibi\u00e7\u00e3o do filme \u201cColegas\u201d acontece nesta quarta (5)\"\/>&#13;<br \/>\n                    <\/a>&#13;<br \/>\n&#13;<br \/>\n                &#13;<br \/>\n            <\/article>\n<p>&#13;<br \/>\n    <\/aside>\n<p>&#13;<br \/>\n&#13;<br \/>\n            <\/main><\/p><\/div>\n<\/p><\/div>\n<p>&#13;<br \/>\n<\/section>\n<\/p><\/div>\n<p>&#13;<br \/>\n&#13;<br \/>\n    &#13;<br \/>\n&#13;<br \/>\n&#13;<br \/>\n&#13;<br \/>\n&#13;<br \/>\n&#13;<br \/>\n&#13;<\/p>\n<div class=\"cookie no-print\" id=\"cookie-container\">\n<p>&#13;<br \/>\n            O Portal da Prefeitura utiliza cookies para melhorar a sua experi\u00eancia,&#13;<br \/>\n            de acordo com a nossa <a href=\"https:\/\/limeira.sp.gov.br\/lei-geral-de-protecao-de-dados-pessoais-lgpd\" tabindex=\"1\" rel=\"noopener\">Pol\u00edtica de Privacidade<\/a>,&#13;<br \/>\n            ao continuar navegando, voc\u00ea concorda com estas condi\u00e7\u00f5es.&#13;\n        <\/p>\n<p>        <button id=\"accept\" tabindex=\"2\">Continuar<\/button>\n    <\/div>\n<p>&#13;<br \/>\n    &#13;<br \/>\n&#13;<br \/>\n    &#13;<br \/>\n    &#13;<br \/>\n&#13;<br \/>\n    &#13;<br \/>\n    &#13;<br \/>\n    &#13;<br \/>\n    <noscript>Seu navegador n\u00e3o suporta Javascript<\/noscript>&#13;<br \/>\n<\/body>&#13;\n<\/div>\n<p><br \/>\n<br \/><a href=\"https:\/\/limeira.sp.gov.br\/arthur-giambelli-apresenta-retreta-com-repertorio-romantico-neste-domingo-9\" rel=\"noopener\">Informa\u00e7\u00f5es da PML <\/a><\/p>\n","protected":false},"excerpt":{"rendered":"<p>&#13; &#13; &#13; &#13; &#13; &#13; &#13; Arthur Giambelli apresenta retreta com repert\u00f3rio rom\u00e2ntico, neste domingo (9) &#8211; Prefeitura de Limeira&#13; &#13; &#13; &#13; &#13; &#13; &#13; &#13; &#13; &#13; &#13; &#13; &#13; &#13; &#13; &#13; &#13; &#13; &#13; &#13; &#13; &#13; &#13; &#13; &#13; &#13; &#13; &#13; &#13; &#13; &#13; &#13; &#13; &#13; &#13; [&hellip;]<\/p>\n","protected":false},"author":1,"featured_media":380,"comment_status":"open","ping_status":"open","sticky":false,"template":"","format":"standard","meta":{"_jetpack_newsletter_access":"","_jetpack_dont_email_post_to_subs":false,"_jetpack_newsletter_tier_id":0,"_jetpack_memberships_contains_paywalled_content":false,"_mbp_banners":[],"_jetpack_feature_clip_id":0,"_jetpack_memberships_contains_paid_content":false,"footnotes":"","jetpack_publicize_message":"","jetpack_publicize_feature_enabled":true,"jetpack_social_post_already_shared":true,"jetpack_social_options":{"image_generator_settings":{"template":"highway","default_image_id":0,"font":"","enabled":false},"version":2},"jetpack_post_was_ever_published":false},"categories":[16],"tags":[],"class_list":["post-7843","post","type-post","status-publish","format-standard","has-post-thumbnail","category-local"],"jetpack_publicize_connections":[],"jetpack-related-posts":[],"jetpack_shortlink":"https:\/\/wp.me\/p7Eq1F-22v","jetpack_sharing_enabled":true,"jetpack_featured_media_url":"https:\/\/i0.wp.com\/guialimeira.com.br\/news\/wp-content\/uploads\/2024\/03\/m_137_0_1_22062023114351.jpeg?fit=900%2C675&ssl=1","_links":{"self":[{"href":"https:\/\/guialimeira.com.br\/news\/wp-json\/wp\/v2\/posts\/7843","targetHints":{"allow":["GET"]}}],"collection":[{"href":"https:\/\/guialimeira.com.br\/news\/wp-json\/wp\/v2\/posts"}],"about":[{"href":"https:\/\/guialimeira.com.br\/news\/wp-json\/wp\/v2\/types\/post"}],"author":[{"embeddable":true,"href":"https:\/\/guialimeira.com.br\/news\/wp-json\/wp\/v2\/users\/1"}],"replies":[{"embeddable":true,"href":"https:\/\/guialimeira.com.br\/news\/wp-json\/wp\/v2\/comments?post=7843"}],"version-history":[{"count":0,"href":"https:\/\/guialimeira.com.br\/news\/wp-json\/wp\/v2\/posts\/7843\/revisions"}],"wp:featuredmedia":[{"embeddable":true,"href":"https:\/\/guialimeira.com.br\/news\/wp-json\/wp\/v2\/media\/380"}],"wp:attachment":[{"href":"https:\/\/guialimeira.com.br\/news\/wp-json\/wp\/v2\/media?parent=7843"}],"wp:term":[{"taxonomy":"category","embeddable":true,"href":"https:\/\/guialimeira.com.br\/news\/wp-json\/wp\/v2\/categories?post=7843"},{"taxonomy":"post_tag","embeddable":true,"href":"https:\/\/guialimeira.com.br\/news\/wp-json\/wp\/v2\/tags?post=7843"}],"curies":[{"name":"wp","href":"https:\/\/api.w.org\/{rel}","templated":true}]}}