{"id":784,"date":"2024-04-02T21:36:43","date_gmt":"2024-04-03T00:36:43","guid":{"rendered":"https:\/\/guialimeira.com.br\/2024\/04\/02\/stf-valida-envio-de-dados-do-coaf-a-policia-sem-decisao-judicial\/"},"modified":"2024-04-02T21:36:43","modified_gmt":"2024-04-03T00:36:43","slug":"stf-valida-envio-de-dados-do-coaf-a-policia-sem-decisao-judicial","status":"publish","type":"post","link":"https:\/\/guialimeira.com.br\/news\/stf-valida-envio-de-dados-do-coaf-a-policia-sem-decisao-judicial\/","title":{"rendered":"STF valida envio de dados do Coaf \u00e0 pol\u00edcia sem decis\u00e3o judicial"},"content":{"rendered":"<p> <br \/>\n<\/p>\n<div>\n<p>A Primeira Turma do Supremo Tribunal Federal (STF) confirmou nesta ter\u00e7a-feira (2) a decis\u00e3o individual do ministro Cristiano Zanin que validou o compartilhamento de dados de intelig\u00eancia do Conselho de Controle de Atividades Financeiras (Coaf) requisitados diretamente pela pol\u00edcia, sem decis\u00e3o judicial pr\u00e9via.<img data-recalc-dims=\"1\" decoding=\"async\" src=\"https:\/\/i0.wp.com\/agenciabrasil.ebc.com.br\/ebc.png?w=696&#038;ssl=1\" style=\"width:1px; height:1px; display:inline;\"\/><img data-recalc-dims=\"1\" decoding=\"async\" src=\"https:\/\/i0.wp.com\/agenciabrasil.ebc.com.br\/ebc.gif?w=696&#038;ssl=1\" style=\"width:1px; height:1px; display:inline;\"\/><\/p>\n<p>Em novembro do ano passado, Zanin concedeu a liminar, que foi referendada na sess\u00e3o de hoje.\u00a0<\/p>\n<p>A decis\u00e3o foi tomada em\u00a0recurso do Minist\u00e9rio P\u00fablico do Par\u00e1 (MPPA) para derrubar uma liminar do Superior Tribunal de Justi\u00e7a (STJ) que impediu o uso das informa\u00e7\u00f5es financeiras em uma investiga\u00e7\u00e3o sobre lavagem de dinheiro.<\/p>\n<p>O STJ entendeu que o compartilhamento de relat\u00f3rios do Coaf s\u00f3 pode ocorrer sem autoriza\u00e7\u00e3o judicial a partir de iniciativa do pr\u00f3prio \u00f3rg\u00e3o, e n\u00e3o por solicita\u00e7\u00e3o policial.<\/p>\n<p>Ao analisar a quest\u00e3o, Cristiano Zanin disse que o compartilhamento sem autoriza\u00e7\u00e3o judicial foi validado pelo STF em decis\u00f5es anteriores . Al\u00e9m disso, o ministro disse que n\u00e3o h\u00e1 evid\u00eancias de que a requisi\u00e7\u00e3o de dados tenha ocorrido de forma ilegal no caso em investiga\u00e7\u00e3o.\u00a0<\/p>\n<p>O entendimento foi seguido por unanimidade pelos ministros Luiz Fux, Fl\u00e1vio Dino, C\u00e1rmen Lucia e Alexandre de Moraes.\u00a0<\/p>\n<\/p><\/div>\n<p><br \/>\n<br \/><a href=\"https:\/\/agenciabrasil.ebc.com.br\/justica\/noticia\/2024-04\/stf-valida-envio-de-dados-do-coaf-policia-sem-decisao-judicial\" rel=\"noopener\">Ag\u00eancia Brasil<\/a><\/p>\n","protected":false},"excerpt":{"rendered":"<p>A Primeira Turma do Supremo Tribunal Federal (STF) confirmou nesta ter\u00e7a-feira (2) a decis\u00e3o individual do ministro Cristiano Zanin que validou o compartilhamento de dados de intelig\u00eancia do Conselho de Controle de Atividades Financeiras (Coaf) requisitados diretamente pela pol\u00edcia, sem decis\u00e3o judicial pr\u00e9via. Em novembro do ano passado, Zanin concedeu a liminar, que foi referendada [&hellip;]<\/p>\n","protected":false},"author":1,"featured_media":785,"comment_status":"open","ping_status":"open","sticky":false,"template":"","format":"standard","meta":{"_jetpack_newsletter_access":"","_jetpack_dont_email_post_to_subs":false,"_jetpack_newsletter_tier_id":0,"_jetpack_memberships_contains_paywalled_content":false,"_mbp_banners":[],"_jetpack_feature_clip_id":0,"_jetpack_memberships_contains_paid_content":false,"footnotes":"","jetpack_publicize_message":"","jetpack_publicize_feature_enabled":true,"jetpack_social_post_already_shared":true,"jetpack_social_options":{"image_generator_settings":{"template":"highway","default_image_id":0,"font":"","enabled":false},"version":2},"jetpack_post_was_ever_published":false},"categories":[22],"tags":[],"class_list":["post-784","post","type-post","status-publish","format-standard","has-post-thumbnail","category-nacional"],"jetpack_publicize_connections":[],"jetpack-related-posts":[],"jetpack_shortlink":"https:\/\/wp.me\/p7Eq1F-cE","jetpack_sharing_enabled":true,"jetpack_featured_media_url":"https:\/\/i0.wp.com\/guialimeira.com.br\/news\/wp-content\/uploads\/2024\/04\/mca_abr_numero_de_serie_de_4_digitos_090620_4.jpg?fit=1600%2C800&ssl=1","_links":{"self":[{"href":"https:\/\/guialimeira.com.br\/news\/wp-json\/wp\/v2\/posts\/784","targetHints":{"allow":["GET"]}}],"collection":[{"href":"https:\/\/guialimeira.com.br\/news\/wp-json\/wp\/v2\/posts"}],"about":[{"href":"https:\/\/guialimeira.com.br\/news\/wp-json\/wp\/v2\/types\/post"}],"author":[{"embeddable":true,"href":"https:\/\/guialimeira.com.br\/news\/wp-json\/wp\/v2\/users\/1"}],"replies":[{"embeddable":true,"href":"https:\/\/guialimeira.com.br\/news\/wp-json\/wp\/v2\/comments?post=784"}],"version-history":[{"count":0,"href":"https:\/\/guialimeira.com.br\/news\/wp-json\/wp\/v2\/posts\/784\/revisions"}],"wp:featuredmedia":[{"embeddable":true,"href":"https:\/\/guialimeira.com.br\/news\/wp-json\/wp\/v2\/media\/785"}],"wp:attachment":[{"href":"https:\/\/guialimeira.com.br\/news\/wp-json\/wp\/v2\/media?parent=784"}],"wp:term":[{"taxonomy":"category","embeddable":true,"href":"https:\/\/guialimeira.com.br\/news\/wp-json\/wp\/v2\/categories?post=784"},{"taxonomy":"post_tag","embeddable":true,"href":"https:\/\/guialimeira.com.br\/news\/wp-json\/wp\/v2\/tags?post=784"}],"curies":[{"name":"wp","href":"https:\/\/api.w.org\/{rel}","templated":true}]}}