{"id":782,"date":"2024-04-02T21:12:45","date_gmt":"2024-04-03T00:12:45","guid":{"rendered":"https:\/\/guialimeira.com.br\/2024\/04\/02\/rio-servidores-usarao-cameras-corporais-na-fiscalizacao-ambiental\/"},"modified":"2024-04-02T21:12:45","modified_gmt":"2024-04-03T00:12:45","slug":"rio-servidores-usarao-cameras-corporais-na-fiscalizacao-ambiental","status":"publish","type":"post","link":"https:\/\/guialimeira.com.br\/news\/rio-servidores-usarao-cameras-corporais-na-fiscalizacao-ambiental\/","title":{"rendered":"Rio: servidores usar\u00e3o c\u00e2meras corporais na fiscaliza\u00e7\u00e3o ambiental"},"content":{"rendered":"<p> <br \/>\n<\/p>\n<div>\n<p>A exemplo das pol\u00edcias Civil e Militar, o Instituto Estadual do Ambiente (Inea) iniciou, nesta segunda-feira (1\u00ba), o uso de 96 c\u00e2meras corporais port\u00e1teis e de GPS veicular para as atividades de fiscaliza\u00e7\u00e3o ambiental no estado. O valor total de investimento \u00e9 de R$ 1,2 milh\u00e3o. O contrato prev\u00ea 142 c\u00e2meras. Os equipamentos ser\u00e3o usados pelos agentes da diretoria de P\u00f3s-licen\u00e7a e Fiscaliza\u00e7\u00e3o do Inea, al\u00e9m das oito superintend\u00eancias regionais do \u00f3rg\u00e3o.<img data-recalc-dims=\"1\" decoding=\"async\" src=\"https:\/\/i0.wp.com\/agenciabrasil.ebc.com.br\/ebc.png?w=696&#038;ssl=1\" style=\"width:1px; height:1px; display:inline;\"\/><img data-recalc-dims=\"1\" decoding=\"async\" src=\"https:\/\/i0.wp.com\/agenciabrasil.ebc.com.br\/ebc.gif?w=696&#038;ssl=1\" style=\"width:1px; height:1px; display:inline;\"\/><\/p>\n<p>O governador Cl\u00e1udio Castro disse que \u201cesta a\u00e7\u00e3o de colocar c\u00e2meras no Inea \u00e9 para proteger o bom servidor e o cidad\u00e3o. Os servidores que v\u00e3o l\u00e1 fazer a sua fiscaliza\u00e7\u00e3o e melhorar o ambiente do nosso estado tamb\u00e9m ser\u00e3o fiscalizados. A transpar\u00eancia na a\u00e7\u00e3o p\u00fablica \u00e9 fundamental. A tecnologia, a transpar\u00eancia e os bons m\u00e9todos s\u00e3o um caminho sem volta\u201d, avaliou.<\/p>\n<p>As a\u00e7\u00f5es de fiscaliza\u00e7\u00e3o ambiental, a partir desta implanta\u00e7\u00e3o das c\u00e2meras, poder\u00e3o ser acompanhadas em tempo real pela corregedoria, presid\u00eancia e diretorias do Inea, com acesso via Web Browser pelo gestor <em>online<\/em>. O servi\u00e7o tamb\u00e9m contar\u00e1 com a guarda das imagens: um ano para grava\u00e7\u00f5es marcadas como ocorr\u00eancias e de 60 dias para capturas de imagens de rotina. J\u00e1 as opera\u00e7\u00f5es consideradas sens\u00edveis ter\u00e3o a guarda permanente das imagens.<\/p>\n<p>O secret\u00e1rio de Estado do Ambiente e Sustentabilidade, Bernardo Rossi disse que \u201ca iniciativa marca um passo important\u00edssimo para o Inea, pois ferramentas como essa surgem para garantir mais transpar\u00eancia e efetividade nas fiscaliza\u00e7\u00f5es ambientais. Esse investimento tamb\u00e9m demonstra o compromisso do governo do Estado com a prote\u00e7\u00e3o dos nossos patrim\u00f4nios naturais, al\u00e9m do empenho pela promo\u00e7\u00e3o da sustentabilidade de forma respons\u00e1vel, \u00edntegra e consoante com a legisla\u00e7\u00e3o vigente\u201d, explicou.<\/p>\n<p>O presidente do Inea, Renato Jord\u00e3o, lembrou que 72 c\u00e2meras ser\u00e3o distribu\u00eddas por todo o Estado do Rio e 24 delas ficar\u00e3o localizadas na capital. \u201cCom transpar\u00eancia, responsabilidade e dedica\u00e7\u00e3o, estamos construindo um futuro mais sustent\u00e1vel para as pr\u00f3ximas gera\u00e7\u00f5es.\u201d<\/p>\n<\/p><\/div>\n<p><br \/>\n<br \/><a href=\"https:\/\/agenciabrasil.ebc.com.br\/geral\/noticia\/2024-04\/rio-servidores-usarao-cameras-corporais-na-fiscalizacao-ambiental\" rel=\"noopener\">Ag\u00eancia Brasil<\/a><\/p>\n","protected":false},"excerpt":{"rendered":"<p>A exemplo das pol\u00edcias Civil e Militar, o Instituto Estadual do Ambiente (Inea) iniciou, nesta segunda-feira (1\u00ba), o uso de 96 c\u00e2meras corporais port\u00e1teis e de GPS veicular para as atividades de fiscaliza\u00e7\u00e3o ambiental no estado. O valor total de investimento \u00e9 de R$ 1,2 milh\u00e3o. O contrato prev\u00ea 142 c\u00e2meras. Os equipamentos ser\u00e3o usados [&hellip;]<\/p>\n","protected":false},"author":1,"featured_media":783,"comment_status":"open","ping_status":"open","sticky":false,"template":"","format":"standard","meta":{"_jetpack_newsletter_access":"","_jetpack_dont_email_post_to_subs":false,"_jetpack_newsletter_tier_id":0,"_jetpack_memberships_contains_paywalled_content":false,"_mbp_banners":[],"_jetpack_feature_clip_id":0,"_jetpack_memberships_contains_paid_content":false,"footnotes":"","jetpack_publicize_message":"","jetpack_publicize_feature_enabled":true,"jetpack_social_post_already_shared":true,"jetpack_social_options":{"image_generator_settings":{"template":"highway","default_image_id":0,"font":"","enabled":false},"version":2},"jetpack_post_was_ever_published":false},"categories":[1],"tags":[],"class_list":["post-782","post","type-post","status-publish","format-standard","has-post-thumbnail","category-geral"],"jetpack_publicize_connections":[],"jetpack-related-posts":[],"jetpack_shortlink":"https:\/\/wp.me\/p7Eq1F-cC","jetpack_sharing_enabled":true,"jetpack_featured_media_url":"https:\/\/i0.wp.com\/guialimeira.com.br\/news\/wp-content\/uploads\/2024\/04\/cameras_uniformes_de_policiais_militares_sao_paulo_rvrsa_abr_2804223636_0.jpg?fit=1600%2C800&ssl=1","_links":{"self":[{"href":"https:\/\/guialimeira.com.br\/news\/wp-json\/wp\/v2\/posts\/782","targetHints":{"allow":["GET"]}}],"collection":[{"href":"https:\/\/guialimeira.com.br\/news\/wp-json\/wp\/v2\/posts"}],"about":[{"href":"https:\/\/guialimeira.com.br\/news\/wp-json\/wp\/v2\/types\/post"}],"author":[{"embeddable":true,"href":"https:\/\/guialimeira.com.br\/news\/wp-json\/wp\/v2\/users\/1"}],"replies":[{"embeddable":true,"href":"https:\/\/guialimeira.com.br\/news\/wp-json\/wp\/v2\/comments?post=782"}],"version-history":[{"count":0,"href":"https:\/\/guialimeira.com.br\/news\/wp-json\/wp\/v2\/posts\/782\/revisions"}],"wp:featuredmedia":[{"embeddable":true,"href":"https:\/\/guialimeira.com.br\/news\/wp-json\/wp\/v2\/media\/783"}],"wp:attachment":[{"href":"https:\/\/guialimeira.com.br\/news\/wp-json\/wp\/v2\/media?parent=782"}],"wp:term":[{"taxonomy":"category","embeddable":true,"href":"https:\/\/guialimeira.com.br\/news\/wp-json\/wp\/v2\/categories?post=782"},{"taxonomy":"post_tag","embeddable":true,"href":"https:\/\/guialimeira.com.br\/news\/wp-json\/wp\/v2\/tags?post=782"}],"curies":[{"name":"wp","href":"https:\/\/api.w.org\/{rel}","templated":true}]}}