{"id":7812,"date":"2024-06-06T20:17:48","date_gmt":"2024-06-06T23:17:48","guid":{"rendered":"https:\/\/guialimeira.com.br\/2024\/06\/06\/sp-promove-dia-d-de-vacinacao-contra-a-paralisia-infantil-neste-sabado\/"},"modified":"2024-06-06T20:17:48","modified_gmt":"2024-06-06T23:17:48","slug":"sp-promove-dia-d-de-vacinacao-contra-a-paralisia-infantil-neste-sabado","status":"publish","type":"post","link":"https:\/\/guialimeira.com.br\/news\/sp-promove-dia-d-de-vacinacao-contra-a-paralisia-infantil-neste-sabado\/","title":{"rendered":"SP promove &#8216;Dia D&#8217; de Vacina\u00e7\u00e3o contra a paralisia infantil neste s\u00e1bado"},"content":{"rendered":"<p> <br \/>\n<\/p>\n<div id=\"\">&#13;<br \/>\n                                <!-- Title -->&#13;<br \/>\n                                &#13;<br \/>\n&#13;<br \/>\n                                <!-- Excerpt -->&#13;<\/p>\n<p class=\"excerpt\">Por todo o estado, Unidades B\u00e1sicas de Sa\u00fade estar\u00e3o abertas para intensificar a campanha de vacina\u00e7\u00e3o destinada a crian\u00e7as de at\u00e9 4 anos<\/p>\n<p>&#13;<br \/>\n&#13;<br \/>\n                                &#13;\n                            <\/p><\/div>\n<div id=\"\">&#13;<\/p>\n<p><iframe loading=\"lazy\" title=\"Boletim: 'Dia D' de Vacina\u00e7\u00e3o contra a paralisia infantil ser\u00e1 s\u00e1bado (8) - 05.06.24 by Governo do Estado de S\u00e3o Paulo\" width=\"587\" height=\"330\" scrolling=\"no\" frameborder=\"no\" src=\"https:\/\/w.soundcloud.com\/player\/?visual=true&amp;url=https%3A%2F%2Fapi.soundcloud.com%2Ftracks%2F1839009684&amp;show_artwork=true&amp;maxheight=330&amp;maxwidth=587\"><\/iframe><\/p>\n<p>O Governo de S\u00e3o Paulo, por meio da Secretaria de Estado da Sa\u00fade (SES), promove neste s\u00e1bado (8) o \u201cDia D\u201d de vacina\u00e7\u00e3o para todas as crian\u00e7as de 1 a 4 anos de idade que devem ser vacinadas contra a poliomielite (paralisia infantil). J\u00e1 para as crian\u00e7as menores de 1 ano ser\u00e1 avaliada a situa\u00e7\u00e3o vacinal, iniciando ou completando a caderneta de acordo com a idade. Ser\u00e1 um dia tamb\u00e9m para alertar sobre a import\u00e2ncia de seguir o esquema vacinal. As Unidades B\u00e1sicas de Sa\u00fade (UBS) de todo o estado estar\u00e3o abertas para imunizar as crian\u00e7as contra a paralisia infantil. A <a href=\"https:\/\/www.saopaulo.sp.gov.br\/spnoticias\/ultimas-noticias\/sp-inicia-campanha-de-vacinacao-contra-paralisia-infantil-na-proxima-segunda-feira-27\/\" rel=\"noopener\">campanha est\u00e1 ocorrendo desde o dia 27 de maio.<\/a><\/p>\n<p>A poliomielite, doen\u00e7a infectocontagiosa aguda, \u00e9 caracterizada pela contamina\u00e7\u00e3o pelo poliov\u00edrus que pode causar paralisia muscular dos membros inferiores, de forma assim\u00e9trica e irrevers\u00edvel, em casos graves podendo evoluir a \u00f3bito, sendo a vacina\u00e7\u00e3o a principal forma de preven\u00e7\u00e3o.<\/p>\n<p>At\u00e9 3 de junho, no estado, foram vacinadas 36.786 crian\u00e7as entre 1 a 4 anos de idade, de acordo com o Painel de Monitoramento do Minist\u00e9rio da Sa\u00fade (MS). Os n\u00fameros apresentam uma baixa ades\u00e3o do p\u00fablico-alvo, conforme explica a enfermeira e diretora da Divis\u00e3o de Imuniza\u00e7\u00e3o da SES, Ligia Nerger.<\/p>\n<p>\u201c\u00c9 de extrema import\u00e2ncia que os pais ou respons\u00e1veis levem as crian\u00e7as para se vacinar, pois, ainda que a doen\u00e7a tenha sido eliminada no Brasil, outros pa\u00edses apresentam casos de p\u00f3lio, o que traz o risco de reintrodu\u00e7\u00e3o da doen\u00e7a. Portanto, os n\u00edveis de baixa ades\u00e3o s\u00e3o preocupantes\u201d, afirma.<\/p>\n<p>A campanha faz parte do processo de mudan\u00e7a do esquema vacinal das crian\u00e7as, que se deve \u00e0s conquistas obtidas no processo de interrup\u00e7\u00e3o do poliov\u00edrus no Brasil. A p\u00f3lio selvagem est\u00e1 eliminada no Brasil desde 1989 e em S\u00e3o Paulo desde 1988. O ato fez com que o pa\u00eds recebesse a certifica\u00e7\u00e3o de \u00e1rea livre da doen\u00e7a em 1994.<\/p>\n<p>\u201cDesde a erradica\u00e7\u00e3o da doen\u00e7a, os \u00f3rg\u00e3os de sa\u00fade v\u00eam se empenhando para a manuten\u00e7\u00e3o dos indicadores, al\u00e9m da vigil\u00e2ncia ativa para busca de casos de paralisia fl\u00e1cida aguda para que o Brasil se mantenha livre da doen\u00e7a. Para isso, \u00e9 necess\u00e1rio tamb\u00e9m que os pais contribuam para manter esse quadro e elevar as coberturas vacinais\u201d, alerta a especialista.<\/p>\n<h2>Quais os sintomas da doen\u00e7a?<\/h2>\n<p>A maioria das pessoas infectadas n\u00e3o manifesta sintomas ou apresenta poucos sintomas, similares a outras doen\u00e7as virais, como:<\/p>\n<ul>\n<li>Febre<\/li>\n<li>Mal-estar<\/li>\n<li>Dor de cabe\u00e7a<\/li>\n<li>Dor de garganta e no corpo<\/li>\n<li>Sintomas gastrointestinais (n\u00e1useas e v\u00f4mitos)<\/li>\n<li>Constipa\u00e7\u00e3o (pris\u00e3o de ventre)<\/li>\n<li>Espasmos<\/li>\n<li>Rigidez na nuca<\/li>\n<li>Meningite<\/li>\n<\/ul>\n<p>Nas formas mais graves instala-se a flacidez muscular, que afeta, em regra, um dos membros inferiores.<\/p>\n<h2>Tem alguma d\u00favida sobre a vacina\u00e7\u00e3o?<\/h2>\n<p>O Governo de SP, por meio da Secretaria de Estado da Sa\u00fade, criou o portal \u201cVacina 100 D\u00favidas\u201d com as 100 perguntas mais frequentes sobre vacina\u00e7\u00e3o nos buscadores da internet. A ferramenta esclarece quest\u00f5es como efeitos colaterais, efic\u00e1cia das vacinas, doen\u00e7as imunopreven\u00edveis e quais os perigos ao n\u00e3o se imunizar. O acesso est\u00e1 dispon\u00edvel no link: <a href=\"https:\/\/www.vacina100duvidas.sp.gov.br\/\" target=\"_blank\" rel=\"noopener noreferrer\">https:\/\/www.vacina100duvidas.sp.gov.br\/<\/a><\/p>\n<p>Siga o canal \u201cGoverno de S\u00e3o Paulo\u201d no WhatsApp:<br \/><a href=\"https:\/\/bit.ly\/govspnozap\" target=\"_blank\" rel=\"noopener noreferrer\">https:\/\/bit.ly\/govspnozap<\/a><\/p>\n<\/p><\/div>\n<p><br \/>\n<br \/><a href=\"https:\/\/www.saopaulo.sp.gov.br\/spnoticias\/ultimas-noticias\/sp-promove-dia-d-de-vacinacao-contra-a-paralisia-infantil-neste-sabado-8\/\" rel=\"noopener\">Informa\u00e7\u00f5es GOV.SP<\/a><\/p>\n","protected":false},"excerpt":{"rendered":"<p>&#13; &#13; &#13; &#13; &#13; Por todo o estado, Unidades B\u00e1sicas de Sa\u00fade estar\u00e3o abertas para intensificar a campanha de vacina\u00e7\u00e3o destinada a crian\u00e7as de at\u00e9 4 anos &#13; &#13; &#13; &#13; O Governo de S\u00e3o Paulo, por meio da Secretaria de Estado da Sa\u00fade (SES), promove neste s\u00e1bado (8) o \u201cDia D\u201d de vacina\u00e7\u00e3o [&hellip;]<\/p>\n","protected":false},"author":1,"featured_media":238,"comment_status":"open","ping_status":"open","sticky":false,"template":"","format":"standard","meta":{"_jetpack_newsletter_access":"","_jetpack_dont_email_post_to_subs":false,"_jetpack_newsletter_tier_id":0,"_jetpack_memberships_contains_paywalled_content":false,"_mbp_banners":[],"_jetpack_feature_clip_id":0,"_jetpack_memberships_contains_paid_content":false,"footnotes":"","jetpack_publicize_message":"","jetpack_publicize_feature_enabled":true,"jetpack_social_post_already_shared":true,"jetpack_social_options":{"image_generator_settings":{"template":"highway","default_image_id":0,"font":"","enabled":false},"version":2},"jetpack_post_was_ever_published":false},"categories":[21],"tags":[],"class_list":["post-7812","post","type-post","status-publish","format-standard","has-post-thumbnail","category-sp-news"],"jetpack_publicize_connections":[],"jetpack-related-posts":[],"jetpack_shortlink":"https:\/\/wp.me\/p7Eq1F-220","jetpack_sharing_enabled":true,"jetpack_featured_media_url":"https:\/\/i0.wp.com\/guialimeira.com.br\/news\/wp-content\/uploads\/2024\/03\/cover.png?fit=650%2C650&ssl=1","_links":{"self":[{"href":"https:\/\/guialimeira.com.br\/news\/wp-json\/wp\/v2\/posts\/7812","targetHints":{"allow":["GET"]}}],"collection":[{"href":"https:\/\/guialimeira.com.br\/news\/wp-json\/wp\/v2\/posts"}],"about":[{"href":"https:\/\/guialimeira.com.br\/news\/wp-json\/wp\/v2\/types\/post"}],"author":[{"embeddable":true,"href":"https:\/\/guialimeira.com.br\/news\/wp-json\/wp\/v2\/users\/1"}],"replies":[{"embeddable":true,"href":"https:\/\/guialimeira.com.br\/news\/wp-json\/wp\/v2\/comments?post=7812"}],"version-history":[{"count":0,"href":"https:\/\/guialimeira.com.br\/news\/wp-json\/wp\/v2\/posts\/7812\/revisions"}],"wp:featuredmedia":[{"embeddable":true,"href":"https:\/\/guialimeira.com.br\/news\/wp-json\/wp\/v2\/media\/238"}],"wp:attachment":[{"href":"https:\/\/guialimeira.com.br\/news\/wp-json\/wp\/v2\/media?parent=7812"}],"wp:term":[{"taxonomy":"category","embeddable":true,"href":"https:\/\/guialimeira.com.br\/news\/wp-json\/wp\/v2\/categories?post=7812"},{"taxonomy":"post_tag","embeddable":true,"href":"https:\/\/guialimeira.com.br\/news\/wp-json\/wp\/v2\/tags?post=7812"}],"curies":[{"name":"wp","href":"https:\/\/api.w.org\/{rel}","templated":true}]}}