{"id":7810,"date":"2024-06-06T19:55:42","date_gmt":"2024-06-06T22:55:42","guid":{"rendered":"https:\/\/guialimeira.com.br\/2024\/06\/06\/comissao-de-obras-questiona-prefeitura-sobre-andamento-dos-servicos-de-zeladoria\/"},"modified":"2024-06-06T19:55:42","modified_gmt":"2024-06-06T22:55:42","slug":"comissao-de-obras-questiona-prefeitura-sobre-andamento-dos-servicos-de-zeladoria","status":"publish","type":"post","link":"https:\/\/guialimeira.com.br\/news\/comissao-de-obras-questiona-prefeitura-sobre-andamento-dos-servicos-de-zeladoria\/","title":{"rendered":"Comiss\u00e3o de Obras questiona Prefeitura sobre andamento dos servi\u00e7os de zeladoria"},"content":{"rendered":"<p> <br \/>\n<\/p>\n<div>\n<p>Para buscar atualiza\u00e7\u00e3o sobre o andamento\u00a0 dos servi\u00e7os de zeladoria na cidade de Limeira, a Comiss\u00e3o de Obras e Servi\u00e7os P\u00fablicos da C\u00e2mara se reuniu com o representante da empresa Forty, Andr\u00e9 Pelegrini, e com o diretor de Servi\u00e7os Urbanos da Prefeitura, Marco Sinico, nesta quinta-feira, 6 de junho. Segundo eles, a situa\u00e7\u00e3o j\u00e1 est\u00e1 dentro da normalidade e praticamente todos os bairros foram atendidos.\u00a0<\/p>\n<p>A execu\u00e7\u00e3o dos servi\u00e7os de limpeza urbana e capina\u00e7\u00e3o foram pauta da reuni\u00e3o da Comiss\u00e3o de Obras no <a href=\"https:\/\/www.limeira.sp.leg.br\/noticias\/view\/2024-03-08_comissao-de-obras-pede-esclarecimentos-sobre-execucao-de-limpeza-urbana-e-capinacao\" rel=\"noopener\">dia 7 de mar\u00e7o<\/a>, quando foi prometido pela empresa e pela Prefeitura que at\u00e9 maio a cidade estaria limpa e livre do mato alto.\u00a0<\/p>\n<p>Questionados pelos vereadores se a meta foi cumprida, tanto Andr\u00e9 Pelegrini, como Marco Sinico informaram que o servi\u00e7o j\u00e1 est\u00e1 dentro da normalidade. \u201cEstamos normalizando a situa\u00e7\u00e3o no munic\u00edpio. Se olhar os bairros, quase todos foram atendidos, corredores de acesso, escolas, postos de sa\u00fade, assim como foi requerido quando estivemos aqui\u201d, disse Andr\u00e9. O representante da Forty tamb\u00e9m disse aos parlamentares que para atender a demanda do munic\u00edpio foram feitas contrata\u00e7\u00f5es de funcion\u00e1rios.<\/p>\n<p>Questionado sobre demandas de \u00e1reas espec\u00edficas da cidade, o diretor de servi\u00e7os Urbanos disse que \u00e9 poss\u00edvel acompanhar a programa\u00e7\u00e3o da zeladoria urbana por meio do site da Prefeitura. Confira o cronograma do m\u00eas de junho neste <a href=\"https:\/\/limeira.sp.gov.br\/secretarias\/obras-e-servicos-publicos\/zeladoria-urbana\" rel=\"noopener\">link<\/a>.<\/p>\n<p>Participaram da reuni\u00e3o os membros da Comiss\u00e3o, vereadores Jo\u00e3o Antunes Bano (SD), presidente; Cear\u00e1, vice-presidente; e Lu Bogo (PL), secret\u00e1ria; os representantes da Forty e da Prefeitura; e o vereador M\u00e1rcio do Estacionamento (DC).\u00a0 Os trabalhos foram transmitidos ao vivo e o v\u00eddeo pode ser conferido na \u00edntegra neste <a href=\"https:\/\/youtu.be\/MkgzCaODIiA?t=26\" rel=\"noopener\">link<\/a>.<\/p>\n<p>A Comiss\u00e3o de Obras, Servi\u00e7os P\u00fablicos, Planejamento, Uso, Ocupa\u00e7\u00e3o e Parcelamento do Solo \u00e9 respons\u00e1vel por fiscalizar obras e servi\u00e7os p\u00fablicos realizados ou prestados pelo munic\u00edpio, bem como os planos habitacionais, transportes, utiliza\u00e7\u00e3o das vias urbanas e estradas municipais, e sua respectiva sinaliza\u00e7\u00e3o. Todas as delibera\u00e7\u00f5es s\u00e3o registradas em <a href=\"http:\/\/consulta.limeira.sp.leg.br\/arquivo?Id=447931\" rel=\"noopener\">ata<\/a>.<\/p>\n<\/p><\/div>\n<p><br \/>\n<br \/><a href=\"https:\/\/www.limeira.sp.leg.br\/noticias\/view\/2024-06-06_comissao-de-obras-questiona-prefeitura-sobre-andamento-dos-servicos-de-zeladoria\" rel=\"noopener\">Informa\u00e7\u00f5es CML<\/a><\/p>\n","protected":false},"excerpt":{"rendered":"<p>Para buscar atualiza\u00e7\u00e3o sobre o andamento\u00a0 dos servi\u00e7os de zeladoria na cidade de Limeira, a Comiss\u00e3o de Obras e Servi\u00e7os P\u00fablicos da C\u00e2mara se reuniu com o representante da empresa Forty, Andr\u00e9 Pelegrini, e com o diretor de Servi\u00e7os Urbanos da Prefeitura, Marco Sinico, nesta quinta-feira, 6 de junho. Segundo eles, a situa\u00e7\u00e3o j\u00e1 est\u00e1 [&hellip;]<\/p>\n","protected":false},"author":1,"featured_media":0,"comment_status":"open","ping_status":"open","sticky":false,"template":"","format":"standard","meta":{"_jetpack_newsletter_access":"","_jetpack_dont_email_post_to_subs":false,"_jetpack_newsletter_tier_id":0,"_jetpack_memberships_contains_paywalled_content":false,"_mbp_banners":[],"_jetpack_feature_clip_id":0,"_jetpack_memberships_contains_paid_content":false,"footnotes":"","jetpack_publicize_message":"","jetpack_publicize_feature_enabled":true,"jetpack_social_post_already_shared":true,"jetpack_social_options":{"image_generator_settings":{"template":"highway","default_image_id":0,"font":"","enabled":false},"version":2},"jetpack_post_was_ever_published":false},"categories":[19],"tags":[],"class_list":["post-7810","post","type-post","status-publish","format-standard","category-politica"],"jetpack_publicize_connections":[],"jetpack-related-posts":[],"jetpack_shortlink":"https:\/\/wp.me\/p7Eq1F-21Y","jetpack_sharing_enabled":true,"jetpack_featured_media_url":"","_links":{"self":[{"href":"https:\/\/guialimeira.com.br\/news\/wp-json\/wp\/v2\/posts\/7810","targetHints":{"allow":["GET"]}}],"collection":[{"href":"https:\/\/guialimeira.com.br\/news\/wp-json\/wp\/v2\/posts"}],"about":[{"href":"https:\/\/guialimeira.com.br\/news\/wp-json\/wp\/v2\/types\/post"}],"author":[{"embeddable":true,"href":"https:\/\/guialimeira.com.br\/news\/wp-json\/wp\/v2\/users\/1"}],"replies":[{"embeddable":true,"href":"https:\/\/guialimeira.com.br\/news\/wp-json\/wp\/v2\/comments?post=7810"}],"version-history":[{"count":0,"href":"https:\/\/guialimeira.com.br\/news\/wp-json\/wp\/v2\/posts\/7810\/revisions"}],"wp:attachment":[{"href":"https:\/\/guialimeira.com.br\/news\/wp-json\/wp\/v2\/media?parent=7810"}],"wp:term":[{"taxonomy":"category","embeddable":true,"href":"https:\/\/guialimeira.com.br\/news\/wp-json\/wp\/v2\/categories?post=7810"},{"taxonomy":"post_tag","embeddable":true,"href":"https:\/\/guialimeira.com.br\/news\/wp-json\/wp\/v2\/tags?post=7810"}],"curies":[{"name":"wp","href":"https:\/\/api.w.org\/{rel}","templated":true}]}}