{"id":7808,"date":"2024-06-06T19:16:49","date_gmt":"2024-06-06T22:16:49","guid":{"rendered":"https:\/\/guialimeira.com.br\/2024\/06\/06\/procon-sp-identifica-alta-de-337-nos-precos-dos-repelentes-na-capital\/"},"modified":"2024-06-06T19:16:49","modified_gmt":"2024-06-06T22:16:49","slug":"procon-sp-identifica-alta-de-337-nos-precos-dos-repelentes-na-capital","status":"publish","type":"post","link":"https:\/\/guialimeira.com.br\/news\/procon-sp-identifica-alta-de-337-nos-precos-dos-repelentes-na-capital\/","title":{"rendered":"Procon-SP identifica alta de 3,37% nos pre\u00e7os dos repelentes na Capital"},"content":{"rendered":"<p> <br \/>\n<\/p>\n<div id=\"\">&#13;<br \/>\n                                <!-- Title -->&#13;<br \/>\n                                &#13;<br \/>\n&#13;<br \/>\n                                <!-- Excerpt -->&#13;<\/p>\n<p class=\"excerpt\">Levantamento semanal constatou que o pre\u00e7o m\u00e9dio passou de R$ 22,91 para R$ 23,68<\/p>\n<p>&#13;<br \/>\n&#13;<br \/>\n                                &#13;\n                            <\/p><\/div>\n<div id=\"\">&#13;<\/p>\n<p><span style=\"font-weight: 400;\">No levantamento de pre\u00e7os de repelentes contra insetos realizado na \u00faltima quarta-feira (29), especialistas do Procon-SP observaram uma alta de 3,37% nos valores praticados pelos sites envolvidos na pesquisa; o pre\u00e7o m\u00e9dio no dia 24 de maio era R$ 22,91 e passou para R$ 23,68.<\/span><\/p>\n<p><span style=\"font-weight: 400;\">A consulta semanal \u2013 feita em sites de grandes drogarias e supermercados a partir de um endere\u00e7o de refer\u00eancia na Capital \u2013 comparou o pre\u00e7o de nove tipos de repelentes (lo\u00e7\u00e3o, l\u00edquido spray e el\u00e9trico l\u00edquido) de duas marcas que estavam dispon\u00edveis nos locais pesquisados. <\/span><a href=\"https:\/\/www.procon.sp.gov.br\/wp-content\/uploads\/2024\/06\/Comparativo-repelentes-29-05-24-24-05-24.pdf\" rel=\"noopener\"><span style=\"font-weight: 400;\">Veja o relat\u00f3rio completo<\/span><\/a><span style=\"font-weight: 400;\">.<\/span><\/p>\n<p><span style=\"font-weight: 400;\">Tamb\u00e9m foi poss\u00edvel encontrar uma maior quantidade de itens, o que aponta para a possibilidade de, a curto prazo, os estoques nos pontos de venda serem normalizados, contribuindo para novas redu\u00e7\u00f5es de pre\u00e7o ao longo do tempo, de acordo com os especialistas do Procon-SP.<\/span><\/p>\n<p><span style=\"font-weight: 400;\">Os levantamentos de pre\u00e7os m\u00e9dios, realizados em dezembro do ano passado e, semanalmente a partir de fevereiro deste ano, t\u00eam como objetivo ajudar o consumidor a ter refer\u00eancias na hora da compra, alertando a import\u00e2ncia da pesquisa de pre\u00e7os e a necessidade de preven\u00e7\u00e3o \u00e0 dengue.<\/span><\/p>\n<p><span style=\"font-weight: 400;\">O Procon-SP recomenda que ao escolher um repelente o consumidor leia o r\u00f3tulo com aten\u00e7\u00e3o, observe se h\u00e1 o registro da Anvisa, eventual restri\u00e7\u00e3o de idade, entre outras informa\u00e7\u00f5es.<\/span><\/p>\n<p>Siga o canal \u201cGoverno de S\u00e3o Paulo\u201d no WhatsApp:<br \/><a href=\"https:\/\/bit.ly\/govspnozap\" target=\"_blank\" rel=\"noopener noreferrer\">https:\/\/bit.ly\/govspnozap<\/a><\/p>\n<\/p><\/div>\n<p><br \/>\n<br \/><a href=\"https:\/\/www.saopaulo.sp.gov.br\/spnoticias\/ultimas-noticias\/procon-sp-precos-dos-repelentes-na-capital-sobem-337\/\" rel=\"noopener\">Informa\u00e7\u00f5es GOV.SP<\/a><\/p>\n","protected":false},"excerpt":{"rendered":"<p>&#13; &#13; &#13; &#13; &#13; Levantamento semanal constatou que o pre\u00e7o m\u00e9dio passou de R$ 22,91 para R$ 23,68 &#13; &#13; &#13; &#13; No levantamento de pre\u00e7os de repelentes contra insetos realizado na \u00faltima quarta-feira (29), especialistas do Procon-SP observaram uma alta de 3,37% nos valores praticados pelos sites envolvidos na pesquisa; o pre\u00e7o m\u00e9dio [&hellip;]<\/p>\n","protected":false},"author":1,"featured_media":238,"comment_status":"open","ping_status":"open","sticky":false,"template":"","format":"standard","meta":{"_jetpack_newsletter_access":"","_jetpack_dont_email_post_to_subs":false,"_jetpack_newsletter_tier_id":0,"_jetpack_memberships_contains_paywalled_content":false,"_mbp_banners":[],"_jetpack_feature_clip_id":0,"_jetpack_memberships_contains_paid_content":false,"footnotes":"","jetpack_publicize_message":"","jetpack_publicize_feature_enabled":true,"jetpack_social_post_already_shared":true,"jetpack_social_options":{"image_generator_settings":{"template":"highway","default_image_id":0,"font":"","enabled":false},"version":2},"jetpack_post_was_ever_published":false},"categories":[21],"tags":[],"class_list":["post-7808","post","type-post","status-publish","format-standard","has-post-thumbnail","category-sp-news"],"jetpack_publicize_connections":[],"jetpack-related-posts":[],"jetpack_shortlink":"https:\/\/wp.me\/p7Eq1F-21W","jetpack_sharing_enabled":true,"jetpack_featured_media_url":"https:\/\/i0.wp.com\/guialimeira.com.br\/news\/wp-content\/uploads\/2024\/03\/cover.png?fit=650%2C650&ssl=1","_links":{"self":[{"href":"https:\/\/guialimeira.com.br\/news\/wp-json\/wp\/v2\/posts\/7808","targetHints":{"allow":["GET"]}}],"collection":[{"href":"https:\/\/guialimeira.com.br\/news\/wp-json\/wp\/v2\/posts"}],"about":[{"href":"https:\/\/guialimeira.com.br\/news\/wp-json\/wp\/v2\/types\/post"}],"author":[{"embeddable":true,"href":"https:\/\/guialimeira.com.br\/news\/wp-json\/wp\/v2\/users\/1"}],"replies":[{"embeddable":true,"href":"https:\/\/guialimeira.com.br\/news\/wp-json\/wp\/v2\/comments?post=7808"}],"version-history":[{"count":0,"href":"https:\/\/guialimeira.com.br\/news\/wp-json\/wp\/v2\/posts\/7808\/revisions"}],"wp:featuredmedia":[{"embeddable":true,"href":"https:\/\/guialimeira.com.br\/news\/wp-json\/wp\/v2\/media\/238"}],"wp:attachment":[{"href":"https:\/\/guialimeira.com.br\/news\/wp-json\/wp\/v2\/media?parent=7808"}],"wp:term":[{"taxonomy":"category","embeddable":true,"href":"https:\/\/guialimeira.com.br\/news\/wp-json\/wp\/v2\/categories?post=7808"},{"taxonomy":"post_tag","embeddable":true,"href":"https:\/\/guialimeira.com.br\/news\/wp-json\/wp\/v2\/tags?post=7808"}],"curies":[{"name":"wp","href":"https:\/\/api.w.org\/{rel}","templated":true}]}}