{"id":7804,"date":"2024-06-06T19:12:48","date_gmt":"2024-06-06T22:12:48","guid":{"rendered":"https:\/\/guialimeira.com.br\/2024\/06\/06\/selecao-brasileira-treina-e-embarca-para-o-texas-onde-joga-no-sabado\/"},"modified":"2024-06-06T19:12:48","modified_gmt":"2024-06-06T22:12:48","slug":"selecao-brasileira-treina-e-embarca-para-o-texas-onde-joga-no-sabado","status":"publish","type":"post","link":"https:\/\/guialimeira.com.br\/news\/selecao-brasileira-treina-e-embarca-para-o-texas-onde-joga-no-sabado\/","title":{"rendered":"Sele\u00e7\u00e3o brasileira treina e embarca para o Texas, onde joga no s\u00e1bado"},"content":{"rendered":"<p> <br \/>\n<\/p>\n<div>\n<p>A sele\u00e7\u00e3o brasileira masculina de futebol fez nesta quinta-feira (6) o \u00faltimo treino em Orlando, na Fl\u00f3rida (Estados Unidos). A\u00a0equipe do t\u00e9cnico Dorival J\u00fanior segue para o estado Texas, onde enfrenta o\u00a0M\u00e9xico, no primeiro de dois amistosos antes da Copa Am\u00e9rica. No s\u00e1bado (8) o Brasil\u00a0encara o M\u00e9xico, \u00e0s 21h30 (hor\u00e1rio de Bras\u00edlia), na cidade de\u00a0College Station. A partida ter\u00e1 <a href=\"https:\/\/radios.ebc.com.br\/nacionalrioam\" rel=\"noopener\"><strong>transmiss\u00e3o ao vivo <\/strong><\/a>na<strong> R\u00e1dio Nacional.\u00a0<\/strong><img data-recalc-dims=\"1\" decoding=\"async\" src=\"https:\/\/i0.wp.com\/agenciabrasil.ebc.com.br\/ebc.png?w=696&#038;ssl=1\" style=\"width:1px; height:1px; display:inline;\"\/><img data-recalc-dims=\"1\" decoding=\"async\" src=\"https:\/\/i0.wp.com\/agenciabrasil.ebc.com.br\/ebc.gif?w=696&#038;ssl=1\" style=\"width:1px; height:1px; display:inline;\"\/><\/p>\n<p>O zagueiro Gabriel Magalh\u00e3es, que vinha sendo poupado por conta de uma les\u00e3o no ombro, participou da atividade. J\u00e1 o meia Lucas Paquet\u00e1, investigado por suposta manipula\u00e7\u00e3o no mercado de apostas, sentiu dores no p\u00e9 e pode perder a vaga para Pep\u00ea. O jogador de 27 anos tem se destacado pela versatilidade. Al\u00e9m de atacante, Pep\u00ea j\u00e1 jogou como lateral e tem atuado como meio-campista\u00a0no Porto.<\/p>\n<p>\u201cDesde o momento em que cheguei na Europa, venho atuando em outras posi\u00e7\u00f5es. Isso foi me ajudando a entender o jogo de uma maneira totalmente diferente. Ent\u00e3o, fico muito feliz em poder conseguir fazer outras posi\u00e7\u00f5es tamb\u00e9m\u201d, disse Pep\u00ea.<\/p>\n<div class=\"dnd-widget-wrapper context-cheio_8colunas type-image\">\n<div class=\"dnd-atom-rendered\"><!-- scald=388333:cheio_8colunas --><\/p>\n<div class=\"shadow overflow-hidden rounded-lg d-block w-100\">\n            <img data-recalc-dims=\"1\" decoding=\"async\" src=\"https:\/\/i0.wp.com\/agenciabrasil.ebc.com.br\/sites\/default\/files\/thumbnails\/image\/loading_v2.gif?w=696&#038;ssl=1\" data-echo=\"https:\/\/imagens.ebc.com.br\/UxOouQTDYcXvcM35k3urxo8Tnr4=\/754x0\/smart\/https:\/\/agenciabrasil.ebc.com.br\/sites\/default\/files\/thumbnails\/image\/2024\/06\/06\/pepe_selecao_porto.jpg?itok=CaCWAYTB\" alt=\"Pep\u00ea - sele\u00e7\u00e3o brasileira masculina de futebol - 2024 - jogador do Porto\" title=\"Rafael Ribeiro\/CBF\/Direitos Reservados\" class=\"flex-fill img-cover\"\/><br \/>\n        <img data-recalc-dims=\"1\" decoding=\"async\" src=\"https:\/\/i0.wp.com\/imagens.ebc.com.br\/UxOouQTDYcXvcM35k3urxo8Tnr4%3D\/754x0\/smart\/https%3A\/\/agenciabrasil.ebc.com.br\/sites\/default\/files\/thumbnails\/image\/2024\/06\/06\/pepe_selecao_porto.jpg?w=696&#038;ssl=1\" alt=\"Pep\u00ea - sele\u00e7\u00e3o brasileira masculina de futebol - 2024 - jogador do Porto\" title=\"Rafael Ribeiro\/CBF\/Direitos Reservados\" class=\"flex-fill img-cover\"\/>\n    <\/div>\n<p><!-- END scald=388333 --><\/div>\n<div class=\"dnd-caption-wrapper\">\n<p>&#8220;Desde o momento em que cheguei na Europa, venho atuando em outras posi\u00e7\u00f5es. Isso foi me ajudando a entender o jogo de uma maneira totalmente diferente&#8221;, revelou o atacante Pep\u00ea durante coletiva de imprensa \u00a0&#8211; <strong>Rafael Ribeiro\/CBF\/Direitos Reservados<\/strong><!--END copyright=388333--><\/p>\n<\/div>\n<\/div>\n<p>Quem tamb\u00e9m participou da entrevista coletiva foi o atacante Vinicius J\u00fanior, do Real Madrid, eleito o melhor jogador da Liga dos Campe\u00f5es e candidato ao pr\u00eamio Bola de Ouro, concedido pela revista France Press. Nesta quinta (6). a publica\u00e7\u00e3o anunciou que os finalistas ser\u00e3o revelados em 4 de setembro, e que a cerim\u00f4nia de entrega ocorerr\u00e1 da l\u00e1urea ser\u00e1 em 28 de outubro, no Th\u00e9\u00e2tre du Ch\u00e2telet, em Paris.\u00a0<\/p>\n<p>\u201cFeliz de chegar aqui, em Orlando, e juntar-me com todo o elenco e a Comiss\u00e3o T\u00e9cnica. Agora, a gente tem que fazer de tudo para fazer uma boa prepara\u00e7\u00e3o e logo em seguida uma \u00f3tima Copa Am\u00e9rica\u201d, afirmou o atacante do Real Madrid, que tamb\u00e9m alimenta o sonho de conquistar o primeiro t\u00edtulo vestindo a amarelinha.\u00a0\u201cN\u00e3o fui campe\u00e3o ainda,\u00a0n\u00e3o tenho nenhum t\u00edtulo com a sele\u00e7\u00e3o, espero que seja agora\u201d.<\/p>\n<div class=\"dnd-widget-wrapper context-cheio_8colunas type-image\">\n<div class=\"dnd-atom-rendered\"><!-- scald=388343:cheio_8colunas --><\/p>\n<div class=\"shadow overflow-hidden rounded-lg d-block w-100\">\n            <img data-recalc-dims=\"1\" decoding=\"async\" src=\"https:\/\/i0.wp.com\/agenciabrasil.ebc.com.br\/sites\/default\/files\/thumbnails\/image\/loading_v2.gif?w=696&#038;ssl=1\" data-echo=\"https:\/\/imagens.ebc.com.br\/3qn6BDbibjH_usF6Xv2MNHGd-h4=\/754x0\/smart\/https:\/\/agenciabrasil.ebc.com.br\/sites\/default\/files\/thumbnails\/image\/2024\/06\/06\/vini_jr_selecao_bras_2024.jpg?itok=HmD4lr0P\" alt=\"Vinicius J\u00fanior - sele\u00e7\u00e3o brasileira - treino Orlando 2024\" title=\"Rafael Ribeiro\/CBF\/Direitos Reservados\" class=\"flex-fill img-cover\"\/><br \/>\n        <img data-recalc-dims=\"1\" decoding=\"async\" src=\"https:\/\/i0.wp.com\/imagens.ebc.com.br\/3qn6BDbibjH_usF6Xv2MNHGd-h4%3D\/754x0\/smart\/https%3A\/\/agenciabrasil.ebc.com.br\/sites\/default\/files\/thumbnails\/image\/2024\/06\/06\/vini_jr_selecao_bras_2024.jpg?w=696&#038;ssl=1\" alt=\"Vinicius J\u00fanior - sele\u00e7\u00e3o brasileira - treino Orlando 2024\" title=\"Rafael Ribeiro\/CBF\/Direitos Reservados\" class=\"flex-fill img-cover\"\/>\n    <\/div>\n<p><!-- END scald=388343 --><\/div>\n<div class=\"dnd-caption-wrapper\">\n<p>&#8220;N\u00e3o fui campe\u00e3o ainda,\u00a0n\u00e3o tenho nenhum t\u00edtulo com a sele\u00e7\u00e3o, espero que seja agora&#8221;, afirmou Vinicius\u00a0J\u00fanior, eleito\u00a0o melhor jogador da Liga dos Campe\u00f5es da Europa\u00a0&#8211; <strong>Rafael Ribeiro\/CBF\/Direitos Reservados<\/strong><!--END copyright=388343--><\/p>\n<\/div>\n<\/div>\n<p>Al\u00e9m do corpo, os atletas da sele\u00e7\u00e3o treinam a mente. Para lidar com a ansiedade pr\u00e9-competi\u00e7\u00e3o e press\u00e3o por desempenho e resultados, a sele\u00e7\u00e3o conta com o trabalho da psic\u00f3loga esportiva, Marisa Santiago.<\/p>\n<p>\u201cA ideia \u00e9 que a gente possa acolher todos. A gente sabe que concentra\u00e7\u00e3o, 48 dias longe da fam\u00edlia, trata-se de um per\u00edodo dif\u00edcil. A gente vai trabalhar no sentido de coes\u00e3o de grupo, fazer os atendimentos individuais, poder conhecer cada um, para que a gente possa entender o grupo como um todo\u201d, detalhou a terapeuta.<\/p>\n<p>O segundo e \u00faltimo amistoso da sele\u00e7\u00e3o ser\u00e1 contra os Estados Unidos, na pr\u00f3xima quarta-feira (12). O Brasil estreia na Copa Am\u00e9rica no\u00a0dia 24 de junho, contra a Costa Rica, em Los Angeles, em partida pelo Grupo D, que tem ainda Col\u00f4mbia e Paraguai.\u00a0<\/p>\n<\/p><\/div>\n<p><br \/>\n<br \/><a href=\"https:\/\/agenciabrasil.ebc.com.br\/esportes\/noticia\/2024-06\/selecao-brasileira-treina-e-embarca-para-o-texas-onde-joga-no-sabado\" rel=\"noopener\">Ag\u00eancia Brasil<\/a><\/p>\n","protected":false},"excerpt":{"rendered":"<p>A sele\u00e7\u00e3o brasileira masculina de futebol fez nesta quinta-feira (6) o \u00faltimo treino em Orlando, na Fl\u00f3rida (Estados Unidos). A\u00a0equipe do t\u00e9cnico Dorival J\u00fanior segue para o estado Texas, onde enfrenta o\u00a0M\u00e9xico, no primeiro de dois amistosos antes da Copa Am\u00e9rica. No s\u00e1bado (8) o Brasil\u00a0encara o M\u00e9xico, \u00e0s 21h30 (hor\u00e1rio de Bras\u00edlia), na cidade [&hellip;]<\/p>\n","protected":false},"author":1,"featured_media":7805,"comment_status":"open","ping_status":"open","sticky":false,"template":"","format":"standard","meta":{"_jetpack_newsletter_access":"","_jetpack_dont_email_post_to_subs":false,"_jetpack_newsletter_tier_id":0,"_jetpack_memberships_contains_paywalled_content":false,"_mbp_banners":[],"_jetpack_feature_clip_id":0,"_jetpack_memberships_contains_paid_content":false,"footnotes":"","jetpack_publicize_message":"","jetpack_publicize_feature_enabled":true,"jetpack_social_post_already_shared":true,"jetpack_social_options":{"image_generator_settings":{"template":"highway","default_image_id":0,"font":"","enabled":false},"version":2},"jetpack_post_was_ever_published":false},"categories":[23],"tags":[],"class_list":["post-7804","post","type-post","status-publish","format-standard","has-post-thumbnail","category-esportes"],"jetpack_publicize_connections":[],"jetpack-related-posts":[],"jetpack_shortlink":"https:\/\/wp.me\/p7Eq1F-21S","jetpack_sharing_enabled":true,"jetpack_featured_media_url":"https:\/\/i0.wp.com\/guialimeira.com.br\/news\/wp-content\/uploads\/2024\/06\/selecao_masc_futebol_eua_2024.jpg?fit=1600%2C800&ssl=1","_links":{"self":[{"href":"https:\/\/guialimeira.com.br\/news\/wp-json\/wp\/v2\/posts\/7804","targetHints":{"allow":["GET"]}}],"collection":[{"href":"https:\/\/guialimeira.com.br\/news\/wp-json\/wp\/v2\/posts"}],"about":[{"href":"https:\/\/guialimeira.com.br\/news\/wp-json\/wp\/v2\/types\/post"}],"author":[{"embeddable":true,"href":"https:\/\/guialimeira.com.br\/news\/wp-json\/wp\/v2\/users\/1"}],"replies":[{"embeddable":true,"href":"https:\/\/guialimeira.com.br\/news\/wp-json\/wp\/v2\/comments?post=7804"}],"version-history":[{"count":0,"href":"https:\/\/guialimeira.com.br\/news\/wp-json\/wp\/v2\/posts\/7804\/revisions"}],"wp:featuredmedia":[{"embeddable":true,"href":"https:\/\/guialimeira.com.br\/news\/wp-json\/wp\/v2\/media\/7805"}],"wp:attachment":[{"href":"https:\/\/guialimeira.com.br\/news\/wp-json\/wp\/v2\/media?parent=7804"}],"wp:term":[{"taxonomy":"category","embeddable":true,"href":"https:\/\/guialimeira.com.br\/news\/wp-json\/wp\/v2\/categories?post=7804"},{"taxonomy":"post_tag","embeddable":true,"href":"https:\/\/guialimeira.com.br\/news\/wp-json\/wp\/v2\/tags?post=7804"}],"curies":[{"name":"wp","href":"https:\/\/api.w.org\/{rel}","templated":true}]}}