{"id":7796,"date":"2024-06-06T18:24:45","date_gmt":"2024-06-06T21:24:45","guid":{"rendered":"https:\/\/guialimeira.com.br\/2024\/06\/06\/limpeza-compulsoria-remove-dezenas-de-caixas-com-inserviveis-em-casa-no-parque-das-nacoes\/"},"modified":"2024-06-06T18:24:45","modified_gmt":"2024-06-06T21:24:45","slug":"limpeza-compulsoria-remove-dezenas-de-caixas-com-inserviveis-em-casa-no-parque-das-nacoes","status":"publish","type":"post","link":"https:\/\/guialimeira.com.br\/news\/limpeza-compulsoria-remove-dezenas-de-caixas-com-inserviveis-em-casa-no-parque-das-nacoes\/","title":{"rendered":"Limpeza compuls\u00f3ria remove dezenas de caixas com inserv\u00edveis em casa no Parque das Na\u00e7\u00f5es"},"content":{"rendered":"<p> <br \/>\n<\/p>\n<div>\n            <main class=\"\">&#13;<br \/>\n                &#13;<br \/>\n&#13;<br \/>\n&#13;<br \/>\n&#13;<br \/>\n    <img data-recalc-dims=\"1\" decoding=\"async\" src=\"https:\/\/i0.wp.com\/ecrie.com.br\/sistema\/conteudos\/imagem\/m_137_0_1_06062024163208.jpg?w=696&#038;ssl=1\" alt=\"Limpeza compuls\u00f3ria remove dezenas de caixas com inserv\u00edveis em casa no Parque das Na\u00e7\u00f5es\"\/>&#13;<br \/>\n&#13;<\/p>\n<p>Um im\u00f3vel no Parque das Na\u00e7\u00f5es foi alvo nesta quinta-feira (6) de uma a\u00e7\u00e3o de limpeza compuls\u00f3ria da Prefeitura de Limeira. O trabalho foi executado pela Divis\u00e3o de Vigil\u00e2ncia de Zoonoses, Secretaria de Obras e Servi\u00e7os P\u00fablicos, Vigil\u00e2ncia Sanit\u00e1ria e apoio da Guarda Civil Municipal (GCM). No local, os agentes de controle de zoonoses depararam-se com dezenas de caixas repletas de inserv\u00edveis, amontoadas at\u00e9 o teto, al\u00e9m de bacias e baldes pl\u00e1sticos, latas vazias, vasos de planta, embalagens de produtos de limpeza, peda\u00e7os de madeira, m\u00f3veis velhos, sacos pl\u00e1sticos, entre outros objetos.<\/p>\n<p>&#13;<\/p>\n<p>De acordo com a gerente da Divis\u00e3o de Zoonoses, Pedrina Aparecida Rodrigues Costa, algumas embalagens continham \u00e1gua e larvas de mosquito. O material foi coletado para an\u00e1lise de compatibilidade ao Aedes aegypti, mosquito transmissor da dengue, zika e chikungunya. Durante a remo\u00e7\u00e3o dos inserv\u00edveis, os agentes tamb\u00e9m encontraram caramujos africanos, aranhas, ratos e baratas.<\/p>\n<p>&#13;<\/p>\n<p>Pedrina relatou que a a\u00e7\u00e3o, at\u00e9 o in\u00edcio da tarde, concentrou-se no quintal do im\u00f3vel, de onde os inserv\u00edveis foram removidos com aux\u00edlio de uma p\u00e1-carregadeira. Dois caminh\u00f5es se revezaram no transporte de material at\u00e9 o Aterro Sanit\u00e1rio, e nesse trabalho, j\u00e1 foram contabilizadas oito viagens.<\/p>\n<p>&#13;<\/p>\n<p>O local \u00e9 habitado por uma idosa, de 65 anos. Pedrina informou que o interior da casa est\u00e1 tomado por caixas e praticamente intransit\u00e1vel, por esse motivo, os familiares da idosa apoiaram a a\u00e7\u00e3o de limpeza. Roupas e cal\u00e7ados em bom estado foram doados \u00e0 Campanha do Agasalho.<\/p>\n<p>&#13;<\/p>\n<p>Um relat\u00f3rio completo sobre a situa\u00e7\u00e3o do im\u00f3vel ser\u00e1 encaminhado \u00e0 Divis\u00e3o de Vigil\u00e2ncia Sanit\u00e1ria, que arbitrar\u00e1 o valor da autua\u00e7\u00e3o, levando em conta o risco \u00e0 sa\u00fade p\u00fablica. Den\u00fancias dessa natureza devem ser encaminhadas \u00e0 prefeitura pela plataforma e-Ouve\/156.<\/p>\n<p>&#13;<br \/>\n&#13;<br \/>\n&#13;<br \/>\n&#13;<\/p>\n<aside class=\"list-related no-print\">&#13;<br \/>\n        &#13;<br \/>\n&#13;<\/p>\n<article class=\"list-item noticias \">&#13;<br \/>\n                    <a class=\"list-item__img\" href=\"https:\/\/limeira.sp.gov.br\/imprensa\/noticias\/obras-e-servicos-publicos\/melhorias-viarias-na-vila-labak-entram-na-reta-final-em-limeira\" tabindex=\"-1\" aria-hidden=\"true\" rel=\"noopener\">&#13;<br \/>\n                        <img data-recalc-dims=\"1\" decoding=\"async\" src=\"https:\/\/i0.wp.com\/ecrie.com.br\/sistema\/conteudos\/imagem\/m_137_0_3_06062024164613.jpg?w=696&#038;ssl=1\" alt=\"Melhorias vi\u00e1rias na Vila Labak entram na reta final em Limeira\"\/>&#13;<br \/>\n                    <\/a>&#13;<br \/>\n&#13;<br \/>\n                &#13;<br \/>\n            <\/article>\n<p>&#13;<\/p>\n<article class=\"list-item noticias \">&#13;<br \/>\n                    <a class=\"list-item__img\" href=\"https:\/\/limeira.sp.gov.br\/imprensa\/noticias\/saude\/dia-d-sera-neste-sabado-8-e-tera-vacinacao-de-manha-e-a-tarde-em-limeira\" tabindex=\"-1\" aria-hidden=\"true\" rel=\"noopener\">&#13;<br \/>\n                        <img data-recalc-dims=\"1\" decoding=\"async\" src=\"https:\/\/i0.wp.com\/ecrie.com.br\/sistema\/conteudos\/imagem\/m_137_0_1_05062024172808.jpg?w=696&#038;ssl=1\" alt=\"Dia D ser\u00e1 neste s\u00e1bado (8) e ter\u00e1 vacina\u00e7\u00e3o de manh\u00e3 e \u00e0 tarde em Limeira\"\/>&#13;<br \/>\n                    <\/a>&#13;<br \/>\n&#13;<br \/>\n                &#13;<br \/>\n            <\/article>\n<p>&#13;<\/p>\n<article class=\"list-item noticias \">&#13;<br \/>\n                    <a class=\"list-item__img\" href=\"https:\/\/limeira.sp.gov.br\/imprensa\/noticias\/saude\/parque-cidade-recebe-em-8-de-junho-projeto-prefeito-no-bairro-adocao-de-animais-sera-um-dos-destaques\" tabindex=\"-1\" aria-hidden=\"true\" rel=\"noopener\">&#13;<br \/>\n                        <img data-recalc-dims=\"1\" decoding=\"async\" src=\"https:\/\/i0.wp.com\/ecrie.com.br\/sistema\/conteudos\/imagem\/m_137_0_1_29052024154350.jpg?w=696&#038;ssl=1\" alt=\"Parque Cidade recebe em 8 de junho projeto \u201cPrefeito no Bairro\u201d; ado\u00e7\u00e3o de animais ser\u00e1 um dos destaques\"\/>&#13;<br \/>\n                    <\/a>&#13;<br \/>\n&#13;<br \/>\n                &#13;<br \/>\n            <\/article>\n<p>&#13;<br \/>\n    <\/aside>\n<p>&#13;<br \/>\n&#13;<br \/>\n            <\/main><\/p><\/div>\n<p><br \/>\n<br \/><a href=\"https:\/\/limeira.sp.gov.br\/limpeza-compulsoria-remove-dezenas-de-caixas-com-inserviveis-em-casa-no-parque-das-nacoes\" rel=\"noopener\">Informa\u00e7\u00f5es da PML <\/a><\/p>\n","protected":false},"excerpt":{"rendered":"<p>&#13; &#13; &#13; &#13; &#13; &#13; &#13; Um im\u00f3vel no Parque das Na\u00e7\u00f5es foi alvo nesta quinta-feira (6) de uma a\u00e7\u00e3o de limpeza compuls\u00f3ria da Prefeitura de Limeira. O trabalho foi executado pela Divis\u00e3o de Vigil\u00e2ncia de Zoonoses, Secretaria de Obras e Servi\u00e7os P\u00fablicos, Vigil\u00e2ncia Sanit\u00e1ria e apoio da Guarda Civil Municipal (GCM). No local, [&hellip;]<\/p>\n","protected":false},"author":1,"featured_media":7797,"comment_status":"open","ping_status":"open","sticky":false,"template":"","format":"standard","meta":{"_jetpack_newsletter_access":"","_jetpack_dont_email_post_to_subs":false,"_jetpack_newsletter_tier_id":0,"_jetpack_memberships_contains_paywalled_content":false,"_mbp_banners":[],"_jetpack_feature_clip_id":0,"_jetpack_memberships_contains_paid_content":false,"footnotes":"","jetpack_publicize_message":"","jetpack_publicize_feature_enabled":true,"jetpack_social_post_already_shared":true,"jetpack_social_options":{"image_generator_settings":{"template":"highway","default_image_id":0,"font":"","enabled":false},"version":2},"jetpack_post_was_ever_published":false},"categories":[16],"tags":[],"class_list":["post-7796","post","type-post","status-publish","format-standard","has-post-thumbnail","category-local"],"jetpack_publicize_connections":[],"jetpack-related-posts":[],"jetpack_shortlink":"https:\/\/wp.me\/p7Eq1F-21K","jetpack_sharing_enabled":true,"jetpack_featured_media_url":"https:\/\/i0.wp.com\/guialimeira.com.br\/news\/wp-content\/uploads\/2024\/06\/m_137_0_1_06062024163208.jpg?fit=1600%2C721&ssl=1","_links":{"self":[{"href":"https:\/\/guialimeira.com.br\/news\/wp-json\/wp\/v2\/posts\/7796","targetHints":{"allow":["GET"]}}],"collection":[{"href":"https:\/\/guialimeira.com.br\/news\/wp-json\/wp\/v2\/posts"}],"about":[{"href":"https:\/\/guialimeira.com.br\/news\/wp-json\/wp\/v2\/types\/post"}],"author":[{"embeddable":true,"href":"https:\/\/guialimeira.com.br\/news\/wp-json\/wp\/v2\/users\/1"}],"replies":[{"embeddable":true,"href":"https:\/\/guialimeira.com.br\/news\/wp-json\/wp\/v2\/comments?post=7796"}],"version-history":[{"count":0,"href":"https:\/\/guialimeira.com.br\/news\/wp-json\/wp\/v2\/posts\/7796\/revisions"}],"wp:featuredmedia":[{"embeddable":true,"href":"https:\/\/guialimeira.com.br\/news\/wp-json\/wp\/v2\/media\/7797"}],"wp:attachment":[{"href":"https:\/\/guialimeira.com.br\/news\/wp-json\/wp\/v2\/media?parent=7796"}],"wp:term":[{"taxonomy":"category","embeddable":true,"href":"https:\/\/guialimeira.com.br\/news\/wp-json\/wp\/v2\/categories?post=7796"},{"taxonomy":"post_tag","embeddable":true,"href":"https:\/\/guialimeira.com.br\/news\/wp-json\/wp\/v2\/tags?post=7796"}],"curies":[{"name":"wp","href":"https:\/\/api.w.org\/{rel}","templated":true}]}}