{"id":7785,"date":"2024-06-06T17:53:43","date_gmt":"2024-06-06T20:53:43","guid":{"rendered":"https:\/\/guialimeira.com.br\/2024\/06\/06\/conselho-de-usuarios-dos-servicos-da-camara-realizam-reuniao-ordinaria\/"},"modified":"2024-06-06T17:53:43","modified_gmt":"2024-06-06T20:53:43","slug":"conselho-de-usuarios-dos-servicos-da-camara-realizam-reuniao-ordinaria","status":"publish","type":"post","link":"https:\/\/guialimeira.com.br\/news\/conselho-de-usuarios-dos-servicos-da-camara-realizam-reuniao-ordinaria\/","title":{"rendered":"Conselho de Usu\u00e1rios dos Servi\u00e7os da C\u00e2mara realizam reuni\u00e3o ordin\u00e1ria"},"content":{"rendered":"<p> <br \/>\n<\/p>\n<div>\n<p>O Conselho de Usu\u00e1rios dos Servi\u00e7os P\u00fablicos da C\u00e2mara Municipal de Limeira se reuniu ordinariamente nesta quarta-feira, 5 de junho. O colegiado sugeriu estudo para promover mudan\u00e7as no sistema de solicita\u00e7\u00f5es no site do Legislativo.<\/p>\n<p>A pauta da reuni\u00e3o realizada por videoconfer\u00eancia foi a aprecia\u00e7\u00e3o dos relat\u00f3rios da Ouvidoria e do Servi\u00e7o de Informa\u00e7\u00e3o ao Cidad\u00e3o (SIC) do per\u00edodo de outubro de 2023 a mar\u00e7o de 2024, bem como a vota\u00e7\u00e3o dos relat\u00f3rios do Conselho do quarto trimestre de 2023 e do primeiro trimestre de 2024, todos aprovados pelos membros.<\/p>\n<p>O colegiado tamb\u00e9m apreciou a pesquisa de satisfa\u00e7\u00e3o\u00a0 respondida pelos usu\u00e1rios sobre os servi\u00e7os do Legislativo e avaliou a atua\u00e7\u00e3o da Ouvidoria da C\u00e2mara como boa. Al\u00e9m disso, os conselheiros sugeriram um estudo para promover mudan\u00e7as no sistema das solicita\u00e7\u00f5es realizadas por meio do site, para que proporcione maior celeridade no processo de contesta\u00e7\u00e3o ou envio de recursos \u00e0s respostas recebidas pelos usu\u00e1rios.<\/p>\n<\/p><\/div>\n<p><br \/>\n<br \/><a href=\"https:\/\/www.limeira.sp.leg.br\/noticias\/view\/2024-06-06_conselho-de-usuarios-dos-servicos-da-camara-realizam-reuniao-ordinaria\" rel=\"noopener\">Informa\u00e7\u00f5es CML<\/a><\/p>\n","protected":false},"excerpt":{"rendered":"<p>O Conselho de Usu\u00e1rios dos Servi\u00e7os P\u00fablicos da C\u00e2mara Municipal de Limeira se reuniu ordinariamente nesta quarta-feira, 5 de junho. O colegiado sugeriu estudo para promover mudan\u00e7as no sistema de solicita\u00e7\u00f5es no site do Legislativo. A pauta da reuni\u00e3o realizada por videoconfer\u00eancia foi a aprecia\u00e7\u00e3o dos relat\u00f3rios da Ouvidoria e do Servi\u00e7o de Informa\u00e7\u00e3o ao [&hellip;]<\/p>\n","protected":false},"author":1,"featured_media":0,"comment_status":"open","ping_status":"open","sticky":false,"template":"","format":"standard","meta":{"_jetpack_newsletter_access":"","_jetpack_dont_email_post_to_subs":false,"_jetpack_newsletter_tier_id":0,"_jetpack_memberships_contains_paywalled_content":false,"_mbp_banners":[],"_jetpack_feature_clip_id":0,"_jetpack_memberships_contains_paid_content":false,"footnotes":"","jetpack_publicize_message":"","jetpack_publicize_feature_enabled":true,"jetpack_social_post_already_shared":true,"jetpack_social_options":{"image_generator_settings":{"template":"highway","default_image_id":0,"font":"","enabled":false},"version":2},"jetpack_post_was_ever_published":false},"categories":[19],"tags":[],"class_list":["post-7785","post","type-post","status-publish","format-standard","category-politica"],"jetpack_publicize_connections":[],"jetpack-related-posts":[],"jetpack_shortlink":"https:\/\/wp.me\/p7Eq1F-21z","jetpack_sharing_enabled":true,"jetpack_featured_media_url":"","_links":{"self":[{"href":"https:\/\/guialimeira.com.br\/news\/wp-json\/wp\/v2\/posts\/7785","targetHints":{"allow":["GET"]}}],"collection":[{"href":"https:\/\/guialimeira.com.br\/news\/wp-json\/wp\/v2\/posts"}],"about":[{"href":"https:\/\/guialimeira.com.br\/news\/wp-json\/wp\/v2\/types\/post"}],"author":[{"embeddable":true,"href":"https:\/\/guialimeira.com.br\/news\/wp-json\/wp\/v2\/users\/1"}],"replies":[{"embeddable":true,"href":"https:\/\/guialimeira.com.br\/news\/wp-json\/wp\/v2\/comments?post=7785"}],"version-history":[{"count":0,"href":"https:\/\/guialimeira.com.br\/news\/wp-json\/wp\/v2\/posts\/7785\/revisions"}],"wp:attachment":[{"href":"https:\/\/guialimeira.com.br\/news\/wp-json\/wp\/v2\/media?parent=7785"}],"wp:term":[{"taxonomy":"category","embeddable":true,"href":"https:\/\/guialimeira.com.br\/news\/wp-json\/wp\/v2\/categories?post=7785"},{"taxonomy":"post_tag","embeddable":true,"href":"https:\/\/guialimeira.com.br\/news\/wp-json\/wp\/v2\/tags?post=7785"}],"curies":[{"name":"wp","href":"https:\/\/api.w.org\/{rel}","templated":true}]}}