{"id":7781,"date":"2024-06-06T17:23:45","date_gmt":"2024-06-06T20:23:45","guid":{"rendered":"https:\/\/guialimeira.com.br\/2024\/06\/06\/melhorias-viarias-na-vila-labak-entram-na-reta-final-em-limeira\/"},"modified":"2024-06-06T17:23:45","modified_gmt":"2024-06-06T20:23:45","slug":"melhorias-viarias-na-vila-labak-entram-na-reta-final-em-limeira","status":"publish","type":"post","link":"https:\/\/guialimeira.com.br\/news\/melhorias-viarias-na-vila-labak-entram-na-reta-final-em-limeira\/","title":{"rendered":"Melhorias vi\u00e1rias na Vila Labak entram na reta final em Limeira"},"content":{"rendered":"<p> <br \/>\n<\/p>\n<div>\n            <main class=\"\">&#13;<br \/>\n                &#13;<br \/>\n&#13;<br \/>\n&#13;<br \/>\n&#13;<br \/>\n    <img data-recalc-dims=\"1\" decoding=\"async\" src=\"https:\/\/i0.wp.com\/ecrie.com.br\/sistema\/conteudos\/imagem\/m_137_0_3_06062024164613.jpg?w=696&#038;ssl=1\" alt=\"Melhorias vi\u00e1rias na Vila Labak entram na reta final em Limeira\"\/>&#13;<br \/>\n&#13;<\/p>\n<p style=\"text-align: justify;\" align=\"justify\">As melhorias vi\u00e1rias que a Prefeitura de Limeira executa na Vila Labak entraram na reta final, com 95% dos trabalhos j\u00e1 conclu\u00eddos. O prefeito Mario Botion e a vice-prefeita Erika Tank visitaram a obra nesta quinta-feira (6), acompanhados da vereadora Lu Bogo \u2013 que solicitou as melhorias. No local, al\u00e9m de uma rotat\u00f3ria, \u00e9 executada a constru\u00e7\u00e3o de acesso \u00e0 Rua General Rondon, no cruzamento com a Manoel de Queir\u00f3s, e o prolongamento da Rua Jos\u00e9 Francisco Roland.<\/p>\n<p>&#13;<\/p>\n<p style=\"text-align: justify;\" align=\"justify\">\u201cEssa \u00e9 uma importante obra de mobilidade urbana, onde circulam pessoas e nossa economia. \u00c9 nisso que o atual governo tem investido de maneira permanente\u201d, afirmou a vice-prefeita Erika Tank. \u201cA mobilidade adequada traz desenvolvimento econ\u00f4mico, qualidade de vida para a popula\u00e7\u00e3o e para o com\u00e9rcio dessa grande regi\u00e3o da Vila Labak e do Jardim Boa Vista\u201d, destacou o prefeito Mario Botion.<\/p>\n<p>&#13;<\/p>\n<p style=\"text-align: justify;\" align=\"justify\">O investimento na obra ultrapassa R$ 2,4 milh\u00f5es, de recursos do Finisa. No momento, as equipes executam as chamadas muretas de alvenaria e est\u00e3o em fase de conclus\u00e3o dos desvios e de parte da pavimenta\u00e7\u00e3o na regi\u00e3o. Al\u00e9m das quest\u00f5es vi\u00e1rias, o local passa por interven\u00e7\u00f5es no sistema de drenagem e melhorias na ilumina\u00e7\u00e3o p\u00fablica.<\/p>\n<p>&#13;<br \/>\n&#13;<br \/>\n    &#13;<\/p>\n<div class=\"gallery__container\">\n            <a class=\"gallery__item\" href=\"https:\/\/i0.wp.com\/ecrie.com.br\/sistema\/conteudos\/imagem\/g_137_1_2_06062024164613.jpg?ssl=1\" target=\"_blank\" title=\"07\" rel=\"noopener\">&#13;<br \/>\n                <img data-recalc-dims=\"1\" decoding=\"async\" class=\"gallery__img\" src=\"https:\/\/i0.wp.com\/ecrie.com.br\/sistema\/conteudos\/imagem\/p_137_1_2_06062024164613.jpg?w=696&#038;ssl=1\" alt=\"07\" onload=\"resizePhoto(this);\"\/>&#13;<br \/>\n            <\/a><br \/>\n            <a class=\"gallery__item\" href=\"https:\/\/i0.wp.com\/ecrie.com.br\/sistema\/conteudos\/imagem\/g_137_2_1_06062024164613.jpg?ssl=1\" target=\"_blank\" title=\"09\" rel=\"noopener\">&#13;<br \/>\n                <img data-recalc-dims=\"1\" decoding=\"async\" class=\"gallery__img\" src=\"https:\/\/i0.wp.com\/ecrie.com.br\/sistema\/conteudos\/imagem\/p_137_2_1_06062024164613.jpg?w=696&#038;ssl=1\" alt=\"09\" onload=\"resizePhoto(this);\"\/>&#13;<br \/>\n            <\/a>\n    <\/div>\n<p>&#13;<br \/>\n&#13;<br \/>\n&#13;<\/p>\n<aside class=\"list-related no-print\">&#13;<br \/>\n        &#13;<br \/>\n&#13;<\/p>\n<article class=\"list-item noticias \">&#13;<br \/>\n                    <a class=\"list-item__img\" href=\"https:\/\/limeira.sp.gov.br\/imprensa\/noticias\/obras-e-servicos-publicos\/limpeza-compulsoria-remove-dezenas-de-caixas-com-inserviveis-em-casa-no-parque-das-nacoes\" tabindex=\"-1\" aria-hidden=\"true\" rel=\"noopener\">&#13;<br \/>\n                        <img data-recalc-dims=\"1\" decoding=\"async\" src=\"https:\/\/i0.wp.com\/ecrie.com.br\/sistema\/conteudos\/imagem\/m_137_0_1_06062024163208.jpg?w=696&#038;ssl=1\" alt=\"Limpeza compuls\u00f3ria remove dezenas de caixas com inserv\u00edveis em casa no Parque das Na\u00e7\u00f5es\"\/>&#13;<br \/>\n                    <\/a>&#13;<br \/>\n&#13;<br \/>\n                &#13;<br \/>\n            <\/article>\n<p>&#13;<\/p>\n<article class=\"list-item noticias \">&#13;<br \/>\n                    <a class=\"list-item__img\" href=\"https:\/\/limeira.sp.gov.br\/imprensa\/noticias\/obras-e-servicos-publicos\/limeira-tem-um-dos-menores-indices-de-perdas-de-agua-do-pais-e-recebe-premio\" tabindex=\"-1\" aria-hidden=\"true\" rel=\"noopener\">&#13;<br \/>\n                        <img data-recalc-dims=\"1\" decoding=\"async\" src=\"https:\/\/i0.wp.com\/ecrie.com.br\/sistema\/conteudos\/imagem\/m_137_0_1_28052024111432.jpg?w=696&#038;ssl=1\" alt=\"Limeira tem um dos menores \u00edndices de perdas de \u00e1gua do pa\u00eds e recebe pr\u00eamio\"\/>&#13;<br \/>\n                    <\/a>&#13;<br \/>\n&#13;<br \/>\n                &#13;<br \/>\n            <\/article>\n<p>&#13;<\/p>\n<article class=\"list-item noticias \">&#13;<br \/>\n                    <a class=\"list-item__img\" href=\"https:\/\/limeira.sp.gov.br\/imprensa\/noticias\/obras-e-servicos-publicos\/recapeamento-em-limeira-segue-com-obra-no-jd-do-lago\" tabindex=\"-1\" aria-hidden=\"true\" rel=\"noopener\">&#13;<br \/>\n                        <img data-recalc-dims=\"1\" decoding=\"async\" src=\"https:\/\/i0.wp.com\/ecrie.com.br\/sistema\/conteudos\/imagem\/m_137_0_1_27052024192833.jpg?w=696&#038;ssl=1\" alt=\"Recapeamento em Limeira segue com obra no Jd. do Lago\"\/>&#13;<br \/>\n                    <\/a>&#13;<br \/>\n&#13;<br \/>\n                &#13;<br \/>\n            <\/article>\n<p>&#13;<br \/>\n    <\/aside>\n<p>&#13;<br \/>\n&#13;<br \/>\n            <\/main><\/p><\/div>\n<p><br \/>\n<br \/><a href=\"https:\/\/limeira.sp.gov.br\/melhorias-viarias-na-vila-labak-entram-na-reta-final-em-limeira\" rel=\"noopener\">Informa\u00e7\u00f5es da PML <\/a><\/p>\n","protected":false},"excerpt":{"rendered":"<p>&#13; &#13; &#13; &#13; &#13; &#13; &#13; As melhorias vi\u00e1rias que a Prefeitura de Limeira executa na Vila Labak entraram na reta final, com 95% dos trabalhos j\u00e1 conclu\u00eddos. O prefeito Mario Botion e a vice-prefeita Erika Tank visitaram a obra nesta quinta-feira (6), acompanhados da vereadora Lu Bogo \u2013 que solicitou as melhorias. No [&hellip;]<\/p>\n","protected":false},"author":1,"featured_media":7782,"comment_status":"open","ping_status":"open","sticky":false,"template":"","format":"standard","meta":{"_jetpack_newsletter_access":"","_jetpack_dont_email_post_to_subs":false,"_jetpack_newsletter_tier_id":0,"_jetpack_memberships_contains_paywalled_content":false,"_mbp_banners":[],"_jetpack_feature_clip_id":0,"_jetpack_memberships_contains_paid_content":false,"footnotes":"","jetpack_publicize_message":"","jetpack_publicize_feature_enabled":true,"jetpack_social_post_already_shared":true,"jetpack_social_options":{"image_generator_settings":{"template":"highway","default_image_id":0,"font":"","enabled":false},"version":2},"jetpack_post_was_ever_published":false},"categories":[16],"tags":[],"class_list":["post-7781","post","type-post","status-publish","format-standard","has-post-thumbnail","category-local"],"jetpack_publicize_connections":[],"jetpack-related-posts":[],"jetpack_shortlink":"https:\/\/wp.me\/p7Eq1F-21v","jetpack_sharing_enabled":true,"jetpack_featured_media_url":"https:\/\/i0.wp.com\/guialimeira.com.br\/news\/wp-content\/uploads\/2024\/06\/m_137_0_3_06062024164613.jpg?fit=1280%2C852&ssl=1","_links":{"self":[{"href":"https:\/\/guialimeira.com.br\/news\/wp-json\/wp\/v2\/posts\/7781","targetHints":{"allow":["GET"]}}],"collection":[{"href":"https:\/\/guialimeira.com.br\/news\/wp-json\/wp\/v2\/posts"}],"about":[{"href":"https:\/\/guialimeira.com.br\/news\/wp-json\/wp\/v2\/types\/post"}],"author":[{"embeddable":true,"href":"https:\/\/guialimeira.com.br\/news\/wp-json\/wp\/v2\/users\/1"}],"replies":[{"embeddable":true,"href":"https:\/\/guialimeira.com.br\/news\/wp-json\/wp\/v2\/comments?post=7781"}],"version-history":[{"count":0,"href":"https:\/\/guialimeira.com.br\/news\/wp-json\/wp\/v2\/posts\/7781\/revisions"}],"wp:featuredmedia":[{"embeddable":true,"href":"https:\/\/guialimeira.com.br\/news\/wp-json\/wp\/v2\/media\/7782"}],"wp:attachment":[{"href":"https:\/\/guialimeira.com.br\/news\/wp-json\/wp\/v2\/media?parent=7781"}],"wp:term":[{"taxonomy":"category","embeddable":true,"href":"https:\/\/guialimeira.com.br\/news\/wp-json\/wp\/v2\/categories?post=7781"},{"taxonomy":"post_tag","embeddable":true,"href":"https:\/\/guialimeira.com.br\/news\/wp-json\/wp\/v2\/tags?post=7781"}],"curies":[{"name":"wp","href":"https:\/\/api.w.org\/{rel}","templated":true}]}}