{"id":7770,"date":"2024-06-06T16:53:57","date_gmt":"2024-06-06T19:53:57","guid":{"rendered":"https:\/\/guialimeira.com.br\/2024\/06\/06\/rede-genomica-fiocruz-cria-novo-painel-de-dados-sobre-dengue\/"},"modified":"2024-06-06T16:53:57","modified_gmt":"2024-06-06T19:53:57","slug":"rede-genomica-fiocruz-cria-novo-painel-de-dados-sobre-dengue","status":"publish","type":"post","link":"https:\/\/guialimeira.com.br\/news\/rede-genomica-fiocruz-cria-novo-painel-de-dados-sobre-dengue\/","title":{"rendered":"Rede Gen\u00f4mica Fiocruz cria novo painel de dados sobre dengue"},"content":{"rendered":"<p> <br \/>\n<\/p>\n<div>\n<p>A Rede Gen\u00f4mica da Funda\u00e7\u00e3o Oswaldo Cruz (Fiocruz) acaba de implementar em seu<a href=\"https:\/\/www.genomahcov.fiocruz.br\/dashboards\/\" target=\"_blank\" rel=\"noopener\"> site<\/a>\u00a0novo painel de visualiza\u00e7\u00e3o de dados sobre dengue.\u00a0<img data-recalc-dims=\"1\" decoding=\"async\" src=\"https:\/\/i0.wp.com\/agenciabrasil.ebc.com.br\/ebc.png?w=696&#038;ssl=1\" style=\"width:1px; height:1px; display:inline;\"\/><img data-recalc-dims=\"1\" decoding=\"async\" src=\"https:\/\/i0.wp.com\/agenciabrasil.ebc.com.br\/ebc.gif?w=696&#038;ssl=1\" style=\"width:1px; height:1px; display:inline;\"\/><\/p>\n<p>O\u00a0Dashboard de Dengue\u00a0foi desenvolvido por uma equipe de pesquisa com foco em bioinform\u00e1tica e ci\u00eancia de dados e disponibiliza, para outros grupos de pesquisa, jornalistas, tomadores de decis\u00e3o e a popula\u00e7\u00e3o em geral, dados sobre os sorotipos e gen\u00f3tipos de dengue em circula\u00e7\u00e3o no Brasil.<\/p>\n<p>\u00c9 poss\u00edvel analisar os dados individualizados de todos os estados e regi\u00f5es do Brasil, com detalhes sobre a quantidade de genomas amostrados e sequenciados em mais de cinco d\u00e9cadas de circula\u00e7\u00e3o do v\u00edrus da dengue no pa\u00eds.<\/p>\n<p>Segundo o virologista do Instituto Carlos Chagas (ICC\/Fiocruz Paran\u00e1),\u00a0Tiago Gr\u00e4f, tamb\u00e9m coordenador do desenvolvimento do\u00a0Dashboard de Dengue,\u00a0o que chama aten\u00e7\u00e3o nos dados \u00e9 o aumento do n\u00famero de genomas que vem sendo gerados de dengue desde 2020. Genoma \u00e9 o c\u00f3digo gen\u00e9tico do v\u00edrus.<\/p>\n<p>&#8220;Isso \u00e9 resultado do aumento da capacidade de sequenciamento de unidades. Essa quest\u00e3o da vigil\u00e2ncia gen\u00f4mica foi muito importante na pandemia de covid-19. O mundo inteiro estava preocupado em sequenciar o genoma completo do v\u00edrus, o Sars-CoV-2. Ent\u00e3o teve um incentivo para os pa\u00edses promoverem capacita\u00e7\u00e3o, criar infraestrutura, treinamento de pessoal para fazer isso. A gente v\u00ea essa infraestrutura e capacita\u00e7\u00e3o de pessoal agora funcionando para arboviroses como a dengue\u201d.<\/p>\n<p>De acordo com o virologista, o n\u00famero de casos de dengue no pa\u00eds vem decrescendo em muitos estados, mas n\u00e3o de forma acelerada. \u201c\u00c9 bem heterog\u00eaneo. Alguns estados ainda t\u00eam mantido n\u00famero de casos elevado. \u00c9 super preocupante ainda, porque atingimos n\u00fameros elevad\u00edssimos\u201d.<\/p>\n<p>Com quase 6,3 milh\u00f5es de casos prov\u00e1veis de dengue, sendo mais de 3 milh\u00f5es confirmados em laborat\u00f3rio, o <a href=\"https:\/\/agenciabrasil.ebc.com.br\/saude\/noticia\/2024-06\/com-63-milhoes-de-casos-provaveis-brasil-lidera-ranking-de-dengue\" target=\"_blank\" rel=\"noopener\">Brasil ocupa o primeiro lugar<\/a> no <em>ranking<\/em> de pa\u00edses com maior n\u00famero de notifica\u00e7\u00f5es da doen\u00e7a em 2024. Em seguida est\u00e3o Argentina, com 420 mil casos prov\u00e1veis; Paraguai, com 257 mil casos prov\u00e1veis; e Peru, com quase 200 mil casos prov\u00e1veis.<\/p>\n<p>\u201cSemelhante ao\u00a0<em>dashboard<\/em>\u00a0(painel de gest\u00e3o com interface gr\u00e1fica) sobre o coronav\u00edrus pand\u00eamico Sars-CoV-2, dispon\u00edvel no site desde o in\u00edcio da pandemia de covid-19, e desenvolvido em linguagem Python com dados referentes a genomas depositados no banco de dados EpiArbo do Gisaid, o painel de visualiza\u00e7\u00e3o de dados est\u00e1 dispon\u00edvel em portugu\u00eas, ingl\u00eas e espanhol.<\/p>\n<p>Al\u00e9m disso, a frequ\u00eancia de circula\u00e7\u00e3o de sorotipos tamb\u00e9m \u00e9 apresentada, com base nos resultados laboratoriais (PCR), disponibilizados pelo Minist\u00e9rio da Sa\u00fade (MS) no Sistema de Informa\u00e7\u00e3o de Agravos de Notifica\u00e7\u00e3o (Sinan) desde 2007\u201d, diz a Fiocruz.<\/p>\n<p>\u201cAssim como no caso do painel sobre o Sars-CoV-2, a atualiza\u00e7\u00e3o dos dados ser\u00e1 realizada quinzenalmente, para que se possa acompanhar o comportamento do v\u00edrus\u201d, disse o\u00a0virologista.<\/p>\n<p>&#8220;Tais informa\u00e7\u00f5es subsidiam a melhor compreens\u00e3o acerca dos cen\u00e1rios epidemiol\u00f3gicos, da dissemina\u00e7\u00e3o viral, das especificidades geogr\u00e1ficas, dentre outros aspectos centrais que a adequa\u00e7\u00e3o das pol\u00edticas p\u00fablicas, aloca\u00e7\u00e3o de recursos e interven\u00e7\u00f5es voltadas ao enfrentamento e resposta \u00e0s epidemias e emerg\u00eancias em sa\u00fade p\u00fablica,\u201d disse a vice-presidente de Pesquisa e Cole\u00e7\u00f5es Biol\u00f3gicas da Fiocruz,\u00a0Lourdes Oliveira.<\/p>\n<\/p><\/div>\n<p><br \/>\n<br \/><a href=\"https:\/\/agenciabrasil.ebc.com.br\/saude\/noticia\/2024-06\/rede-genomica-fiocruz-cria-novo-painel-de-dados-sobre-dengue\" rel=\"noopener\">Ag\u00eancia Brasil <\/a><\/p>\n","protected":false},"excerpt":{"rendered":"<p>A Rede Gen\u00f4mica da Funda\u00e7\u00e3o Oswaldo Cruz (Fiocruz) acaba de implementar em seu site\u00a0novo painel de visualiza\u00e7\u00e3o de dados sobre dengue.\u00a0 O\u00a0Dashboard de Dengue\u00a0foi desenvolvido por uma equipe de pesquisa com foco em bioinform\u00e1tica e ci\u00eancia de dados e disponibiliza, para outros grupos de pesquisa, jornalistas, tomadores de decis\u00e3o e a popula\u00e7\u00e3o em geral, dados [&hellip;]<\/p>\n","protected":false},"author":1,"featured_media":4020,"comment_status":"open","ping_status":"open","sticky":false,"template":"","format":"standard","meta":{"_jetpack_newsletter_access":"","_jetpack_dont_email_post_to_subs":false,"_jetpack_newsletter_tier_id":0,"_jetpack_memberships_contains_paywalled_content":false,"_mbp_banners":[],"_jetpack_feature_clip_id":0,"_jetpack_memberships_contains_paid_content":false,"footnotes":"","jetpack_publicize_message":"","jetpack_publicize_feature_enabled":true,"jetpack_social_post_already_shared":true,"jetpack_social_options":{"image_generator_settings":{"template":"highway","default_image_id":0,"font":"","enabled":false},"version":2},"jetpack_post_was_ever_published":false},"categories":[15],"tags":[],"class_list":["post-7770","post","type-post","status-publish","format-standard","has-post-thumbnail","category-saude"],"jetpack_publicize_connections":[],"jetpack-related-posts":[],"jetpack_shortlink":"https:\/\/wp.me\/p7Eq1F-21k","jetpack_sharing_enabled":true,"jetpack_featured_media_url":"https:\/\/i0.wp.com\/guialimeira.com.br\/news\/wp-content\/uploads\/2024\/05\/fiocruz_completa_122_anos_ffraz_abr_190522_32.jpg?fit=1600%2C800&ssl=1","_links":{"self":[{"href":"https:\/\/guialimeira.com.br\/news\/wp-json\/wp\/v2\/posts\/7770","targetHints":{"allow":["GET"]}}],"collection":[{"href":"https:\/\/guialimeira.com.br\/news\/wp-json\/wp\/v2\/posts"}],"about":[{"href":"https:\/\/guialimeira.com.br\/news\/wp-json\/wp\/v2\/types\/post"}],"author":[{"embeddable":true,"href":"https:\/\/guialimeira.com.br\/news\/wp-json\/wp\/v2\/users\/1"}],"replies":[{"embeddable":true,"href":"https:\/\/guialimeira.com.br\/news\/wp-json\/wp\/v2\/comments?post=7770"}],"version-history":[{"count":0,"href":"https:\/\/guialimeira.com.br\/news\/wp-json\/wp\/v2\/posts\/7770\/revisions"}],"wp:featuredmedia":[{"embeddable":true,"href":"https:\/\/guialimeira.com.br\/news\/wp-json\/wp\/v2\/media\/4020"}],"wp:attachment":[{"href":"https:\/\/guialimeira.com.br\/news\/wp-json\/wp\/v2\/media?parent=7770"}],"wp:term":[{"taxonomy":"category","embeddable":true,"href":"https:\/\/guialimeira.com.br\/news\/wp-json\/wp\/v2\/categories?post=7770"},{"taxonomy":"post_tag","embeddable":true,"href":"https:\/\/guialimeira.com.br\/news\/wp-json\/wp\/v2\/tags?post=7770"}],"curies":[{"name":"wp","href":"https:\/\/api.w.org\/{rel}","templated":true}]}}