{"id":7769,"date":"2024-06-06T16:52:43","date_gmt":"2024-06-06T19:52:43","guid":{"rendered":"https:\/\/guialimeira.com.br\/2024\/06\/06\/acesso-a-ponte-do-esqueleto-e-pautado-pela-comissao-de-saude-lazer-e-turismo\/"},"modified":"2024-06-06T16:52:43","modified_gmt":"2024-06-06T19:52:43","slug":"acesso-a-ponte-do-esqueleto-e-pautado-pela-comissao-de-saude-lazer-e-turismo","status":"publish","type":"post","link":"https:\/\/guialimeira.com.br\/news\/acesso-a-ponte-do-esqueleto-e-pautado-pela-comissao-de-saude-lazer-e-turismo\/","title":{"rendered":"Acesso \u00e0 Ponte do Esqueleto \u00e9 pautado pela Comiss\u00e3o de Sa\u00fade, Lazer e Turismo"},"content":{"rendered":"<p> <br \/>\n<\/p>\n<div>\n<p>Na\u00a0 reuni\u00e3o da Comiss\u00e3o de Sa\u00fade, Lazer, Esporte e Turismo da C\u00e2mara desta quinta-feira, 6 de junho, o colegiado pautou o bloqueio de acesso \u00e0 Ponte do Esqueleto. Tamb\u00e9m foram apresentadas demandas pelo grupo Mulheres Rosa, sobre o atendimento a pacientes oncol\u00f3gicos, e pelo representante da Associa\u00e7\u00e3o Inclus\u00e3o J\u00e1, sobre o servi\u00e7o de transporte do Centro de Especializa\u00e7\u00e3o Municipal do Autista (Cema), al\u00e9m de solicita\u00e7\u00f5es individuais de mun\u00edcipes. Os trabalhos foram transmitidos ao vivo e o v\u00eddeo pode ser conferido na \u00edntegra neste <a href=\"https:\/\/youtu.be\/WjYGtp1WhwM?t=1303\" rel=\"noopener\">link<\/a>.<\/p>\n<p>Participaram da reuni\u00e3o os membros da Comiss\u00e3o, vereadores Dr. J\u00falio (MDB), presidente; Jorge de Freitas (PRD), vice-presidente; e Lu Bogo (PL), secret\u00e1ria; o secret\u00e1rio de Desenvolvimento, Turismo e Inova\u00e7\u00e3o, Jos\u00e9 Fran\u00e7a Almirall, o Tito Almirall; os empres\u00e1rios do ramo de turismo de aventura Danilo Druziane, Elaine Deslandes e Heber Antunes; as representantes do grupo Mulheres Rosa, Elyani de Almeida Carvalhais e Poliana Ribeiro; e o presidente da Associa\u00e7\u00e3o Inclus\u00e3o J\u00e1, Jos\u00e9 Milton Rodrigues de Melo.<\/p>\n<p><strong>Ponte do Esqueleto<\/strong><\/p>\n<p>A Ponte do Esqueleto localizada na Estrada Doutor C\u00e1ssio de Freitas Levy, na zona rural de Limeira, lim\u00edtrofe entre Cordeir\u00f3polis, foi palco de um acidente no dia 28 de abril, quando uma ciclista de Rio Claro morreu ao cair de uma altura de quase 15 metros, quando fazia o percurso de bicicleta, juntamente com o marido e amigos.<\/p>\n<p>Ap\u00f3s o ocorrido, a Superintend\u00eancia do Patrim\u00f4nio da Uni\u00e3o do Estado de S\u00e3o Paulo solicitou \u00e0 Prefeitura de Limeira que realizasse o bloqueio do acesso \u00e0 estrutura e que providenciasse sinaliza\u00e7\u00e3o de perigo no local, conforme <a href=\"https:\/\/www.youtube.com\/watch?v=QZPRu7-0gbg\" rel=\"noopener\">not\u00edcia veiculada pela rede RF TV no dia 16 de maio<\/a>.<\/p>\n<p>O empres\u00e1rio Danilo Drusiane falou do bloqueio realizado pela Prefeitura com a abertura de grandes valas que dificultam o acesso ao local, mas n\u00e3o impedem que pessoas tentem fazer a travessia, que se tornou perigosa. Tanto Danilo, como os demais empres\u00e1rios refor\u00e7aram a import\u00e2ncia da Ponte do Esqueleto no turismo local.<\/p>\n<p>Segundo a vereadora Lu Bogo, o acesso \u00e0 Ponte do Esqueleto ser\u00e1 reaberto ap\u00f3s a Prefeitura instalar a sinaliza\u00e7\u00e3o indicativa de perigo no local. O secret\u00e1rio de Turismo confirmou a informa\u00e7\u00e3o e esclareceu que o processo para a aquisi\u00e7\u00e3o das placas segue o rito das compras p\u00fablicas e por isso n\u00e3o h\u00e1 como estabelecer um prazo para a reabertura ainda.<\/p>\n<p>O presidente da Comiss\u00e3o, Dr. J\u00falio, pontuou que \u00e9 importante fomentar o turismo na cidade e que os esportes de aventura tamb\u00e9m realizam esse papel. Ele questionou o secret\u00e1rio se \u00e9 poss\u00edvel conferir uma autoriza\u00e7\u00e3o para que essas empresas continuem utilizando a Ponte do Esqueleto para desenvolverem suas atividades na cidade.<\/p>\n<p>Tito Almirall explicou que, de acordo com o cen\u00e1rio legal, quando se abre uma microempresa na cidade, o munic\u00edpio n\u00e3o pode impedir o exerc\u00edcio da atividade, mas que n\u00e3o h\u00e1 como emitir uma autoriza\u00e7\u00e3o espec\u00edfica para que essas empresas exer\u00e7am a atividade no local, que \u00e9 de propriedade da Uni\u00e3o. Ele prop\u00f4s ouvir os empres\u00e1rios para identificar medidas que possam ser tomadas para atend\u00ea-los.\u00a0<\/p>\n<p>A Ponte do Esqueleto tamb\u00e9m foi o assunto tratado na reuni\u00e3o da Comiss\u00e3o do <a href=\"https:\/\/www.limeira.sp.leg.br\/noticias\/view\/2024-05-09_comissao-de-saude-e-turismo-recebe-demanda-sobre-ponte-do-esqueleto\" rel=\"noopener\">dia 9 de maio<\/a>, quando foram apresentadas demandas sobre a seguran\u00e7a, e no <a href=\"https:\/\/www.limeira.sp.leg.br\/noticias\/view\/2024-05-23_ponte-do-esqueleto-volta-a-ser-assunto-na-comissao-de-saude-e-turismo-da-camara\" rel=\"noopener\">dia 23 de maio<\/a>, quando foi solicitado apoio dos parlamentares para que empresas que atuam com esportes de aventura continuem operando no local.\u00a0<\/p>\n<p><strong>Mulheres Rosa<\/strong><\/p>\n<p>Representando o grupo Mulheres Rosa, Poliana e Elyani falaram sobre as dificuldades enfrentadas pelas mulheres com diagn\u00f3stico oncol\u00f3gico para fazer exames, ter acesso a medicamentos e realizar tratamento para combater a doen\u00e7a. \u201cO c\u00e2ncer n\u00e3o espera\u201d, frisou Elyani.\u00a0<\/p>\n<p>Poliana destacou que o assunto precisa ser tratado com mais cuidado e cautela. \u201cN\u00f3s n\u00e3o estamos com gripe, diarr\u00e9ia, conjuntivite. Estamos com c\u00e2ncer. \u00c9 preciso parar de nos tratar como n\u00fameros. Da lista de mulheres que mandei para a Comiss\u00e3o, algumas j\u00e1 morreram aguardando atendimento\u201d, declarou.<\/p>\n<p><strong>Servi\u00e7o de transporte do Cema<\/strong><\/p>\n<p>O presidente da Associa\u00e7\u00e3o Inclus\u00e3o J\u00e1, Jos\u00e9 Milton, disse que tem recebido relatos de m\u00e3es que ficam sem levar os filhos para as terapias realizadas no Cema devido a dificuldades com o transporte at\u00e9 o local. E questionou sobre o servi\u00e7o de van disponibilizado para algumas m\u00e3es pelo Cema. \u201cQueremos que esse direito que algumas pessoas t\u00eam seja estendido para todos. Por que umas podem utilizar o servi\u00e7o e outras pessoas, que tamb\u00e9m precisam, n\u00e3o t\u00eam esse direito\u201d, indagou.<\/p>\n<p>O assunto j\u00e1 foi abordado na reuni\u00e3o da Comiss\u00e3o no <a href=\"https:\/\/www.limeira.sp.leg.br\/noticias\/view\/2024-04-11_maes-de-autistas-atendidos-no-cema-apresentam-demandas-a-comissao-de-saude\" rel=\"noopener\">dia 11 de abril<\/a>. Na ocasi\u00e3o, o colegiado perguntou ao Cema, por meio de of\u00edcio, sobre o fornecimento do transporte. Em resposta, a institui\u00e7\u00e3o informou que h\u00e1 atualmente uma van com 14 lugares que presta o servi\u00e7o e para os casos em que a rota do ve\u00edculo n\u00e3o alcan\u00e7a a resid\u00eancia do paciente h\u00e1 o fornecimento de passe livre, que garante a gratuidade no transporte coletivo.<\/p>\n<p>O Cema tamb\u00e9m informou que atualmente 44 pacientes utilizam o servi\u00e7o de transporte, que n\u00e3o h\u00e1 fila de espera e que as inclus\u00f5es s\u00e3o feitas conforme a demanda das fam\u00edlias e a disponibilidade de rota e terapias.<\/p>\n<p><strong>A Comiss\u00e3o<\/strong><\/p>\n<p>A Comiss\u00e3o de Sa\u00fade, Lazer, Esporte e Turismo \u00e9 respons\u00e1vel por apurar den\u00fancias e fiscalizar a\u00e7\u00f5es que tratem do Sistema \u00danico de Sa\u00fade (SUS) e seguridade social, vigil\u00e2ncia sanit\u00e1ria, epidemiol\u00f3gica e nutricional; seguran\u00e7a e sa\u00fade do trabalhador e turismo, bem como de programas esportivos, recreativos e de lazer voltados \u00e0 cidade de Limeira.\u00a0<\/p>\n<p>Fazem parte do colegiado os vereadores Dr. J\u00falio (MDB), presidente; Jorge de Freitas (PRD), vice-presidente; e Lu Bogo (PL), secret\u00e1ria. As reuni\u00f5es acontecem \u00e0s quintas-feiras, a partir das 10h30 e todas as delibera\u00e7\u00f5es s\u00e3o registradas em <a href=\"http:\/\/consulta.limeira.sp.leg.br\/arquivo?Id=447896\" rel=\"noopener\">ata<\/a>.<\/p>\n<\/p><\/div>\n<p><br \/>\n<br \/><a href=\"https:\/\/www.limeira.sp.leg.br\/noticias\/view\/2024-06-06_acesso-a-ponte-do-esqueleto-e-pautado-pela-comissao-de-saude-lazer-e-turismo\" rel=\"noopener\">Informa\u00e7\u00f5es CML<\/a><\/p>\n","protected":false},"excerpt":{"rendered":"<p>Na\u00a0 reuni\u00e3o da Comiss\u00e3o de Sa\u00fade, Lazer, Esporte e Turismo da C\u00e2mara desta quinta-feira, 6 de junho, o colegiado pautou o bloqueio de acesso \u00e0 Ponte do Esqueleto. Tamb\u00e9m foram apresentadas demandas pelo grupo Mulheres Rosa, sobre o atendimento a pacientes oncol\u00f3gicos, e pelo representante da Associa\u00e7\u00e3o Inclus\u00e3o J\u00e1, sobre o servi\u00e7o de transporte do [&hellip;]<\/p>\n","protected":false},"author":1,"featured_media":0,"comment_status":"open","ping_status":"open","sticky":false,"template":"","format":"standard","meta":{"_jetpack_newsletter_access":"","_jetpack_dont_email_post_to_subs":false,"_jetpack_newsletter_tier_id":0,"_jetpack_memberships_contains_paywalled_content":false,"_mbp_banners":[],"_jetpack_feature_clip_id":0,"_jetpack_memberships_contains_paid_content":false,"footnotes":"","jetpack_publicize_message":"","jetpack_publicize_feature_enabled":true,"jetpack_social_post_already_shared":true,"jetpack_social_options":{"image_generator_settings":{"template":"highway","default_image_id":0,"font":"","enabled":false},"version":2},"jetpack_post_was_ever_published":false},"categories":[19],"tags":[],"class_list":["post-7769","post","type-post","status-publish","format-standard","category-politica"],"jetpack_publicize_connections":[],"jetpack-related-posts":[],"jetpack_shortlink":"https:\/\/wp.me\/p7Eq1F-21j","jetpack_sharing_enabled":true,"jetpack_featured_media_url":"","_links":{"self":[{"href":"https:\/\/guialimeira.com.br\/news\/wp-json\/wp\/v2\/posts\/7769","targetHints":{"allow":["GET"]}}],"collection":[{"href":"https:\/\/guialimeira.com.br\/news\/wp-json\/wp\/v2\/posts"}],"about":[{"href":"https:\/\/guialimeira.com.br\/news\/wp-json\/wp\/v2\/types\/post"}],"author":[{"embeddable":true,"href":"https:\/\/guialimeira.com.br\/news\/wp-json\/wp\/v2\/users\/1"}],"replies":[{"embeddable":true,"href":"https:\/\/guialimeira.com.br\/news\/wp-json\/wp\/v2\/comments?post=7769"}],"version-history":[{"count":0,"href":"https:\/\/guialimeira.com.br\/news\/wp-json\/wp\/v2\/posts\/7769\/revisions"}],"wp:attachment":[{"href":"https:\/\/guialimeira.com.br\/news\/wp-json\/wp\/v2\/media?parent=7769"}],"wp:term":[{"taxonomy":"category","embeddable":true,"href":"https:\/\/guialimeira.com.br\/news\/wp-json\/wp\/v2\/categories?post=7769"},{"taxonomy":"post_tag","embeddable":true,"href":"https:\/\/guialimeira.com.br\/news\/wp-json\/wp\/v2\/tags?post=7769"}],"curies":[{"name":"wp","href":"https:\/\/api.w.org\/{rel}","templated":true}]}}