{"id":776,"date":"2024-04-02T20:35:43","date_gmt":"2024-04-02T23:35:43","guid":{"rendered":"https:\/\/guialimeira.com.br\/2024\/04\/02\/moradores-da-baixada-fluminense-comecam-a-receber-o-cartao-recomecar\/"},"modified":"2024-04-02T20:35:43","modified_gmt":"2024-04-02T23:35:43","slug":"moradores-da-baixada-fluminense-comecam-a-receber-o-cartao-recomecar","status":"publish","type":"post","link":"https:\/\/guialimeira.com.br\/news\/moradores-da-baixada-fluminense-comecam-a-receber-o-cartao-recomecar\/","title":{"rendered":"Moradores da Baixada Fluminense come\u00e7am a receber o Cart\u00e3o Recome\u00e7ar"},"content":{"rendered":"<p> <br \/>\n<\/p>\n<div>\n<p>Mais de 13 mil moradores da Baixada Fluminense que perderam tudo em suas casas com os temporais do in\u00edcio do ano nos munic\u00edpios de Mesquita, Nil\u00f3polis, S\u00e3o Jo\u00e3o de Meriti e Duque de Caxias come\u00e7aram a receber nesta ter\u00e7a-feira (2) o Cart\u00e3o Recome\u00e7ar. O benef\u00edcio, no valor de R$ 3 mil, ajuda a popula\u00e7\u00e3o em vulnerabilidade a superar os preju\u00edzos causados pelas fortes chuvas.<\/p>\n<p>Nos \u00faltimos dois anos, o governo do estado destinou ao benef\u00edcio R$ 87,4 milh\u00f5es e atendeu a mais de 29 mil fam\u00edlias em mais de 30 munic\u00edpios.\u00a0<img data-recalc-dims=\"1\" decoding=\"async\" src=\"https:\/\/i0.wp.com\/agenciabrasil.ebc.com.br\/ebc.png?w=696&#038;ssl=1\" style=\"width:1px; height:1px; display:inline;\"\/><img data-recalc-dims=\"1\" decoding=\"async\" src=\"https:\/\/i0.wp.com\/agenciabrasil.ebc.com.br\/ebc.gif?w=696&#038;ssl=1\" style=\"width:1px; height:1px; display:inline;\"\/><\/p>\n<p>O governador do Rio de Janeiro, Cl\u00e1udio Castro, destacou a retomada do car\u00e1ter social, participativo e parceiro pela administra\u00e7\u00e3o estadual. \u201cEssa parceria com as prefeituras, a Assembleia Legislativa, as C\u00e2maras de Vereadores, \u00e9 fundamental para que a gente possa ajudar as pessoas a retomar as suas vidas\u201d, afirmou.<\/p>\n<p>A distribui\u00e7\u00e3o do cart\u00e3o Recome\u00e7ar teve in\u00edcio no munic\u00edpio de Nil\u00f3polis.<\/p>\n<p>Esta etapa marca o in\u00edcio do cronograma de entregas do benef\u00edcio, que ser\u00e1 continuado pelas prefeituras. As cidades de Nova Igua\u00e7u e Belford Roxo, por exemplo, come\u00e7am a receber os cart\u00f5es nesta quarta-feira (3). O benef\u00edcio, em parcela \u00fanica, pode ser usado para comprar \u2060material de constru\u00e7\u00e3o, eletrodom\u00e9sticos e m\u00f3veis.<\/p>\n<p>Segundo a secret\u00e1ria de Desenvolvimento Social e Direitos Humanos, Rosangela Gomes, o Recome\u00e7ar \u00e9 um programa muito importante para a popula\u00e7\u00e3o da Baixada Fluminense, que sofre com as chuvas. \u201cSou de Nova Igua\u00e7u e sei da dificuldade que \u00e9 reiniciar a vida depois de uma situa\u00e7\u00e3o de calamidade. Ent\u00e3o, o Recome\u00e7ar cumpre um papel fundamental para a nossa popula\u00e7\u00e3o.\u201d<\/p>\n<\/p><\/div>\n<p><br \/>\n<br \/><a href=\"https:\/\/agenciabrasil.ebc.com.br\/direitos-humanos\/noticia\/2024-04\/moradores-da-baixada-fluminense-comecam-receber-o-cartao-recomecar\" rel=\"noopener\">Ag\u00eancia Brasil<\/a><\/p>\n","protected":false},"excerpt":{"rendered":"<p>Mais de 13 mil moradores da Baixada Fluminense que perderam tudo em suas casas com os temporais do in\u00edcio do ano nos munic\u00edpios de Mesquita, Nil\u00f3polis, S\u00e3o Jo\u00e3o de Meriti e Duque de Caxias come\u00e7aram a receber nesta ter\u00e7a-feira (2) o Cart\u00e3o Recome\u00e7ar. O benef\u00edcio, no valor de R$ 3 mil, ajuda a popula\u00e7\u00e3o em [&hellip;]<\/p>\n","protected":false},"author":1,"featured_media":777,"comment_status":"open","ping_status":"open","sticky":false,"template":"","format":"standard","meta":{"_jetpack_newsletter_access":"","_jetpack_dont_email_post_to_subs":false,"_jetpack_newsletter_tier_id":0,"_jetpack_memberships_contains_paywalled_content":false,"_mbp_banners":[],"_jetpack_feature_clip_id":0,"_jetpack_memberships_contains_paid_content":false,"footnotes":"","jetpack_publicize_message":"","jetpack_publicize_feature_enabled":true,"jetpack_social_post_already_shared":true,"jetpack_social_options":{"image_generator_settings":{"template":"highway","default_image_id":0,"font":"","enabled":false},"version":2},"jetpack_post_was_ever_published":false},"categories":[22],"tags":[],"class_list":["post-776","post","type-post","status-publish","format-standard","has-post-thumbnail","category-nacional"],"jetpack_publicize_connections":[],"jetpack-related-posts":[],"jetpack_shortlink":"https:\/\/wp.me\/p7Eq1F-cw","jetpack_sharing_enabled":true,"jetpack_featured_media_url":"https:\/\/i0.wp.com\/guialimeira.com.br\/news\/wp-content\/uploads\/2024\/04\/mg_9058_0.jpg?fit=1600%2C800&ssl=1","_links":{"self":[{"href":"https:\/\/guialimeira.com.br\/news\/wp-json\/wp\/v2\/posts\/776","targetHints":{"allow":["GET"]}}],"collection":[{"href":"https:\/\/guialimeira.com.br\/news\/wp-json\/wp\/v2\/posts"}],"about":[{"href":"https:\/\/guialimeira.com.br\/news\/wp-json\/wp\/v2\/types\/post"}],"author":[{"embeddable":true,"href":"https:\/\/guialimeira.com.br\/news\/wp-json\/wp\/v2\/users\/1"}],"replies":[{"embeddable":true,"href":"https:\/\/guialimeira.com.br\/news\/wp-json\/wp\/v2\/comments?post=776"}],"version-history":[{"count":0,"href":"https:\/\/guialimeira.com.br\/news\/wp-json\/wp\/v2\/posts\/776\/revisions"}],"wp:featuredmedia":[{"embeddable":true,"href":"https:\/\/guialimeira.com.br\/news\/wp-json\/wp\/v2\/media\/777"}],"wp:attachment":[{"href":"https:\/\/guialimeira.com.br\/news\/wp-json\/wp\/v2\/media?parent=776"}],"wp:term":[{"taxonomy":"category","embeddable":true,"href":"https:\/\/guialimeira.com.br\/news\/wp-json\/wp\/v2\/categories?post=776"},{"taxonomy":"post_tag","embeddable":true,"href":"https:\/\/guialimeira.com.br\/news\/wp-json\/wp\/v2\/tags?post=776"}],"curies":[{"name":"wp","href":"https:\/\/api.w.org\/{rel}","templated":true}]}}