{"id":7753,"date":"2024-06-06T15:13:00","date_gmt":"2024-06-06T18:13:00","guid":{"rendered":"https:\/\/guialimeira.com.br\/2024\/06\/06\/sp-lanca-plataforma-de-monitoramento\/"},"modified":"2024-06-06T15:13:00","modified_gmt":"2024-06-06T18:13:00","slug":"sp-lanca-plataforma-de-monitoramento","status":"publish","type":"post","link":"https:\/\/guialimeira.com.br\/news\/sp-lanca-plataforma-de-monitoramento\/","title":{"rendered":"SP lan\u00e7a plataforma de monitoramento"},"content":{"rendered":"<p> <br \/>\n<\/p>\n<div id=\"\">&#13;<br \/>\n                                <!-- Title -->&#13;<br \/>\n                                &#13;<br \/>\n&#13;<br \/>\n                                <!-- Excerpt -->&#13;<\/p>\n<p class=\"excerpt\">Painel de Regulariza\u00e7\u00e3o Ambiental servir\u00e1 para popula\u00e7\u00e3o acompanhar meta de validar 100% dos cadastros ambientais do Estado<\/p>\n<p>&#13;<br \/>\n&#13;<br \/>\n                                &#13;\n                            <\/p><\/div>\n<div id=\"\">&#13;<\/p>\n<figure id=\"attachment_5861734\" style=\"width: 100%;max-width: 1000px\" class=\"wp-caption aligncenter\"><img data-recalc-dims=\"1\" decoding=\"async\" loading=\"lazy\" class=\"size-full wp-image-5861734\" src=\"https:\/\/i0.wp.com\/www.saopaulo.sp.gov.br\/wp-content\/uploads\/2024\/04\/Release_Balanca-Agro-Paulista_10.4-1.jpg?resize=696%2C400&#038;ssl=1\" alt=\"\" width=\"696\" height=\"400\" srcset=\"https:\/\/www.saopaulo.sp.gov.br\/wp-content\/uploads\/2024\/04\/Release_Balanca-Agro-Paulista_10.4-1.jpg 1000w, https:\/\/www.saopaulo.sp.gov.br\/wp-content\/uploads\/2024\/04\/Release_Balanca-Agro-Paulista_10.4-1-300x172.jpg 300w, https:\/\/www.saopaulo.sp.gov.br\/wp-content\/uploads\/2024\/04\/Release_Balanca-Agro-Paulista_10.4-1-768x441.jpg 768w\" sizes=\"auto, (max-width: 1000px) 100vw, 1000px\"\/><figcaption class=\"wp-caption-text\">SP lan\u00e7a plataforma para acompanhar regulariza\u00e7\u00e3o ambiental no Estado<\/figcaption><\/figure>\n<p>O Governo do Estado de S\u00e3o Paulo lan\u00e7ou o Painel de Regulariza\u00e7\u00e3o Ambiental em comemora\u00e7\u00e3o ao m\u00eas do Meio Ambiente, celebrado em junho. A plataforma vai possibilitar que a sociedade acompanhe a <a href=\"https:\/\/www.saopaulo.sp.gov.br\/sala-de-imprensa\/governo-de-sp-leva-mutirao-da-regularizacao-ambiental-a-feira-agricola-em-bebedouro\/\" rel=\"noopener\">regulariza\u00e7\u00e3o de im\u00f3veis rurais em S\u00e3o Paulo<\/a>. A iniciativa impulsiona a agenda de descarboniza\u00e7\u00e3o que o Estado para o futuro da agricultura paulista, por meio da conserva\u00e7\u00e3o de seu territ\u00f3rio.<\/p>\n<p>Com este novo painel, S\u00e3o Paulo d\u00e1 mais um passo importante na implementa\u00e7\u00e3o do C\u00f3digo Florestal Brasileiro, de forma a permitir que toda sociedade acompanhe, por meio de boletins mensais, os avan\u00e7os da regulariza\u00e7\u00e3o ambiental dos im\u00f3veis rurais paulistas, em cada regi\u00e3o e munic\u00edpio do estado.<\/p>\n<p>O Painel da Regulariza\u00e7\u00e3o Ambiental possibilita a qualquer segmento interessado acompanhar o compromisso da atual gest\u00e3o de entregar, at\u00e9 2026, a valida\u00e7\u00e3o de 100% dos cadastro inscritos no <a href=\"https:\/\/car.agricultura.sp.gov.br\/\" rel=\"noopener\">Sistema Cadastro Ambiental Rural S\u00e3o Paulo (Sicar\/SP)<\/a> e a plena regulariza\u00e7\u00e3o ambiental dos im\u00f3veis rurais do estado, instrumento fundamental para o alcance das metas de recupera\u00e7\u00e3o da vegeta\u00e7\u00e3o nativa.<\/p>\n<p>Os boletins mensais j\u00e1 disponibilizados no Painel da Regulariza\u00e7\u00e3o Ambiental contam com os principais indicadores do processo de regulariza\u00e7\u00e3o, e dever\u00e3o agregar novas informa\u00e7\u00f5es Isso ocorrer\u00e1 \u00e0 medida que a SAA avance nas etapas de regularidade dos im\u00f3veis, ou mesmo que haja sugest\u00f5es da sociedade.<\/p>\n<p>Essa \u00e9 mais uma das frentes de atua\u00e7\u00e3o que o Estado de S\u00e3o Paulo desenvolveu para o avan\u00e7o da regulariza\u00e7\u00e3o. Hoje, <a href=\"https:\/\/www.saopaulo.sp.gov.br\/spnoticias\/ultimas-noticias\/sp-quer-zerar-fila-de-260-mil-analises-do-cadastro-rural-pendentes-de-verificacao\/\" rel=\"noopener\">S\u00e3o Paulo est\u00e1 em posi\u00e7\u00e3o destacada<\/a>, frente aos demais estados brasileiros com um total de 425 mil cadastros ativos e 389 mil cadastros j\u00e1 processados no sistema estadual, sendo que 12% (39.649) j\u00e1 se encontram validados pela SAA.<\/p>\n<\/p><\/div>\n<p><br \/>\n<br \/><a href=\"https:\/\/www.saopaulo.sp.gov.br\/spnoticias\/ultimas-noticias\/sp-lanca-plataforma-para-acompanhar-regularizacao-ambiental-no-estado\/\" rel=\"noopener\">Informa\u00e7\u00f5es GOV.SP<\/a><\/p>\n","protected":false},"excerpt":{"rendered":"<p>&#13; &#13; &#13; &#13; &#13; Painel de Regulariza\u00e7\u00e3o Ambiental servir\u00e1 para popula\u00e7\u00e3o acompanhar meta de validar 100% dos cadastros ambientais do Estado &#13; &#13; &#13; &#13; SP lan\u00e7a plataforma para acompanhar regulariza\u00e7\u00e3o ambiental no Estado O Governo do Estado de S\u00e3o Paulo lan\u00e7ou o Painel de Regulariza\u00e7\u00e3o Ambiental em comemora\u00e7\u00e3o ao m\u00eas do Meio Ambiente, [&hellip;]<\/p>\n","protected":false},"author":1,"featured_media":7754,"comment_status":"open","ping_status":"open","sticky":false,"template":"","format":"standard","meta":{"_jetpack_newsletter_access":"","_jetpack_dont_email_post_to_subs":false,"_jetpack_newsletter_tier_id":0,"_jetpack_memberships_contains_paywalled_content":false,"_mbp_banners":[],"_jetpack_feature_clip_id":0,"_jetpack_memberships_contains_paid_content":false,"footnotes":"","jetpack_publicize_message":"","jetpack_publicize_feature_enabled":true,"jetpack_social_post_already_shared":true,"jetpack_social_options":{"image_generator_settings":{"template":"highway","default_image_id":0,"font":"","enabled":false},"version":2},"jetpack_post_was_ever_published":false},"categories":[21],"tags":[],"class_list":["post-7753","post","type-post","status-publish","format-standard","has-post-thumbnail","category-sp-news"],"jetpack_publicize_connections":[],"jetpack-related-posts":[],"jetpack_shortlink":"https:\/\/wp.me\/p7Eq1F-213","jetpack_sharing_enabled":true,"jetpack_featured_media_url":"https:\/\/i0.wp.com\/guialimeira.com.br\/news\/wp-content\/uploads\/2024\/06\/SP-lanca-plataforma-de-monitoramento.jpg?fit=1000%2C574&ssl=1","_links":{"self":[{"href":"https:\/\/guialimeira.com.br\/news\/wp-json\/wp\/v2\/posts\/7753","targetHints":{"allow":["GET"]}}],"collection":[{"href":"https:\/\/guialimeira.com.br\/news\/wp-json\/wp\/v2\/posts"}],"about":[{"href":"https:\/\/guialimeira.com.br\/news\/wp-json\/wp\/v2\/types\/post"}],"author":[{"embeddable":true,"href":"https:\/\/guialimeira.com.br\/news\/wp-json\/wp\/v2\/users\/1"}],"replies":[{"embeddable":true,"href":"https:\/\/guialimeira.com.br\/news\/wp-json\/wp\/v2\/comments?post=7753"}],"version-history":[{"count":0,"href":"https:\/\/guialimeira.com.br\/news\/wp-json\/wp\/v2\/posts\/7753\/revisions"}],"wp:featuredmedia":[{"embeddable":true,"href":"https:\/\/guialimeira.com.br\/news\/wp-json\/wp\/v2\/media\/7754"}],"wp:attachment":[{"href":"https:\/\/guialimeira.com.br\/news\/wp-json\/wp\/v2\/media?parent=7753"}],"wp:term":[{"taxonomy":"category","embeddable":true,"href":"https:\/\/guialimeira.com.br\/news\/wp-json\/wp\/v2\/categories?post=7753"},{"taxonomy":"post_tag","embeddable":true,"href":"https:\/\/guialimeira.com.br\/news\/wp-json\/wp\/v2\/tags?post=7753"}],"curies":[{"name":"wp","href":"https:\/\/api.w.org\/{rel}","templated":true}]}}