{"id":7748,"date":"2024-06-06T14:50:43","date_gmt":"2024-06-06T17:50:43","guid":{"rendered":"https:\/\/guialimeira.com.br\/2024\/06\/06\/comissao-de-direitos-humanos-visita-centro-pop-e-centro-de-acolhida\/"},"modified":"2024-06-06T14:50:43","modified_gmt":"2024-06-06T17:50:43","slug":"comissao-de-direitos-humanos-visita-centro-pop-e-centro-de-acolhida","status":"publish","type":"post","link":"https:\/\/guialimeira.com.br\/news\/comissao-de-direitos-humanos-visita-centro-pop-e-centro-de-acolhida\/","title":{"rendered":"Comiss\u00e3o de Direitos Humanos visita Centro Pop e Centro de Acolhida"},"content":{"rendered":"<p> <br \/>\n<\/p>\n<div>\n<p>Nesta quinta-feira, 6 de junho, a Comiss\u00e3o de Defesa dos Direitos Humanos da C\u00e2mara visitou o Centro Pop, que \u00e9 refer\u00eancia no acolhimento da popula\u00e7\u00e3o em situa\u00e7\u00e3o de rua em Limeira, e o Centro de Acolhida. Participaram os vereadores Isabelly Carvalho (PT), presidente; e Cear\u00e1 (Republicanos), vice-presidente. A vereadora Const\u00e2ncia F\u00e9lix (Agir), acompanhou o trabalho do colegiado.\u00a0<\/p>\n<p>A dilig\u00eancia foi motivada com base em questionamentos apresentados por um mun\u00edcipe a respeito do hor\u00e1rio limitado de funcionamento da Casa de Acolhida e do Centro POP. Na solicita\u00e7\u00e3o foi apontada a necessidade de amplia\u00e7\u00e3o do hor\u00e1rio de funcionamento, de modo que n\u00e3o haja intervalos entre os servi\u00e7os prestados \u00e0 popula\u00e7\u00e3o, para que ela n\u00e3o fique exposta ao contato com drogas e criminalidade.\u00a0<\/p>\n<p>Na visita, os vereadores foram recebidos pela coordenadora do Centro POP, Rosana Cristina Gon\u00e7alves. Ela explicou que a falta de recursos humanos suficientes \u00e9 um entrave para solucionar a lacuna de hor\u00e1rios entre os dois locais. A assistente social mencionou que, apesar de haver um concurso vigente no munic\u00edpio para cuidadores sociais, h\u00e1 uma desist\u00eancia dos candidatos para assumir a vaga, o que dificulta reestruturar as equipes.<\/p>\n<p>Segundo Rosana, para o Centro de Acolhida seria necess\u00e1rio contratar ao menos dois cuidadores para que n\u00e3o haja intervalo entre os acolhimentos.<\/p>\n<p><strong>Centro Pop<\/strong><\/p>\n<p>No Centro Pop, s\u00e3o realizados os chamados atendimentos prim\u00e1rios, com fornecimento de alimentos (caf\u00e9 da manh\u00e3, almo\u00e7o e lanche da tarde), banho, atividades de car\u00e1ter socioeducativo; e os secund\u00e1rios, como encaminhamentos para o Centro de Aten\u00e7\u00e3o Psicossocial (Caps), para Defensoria P\u00fablica e Casa de Coniv\u00eancia.\u00a0\u00a0<\/p>\n<p>Os vereadores observaram que em m\u00e9dia 30 a 35 pessoas utilizam o espa\u00e7o diariamente. Em rela\u00e7\u00e3o ao n\u00famero total de fichas cadastrais de usu\u00e1rios h\u00e1 300. Contudo, conforme explicou Rosana, em alguns casos os usu\u00e1rios passam meses sem voltar ao local, pois retornam para a conviv\u00eancia em fam\u00edlia ou se deslocaram para outras cidades.<\/p>\n<p>O servi\u00e7o funciona de segunda a sexta-feira, das 8h \u00e0s 17h. Ap\u00f3s esse hor\u00e1rio, os usu\u00e1rios s\u00e3o encaminhados para o Centro de Acolhida.<\/p>\n<p><strong>Acolhida<\/strong><\/p>\n<p>A estrutura acolhe pessoas em situa\u00e7\u00e3o de rua com alimenta\u00e7\u00e3o, agasalhos, camas, cobertores e banho. Essa assist\u00eancia \u00e9 realizada das 18h30 \u00e0s 6h30, todos os dias da semana.\u00a0 No per\u00edodo diurno, o local funciona das 8h \u00e0s 17h, de segunda-feira a sexta-feira, por\u00e9m atendendo somente os usu\u00e1rios itinerantes, que est\u00e3o de passagem pela cidade, e que necessitam de encaminhamento para outros munic\u00edpios.<\/p>\n<p>O Centro de Acolhida possui 48 camas e mais colch\u00f5es extras, caso a demanda seja maior que a quantidade de leitos. Os vereadores conheceram tanto a ala feminina como a masculina, que ficam separadas. Eles conversaram com funcion\u00e1rios e foram acompanhados tamb\u00e9m pela assistente social, Rosana Gon\u00e7alves, para conhecer todas as etapas de atendimento, sobre as condi\u00e7\u00f5es de estrutura da unidade e de seguran\u00e7a.\u00a0\u00a0\u00a0<\/p>\n<p>O Centro funciona na Rua Capit\u00e3o Bernardes, 144, com capacidade total para 60 pessoas.<\/p>\n<p><strong>Ceprosom<\/strong><\/p>\n<p>Na pr\u00f3xima quinta-feira, 13 de junho, a Comiss\u00e3o vai ouvir a presidente do Ceprosom, Maria Auc\u00e9lia dos Santos Damaceno, sobre as<a href=\"https:\/\/www.limeira.sp.leg.br\/noticias\/view\/2024-04-26_comissao-de-direitos-humanos-debate-atendimento-dedicado-a-populacao-em-situacao-de-rua-em-limeira\" rel=\"noopener\"> demandas e apontamentos<\/a> feitos por mun\u00edcipes. Ser\u00e1 \u00e0s 10h, no Plen\u00e1rio Vereador Vit\u00f3rio Bortolan.\u00a0<\/p>\n<p><strong>Reuni\u00f5es\u00a0<\/strong><\/p>\n<p>Antes de realizarem a dilig\u00eancia, os vereadores que integram a Comiss\u00e3o de Defesa dos Direitos Humanos deliberaram sobre processos administrativos e outras demandas que tramitam no colegiado. Al\u00e9m de Isabelly Carvalho e Cear\u00e1, tamb\u00e9m participou Sidney Pascotto, Lem\u00e3o da Jeov\u00e1 Raf\u00e1 (PRTB), secret\u00e1rio. Todos os pedidos de encaminhamento de of\u00edcios e requerimentos est\u00e3o registrados em <a href=\"http:\/\/consulta.limeira.sp.leg.br\/Sessoes\/Documento\/348046\" rel=\"noopener\">ata<\/a>.<\/p>\n<p>Entre os temas tratados, foi agendada para ter\u00e7a-feira, 11 de junho, \u00e0s 10h, reuni\u00e3o com a secret\u00e1ria Municipal de Habita\u00e7\u00e3o, Marcela Sisc\u00e3o, para discutir sobre os prazos e tr\u00e2mites do chamamento p\u00fablico da constru\u00e7\u00e3o de habita\u00e7\u00f5es do Programa da Minha Casa Minha Vida. Os vereadores solicitaram que o debate ocorra na Prefeitura.<\/p>\n<\/p><\/div>\n<p><br \/>\n<br \/><a href=\"https:\/\/www.limeira.sp.leg.br\/noticias\/view\/2024-06-06_comissao-de-direitos-humanos-visita-centro-pop-e-centro-de-acolhida\" rel=\"noopener\">Informa\u00e7\u00f5es CML<\/a><\/p>\n","protected":false},"excerpt":{"rendered":"<p>Nesta quinta-feira, 6 de junho, a Comiss\u00e3o de Defesa dos Direitos Humanos da C\u00e2mara visitou o Centro Pop, que \u00e9 refer\u00eancia no acolhimento da popula\u00e7\u00e3o em situa\u00e7\u00e3o de rua em Limeira, e o Centro de Acolhida. Participaram os vereadores Isabelly Carvalho (PT), presidente; e Cear\u00e1 (Republicanos), vice-presidente. A vereadora Const\u00e2ncia F\u00e9lix (Agir), acompanhou o trabalho [&hellip;]<\/p>\n","protected":false},"author":1,"featured_media":0,"comment_status":"open","ping_status":"open","sticky":false,"template":"","format":"standard","meta":{"_jetpack_newsletter_access":"","_jetpack_dont_email_post_to_subs":false,"_jetpack_newsletter_tier_id":0,"_jetpack_memberships_contains_paywalled_content":false,"_mbp_banners":[],"_jetpack_feature_clip_id":0,"_jetpack_memberships_contains_paid_content":false,"footnotes":"","jetpack_publicize_message":"","jetpack_publicize_feature_enabled":true,"jetpack_social_post_already_shared":true,"jetpack_social_options":{"image_generator_settings":{"template":"highway","default_image_id":0,"font":"","enabled":false},"version":2},"jetpack_post_was_ever_published":false},"categories":[19],"tags":[],"class_list":["post-7748","post","type-post","status-publish","format-standard","category-politica"],"jetpack_publicize_connections":[],"jetpack-related-posts":[],"jetpack_shortlink":"https:\/\/wp.me\/p7Eq1F-20Y","jetpack_sharing_enabled":true,"jetpack_featured_media_url":"","_links":{"self":[{"href":"https:\/\/guialimeira.com.br\/news\/wp-json\/wp\/v2\/posts\/7748","targetHints":{"allow":["GET"]}}],"collection":[{"href":"https:\/\/guialimeira.com.br\/news\/wp-json\/wp\/v2\/posts"}],"about":[{"href":"https:\/\/guialimeira.com.br\/news\/wp-json\/wp\/v2\/types\/post"}],"author":[{"embeddable":true,"href":"https:\/\/guialimeira.com.br\/news\/wp-json\/wp\/v2\/users\/1"}],"replies":[{"embeddable":true,"href":"https:\/\/guialimeira.com.br\/news\/wp-json\/wp\/v2\/comments?post=7748"}],"version-history":[{"count":0,"href":"https:\/\/guialimeira.com.br\/news\/wp-json\/wp\/v2\/posts\/7748\/revisions"}],"wp:attachment":[{"href":"https:\/\/guialimeira.com.br\/news\/wp-json\/wp\/v2\/media?parent=7748"}],"wp:term":[{"taxonomy":"category","embeddable":true,"href":"https:\/\/guialimeira.com.br\/news\/wp-json\/wp\/v2\/categories?post=7748"},{"taxonomy":"post_tag","embeddable":true,"href":"https:\/\/guialimeira.com.br\/news\/wp-json\/wp\/v2\/tags?post=7748"}],"curies":[{"name":"wp","href":"https:\/\/api.w.org\/{rel}","templated":true}]}}