{"id":7744,"date":"2024-06-06T14:19:46","date_gmt":"2024-06-06T17:19:46","guid":{"rendered":"https:\/\/guialimeira.com.br\/2024\/06\/06\/procon-orienta-sobre-golpes-virtuais-alunos-do-senac-participam-de-palestra\/"},"modified":"2024-06-06T14:19:46","modified_gmt":"2024-06-06T17:19:46","slug":"procon-orienta-sobre-golpes-virtuais-alunos-do-senac-participam-de-palestra","status":"publish","type":"post","link":"https:\/\/guialimeira.com.br\/news\/procon-orienta-sobre-golpes-virtuais-alunos-do-senac-participam-de-palestra\/","title":{"rendered":"Procon orienta sobre golpes virtuais; alunos do Senac participam de palestra"},"content":{"rendered":"<p> <br \/>\n<\/p>\n<div>\n            <main class=\"\">&#13;<br \/>\n                &#13;<br \/>\n&#13;<br \/>\n&#13;<br \/>\n&#13;<br \/>\n    <img data-recalc-dims=\"1\" decoding=\"async\" src=\"https:\/\/i0.wp.com\/ecrie.com.br\/sistema\/conteudos\/imagem\/m_137_0_1_06062024141047.jpg?w=696&#038;ssl=1\" alt=\"Procon orienta sobre golpes virtuais; alunos do Senac participam de palestra\"\/>&#13;<br \/>\n&#13;<\/p>\n<p style=\"text-align: justify;\" align=\"justify\">O Procon de Limeira realizou nesta quinta-feira (6), no audit\u00f3rio do N\u00facleo de Atendimento ao Cidad\u00e3o (NAC), a palestra \u201cGolpes virtuais e como se proteger\u201d. Alunos do curso de Aprendizagem de Bens, Com\u00e9rcio e Turismo do Senac \u2013 Limeira participaram da iniciativa.<\/p>\n<p>&#13;<\/p>\n<p style=\"text-align: justify;\" align=\"justify\">Na ocasi\u00e3o, o coordenador da unidade, Rodrigo Beltran, e a t\u00e9cnica de Atendimento, Isabella Pontes de Oliveira, passaram informa\u00e7\u00f5es sobre os tipos de golpes mais comuns, como link falso de compras, prova de vida digital, fraude do cart\u00e3o de cr\u00e9dito, dentre outros.<\/p>\n<p>&#13;<\/p>\n<p style=\"text-align: justify;\" align=\"justify\">Eles tamb\u00e9m apresentaram as atividades realizadas pelo Procon na prote\u00e7\u00e3o e defesa dos direitos dos consumidores. Os estudantes visitaram a estrutura do Procon e do NAC.<\/p>\n<p>&#13;<\/p>\n<p style=\"text-align: justify;\" align=\"justify\">Beltran refor\u00e7ou que a palestra \u00e9 gratuita e pode ser agendada por outras entidades, por meio do WhatsApp: 3720-2510.<\/p>\n<p>&#13;<\/p>\n<p style=\"text-align: justify;\" align=\"justify\">Servi\u00e7o:<\/p>\n<p>&#13;<\/p>\n<p style=\"text-align: justify;\" align=\"justify\">O Procon Limeira fica localziado no NAC, na Avenida Dr. Lauro Corr\u00eaa da Silva, 3.800. O atendimento \u00e9 de segunda a sexta-feira, das 9h \u00e0s 16h.<\/p>\n<p>&#13;<\/p>\n<p align=\"justify\">\u00a0<\/p>\n<p>&#13;<br \/>\n&#13;<br \/>\n    &#13;<\/p>\n<div class=\"gallery__container\">\n            <a class=\"gallery__item\" href=\"https:\/\/i0.wp.com\/ecrie.com.br\/sistema\/conteudos\/imagem\/g_137_1_4_06062024141242.png?ssl=1\" target=\"_blank\" title=\"2\" rel=\"noopener\">&#13;<br \/>\n                <img data-recalc-dims=\"1\" decoding=\"async\" class=\"gallery__img\" src=\"https:\/\/i0.wp.com\/ecrie.com.br\/sistema\/conteudos\/imagem\/p_137_1_4_06062024141242.png?w=696&#038;ssl=1\" alt=\"2\" onload=\"resizePhoto(this);\"\/>&#13;<br \/>\n            <\/a><br \/>\n            <a class=\"gallery__item\" href=\"https:\/\/i0.wp.com\/ecrie.com.br\/sistema\/conteudos\/imagem\/g_137_2_3_06062024141242.png?ssl=1\" target=\"_blank\" title=\"3\" rel=\"noopener\">&#13;<br \/>\n                <img data-recalc-dims=\"1\" decoding=\"async\" class=\"gallery__img\" src=\"https:\/\/i0.wp.com\/ecrie.com.br\/sistema\/conteudos\/imagem\/p_137_2_3_06062024141242.png?w=696&#038;ssl=1\" alt=\"3\" onload=\"resizePhoto(this);\"\/>&#13;<br \/>\n            <\/a>\n    <\/div>\n<p>&#13;<br \/>\n&#13;<br \/>\n&#13;<\/p>\n<aside class=\"list-related no-print\">&#13;<br \/>\n        &#13;<br \/>\n&#13;<\/p>\n<article class=\"list-item noticias \">&#13;<br \/>\n                    <a class=\"list-item__img\" href=\"https:\/\/limeira.sp.gov.br\/imprensa\/noticias\/ceprosom\/nac-realiza-mais-de-105-milatendimentos-em-12-meses\" tabindex=\"-1\" aria-hidden=\"true\" rel=\"noopener\">&#13;<br \/>\n                        <img data-recalc-dims=\"1\" decoding=\"async\" src=\"https:\/\/i0.wp.com\/ecrie.com.br\/sistema\/conteudos\/imagem\/m_137_0_1_06062024110013.png?w=696&#038;ssl=1\" alt=\"NAC realiza mais de 105 mil\u00a0atendimentos em 12 meses\"\/>&#13;<br \/>\n                    <\/a>&#13;<br \/>\n&#13;<br \/>\n                &#13;<br \/>\n            <\/article>\n<p>&#13;<\/p>\n<article class=\"list-item noticias \">&#13;<br \/>\n                    <a class=\"list-item__img\" href=\"https:\/\/limeira.sp.gov.br\/imprensa\/noticias\/desenvolvimento-turismo-e-inovacao\/prefeito-no-bairroe-oportunidade-para-cadastro-a-vagas-de-emprego\" tabindex=\"-1\" aria-hidden=\"true\" rel=\"noopener\">&#13;<br \/>\n                        <img data-recalc-dims=\"1\" decoding=\"async\" src=\"https:\/\/i0.wp.com\/ecrie.com.br\/sistema\/conteudos\/imagem\/m_137_0_1_05062024160714.jpg?w=696&#038;ssl=1\" alt=\"\u201cPrefeito no Bairro\u201d\u00a0\u00e9 oportunidade para cadastro a vagas de emprego\"\/>&#13;<br \/>\n                    <\/a>&#13;<br \/>\n&#13;<br \/>\n                &#13;<br \/>\n            <\/article>\n<p>&#13;<\/p>\n<article class=\"list-item noticias \">&#13;<br \/>\n                    <a class=\"list-item__img\" href=\"https:\/\/limeira.sp.gov.br\/imprensa\/noticias\/desenvolvimento-turismo-e-inovacao\/prefeitura-e-associacao-de-contabilistas-promovem-curso-de-capacitacao\" tabindex=\"-1\" aria-hidden=\"true\" rel=\"noopener\">&#13;<br \/>\n                        <img data-recalc-dims=\"1\" decoding=\"async\" src=\"https:\/\/i0.wp.com\/ecrie.com.br\/sistema\/conteudos\/imagem\/m_137_0_1_03062024172956.png?w=696&#038;ssl=1\" alt=\"Prefeitura e Associa\u00e7\u00e3o de Contabilistas promovem curso de capacita\u00e7\u00e3o\"\/>&#13;<br \/>\n                    <\/a>&#13;<br \/>\n&#13;<br \/>\n                &#13;<br \/>\n            <\/article>\n<p>&#13;<br \/>\n    <\/aside>\n<p>&#13;<br \/>\n&#13;<br \/>\n            <\/main><\/p><\/div>\n<p><br \/>\n<br \/><a href=\"https:\/\/limeira.sp.gov.br\/procon-orienta-sobre-golpes-virtuais-alunos-do-senac-participam-de-palestra\" rel=\"noopener\">Informa\u00e7\u00f5es da PML <\/a><\/p>\n","protected":false},"excerpt":{"rendered":"<p>&#13; &#13; &#13; &#13; &#13; &#13; &#13; O Procon de Limeira realizou nesta quinta-feira (6), no audit\u00f3rio do N\u00facleo de Atendimento ao Cidad\u00e3o (NAC), a palestra \u201cGolpes virtuais e como se proteger\u201d. Alunos do curso de Aprendizagem de Bens, Com\u00e9rcio e Turismo do Senac \u2013 Limeira participaram da iniciativa. &#13; Na ocasi\u00e3o, o coordenador da [&hellip;]<\/p>\n","protected":false},"author":1,"featured_media":7745,"comment_status":"open","ping_status":"open","sticky":false,"template":"","format":"standard","meta":{"_jetpack_newsletter_access":"","_jetpack_dont_email_post_to_subs":false,"_jetpack_newsletter_tier_id":0,"_jetpack_memberships_contains_paywalled_content":false,"_mbp_banners":[],"_jetpack_feature_clip_id":0,"_jetpack_memberships_contains_paid_content":false,"footnotes":"","jetpack_publicize_message":"","jetpack_publicize_feature_enabled":true,"jetpack_social_post_already_shared":true,"jetpack_social_options":{"image_generator_settings":{"template":"highway","default_image_id":0,"font":"","enabled":false},"version":2},"jetpack_post_was_ever_published":false},"categories":[16],"tags":[],"class_list":["post-7744","post","type-post","status-publish","format-standard","has-post-thumbnail","category-local"],"jetpack_publicize_connections":[],"jetpack-related-posts":[],"jetpack_shortlink":"https:\/\/wp.me\/p7Eq1F-20U","jetpack_sharing_enabled":true,"jetpack_featured_media_url":"https:\/\/i0.wp.com\/guialimeira.com.br\/news\/wp-content\/uploads\/2024\/06\/m_137_0_1_06062024141047.jpg?fit=900%2C506&ssl=1","_links":{"self":[{"href":"https:\/\/guialimeira.com.br\/news\/wp-json\/wp\/v2\/posts\/7744","targetHints":{"allow":["GET"]}}],"collection":[{"href":"https:\/\/guialimeira.com.br\/news\/wp-json\/wp\/v2\/posts"}],"about":[{"href":"https:\/\/guialimeira.com.br\/news\/wp-json\/wp\/v2\/types\/post"}],"author":[{"embeddable":true,"href":"https:\/\/guialimeira.com.br\/news\/wp-json\/wp\/v2\/users\/1"}],"replies":[{"embeddable":true,"href":"https:\/\/guialimeira.com.br\/news\/wp-json\/wp\/v2\/comments?post=7744"}],"version-history":[{"count":0,"href":"https:\/\/guialimeira.com.br\/news\/wp-json\/wp\/v2\/posts\/7744\/revisions"}],"wp:featuredmedia":[{"embeddable":true,"href":"https:\/\/guialimeira.com.br\/news\/wp-json\/wp\/v2\/media\/7745"}],"wp:attachment":[{"href":"https:\/\/guialimeira.com.br\/news\/wp-json\/wp\/v2\/media?parent=7744"}],"wp:term":[{"taxonomy":"category","embeddable":true,"href":"https:\/\/guialimeira.com.br\/news\/wp-json\/wp\/v2\/categories?post=7744"},{"taxonomy":"post_tag","embeddable":true,"href":"https:\/\/guialimeira.com.br\/news\/wp-json\/wp\/v2\/tags?post=7744"}],"curies":[{"name":"wp","href":"https:\/\/api.w.org\/{rel}","templated":true}]}}