{"id":7741,"date":"2024-06-06T14:11:57","date_gmt":"2024-06-06T17:11:57","guid":{"rendered":"https:\/\/guialimeira.com.br\/2024\/06\/06\/sp-sem-fogo-estado-se-prepara-para-risco-aumentado-de-incendios-neste-ano\/"},"modified":"2024-06-06T14:11:57","modified_gmt":"2024-06-06T17:11:57","slug":"sp-sem-fogo-estado-se-prepara-para-risco-aumentado-de-incendios-neste-ano","status":"publish","type":"post","link":"https:\/\/guialimeira.com.br\/news\/sp-sem-fogo-estado-se-prepara-para-risco-aumentado-de-incendios-neste-ano\/","title":{"rendered":"SP Sem Fogo: estado se prepara para risco aumentado de inc\u00eandios neste ano"},"content":{"rendered":"<p> <br \/>\n<\/p>\n<div id=\"\">&#13;<\/p>\n<figure id=\"attachment_5897319\" style=\"width: 100%;max-width: 1600px\" class=\"wp-caption alignnone\"><img data-recalc-dims=\"1\" decoding=\"async\" loading=\"lazy\" class=\"wp-image-5897319 size-full\" src=\"https:\/\/i0.wp.com\/www.saopaulo.sp.gov.br\/wp-content\/uploads\/2024\/06\/aceiro-negro-2.jpg?resize=696%2C522&#038;ssl=1\" alt=\"Aceiro negro para preven\u00e7\u00e3o de inc\u00eandios\" width=\"696\" height=\"522\" srcset=\"https:\/\/www.saopaulo.sp.gov.br\/wp-content\/uploads\/2024\/06\/aceiro-negro-2.jpg 1600w, https:\/\/www.saopaulo.sp.gov.br\/wp-content\/uploads\/2024\/06\/aceiro-negro-2-300x225.jpg 300w, https:\/\/www.saopaulo.sp.gov.br\/wp-content\/uploads\/2024\/06\/aceiro-negro-2-1024x768.jpg 1024w, https:\/\/www.saopaulo.sp.gov.br\/wp-content\/uploads\/2024\/06\/aceiro-negro-2-768x576.jpg 768w, https:\/\/www.saopaulo.sp.gov.br\/wp-content\/uploads\/2024\/06\/aceiro-negro-2-1536x1152.jpg 1536w\" sizes=\"auto, (max-width: 1600px) 100vw, 1600px\"\/><figcaption class=\"wp-caption-text\">Uma das a\u00e7\u00f5es de preven\u00e7\u00e3o de inc\u00eandios \u00e9 a realiza\u00e7\u00e3o dos \u201caceiros negros\u201d, como o realizado no Parque do Juquery, em Franco da Rocha<\/figcaption><\/figure>\n<p>O Governo de S\u00e3o Paulo se prepara para os riscos de inc\u00eandios florestais no per\u00edodo de estiagem neste ano, entre junho e outubro. De acordo com agentes estaduais envolvidos nas a\u00e7\u00f5es de preven\u00e7\u00e3o e combate, fatores clim\u00e1ticos e ambientais indicam maior possibilidade de focos de queimadas em rela\u00e7\u00e3o \u00e0s \u00faltimas estiagens.<\/p>\n<p>O tempo mais seco e o ac\u00famulo de mat\u00e9ria org\u00e2nica nos solos est\u00e3o entre os elementos que <a href=\"https:\/\/www.saopaulo.sp.gov.br\/spnoticias\/ultimas-noticias\/defesa-civil-de-sp-atua-na-prevencao-de-queimadas-e-alerta-para-riscos-de-incendio\/\" target=\"_blank\" rel=\"noopener noreferrer\">podem favorecer a ocorr\u00eancia de inc\u00eandios em 2024<\/a>.<\/p>\n<p>\u201cA gente tem se preparado desde o ano passado, junto com a Defesa Civil e o Corpo de Bombeiros, fazendo um esfor\u00e7o muito grande, seja na atua\u00e7\u00e3o quando ocorre o inc\u00eandio e, principalmente, na preven\u00e7\u00e3o. Entramos (nessa \u00e9poca) em uma fase mais cr\u00edtica e estamos de prontid\u00e3o para fazer os atendimentos necess\u00e1rios\u201d, afirma a secret\u00e1ria de Meio Ambiente Infraestrutura e Log\u00edstica, Nat\u00e1lia Resende.<\/p>\n<p>De acordo com o Painel Geoestat\u00edstico dos Inc\u00eandios Florestais em Unidades de Conserva\u00e7\u00e3o e \u00c1reas Protegidas, em 2023, 1.030 hectares foram atingidos por inc\u00eandios, ante 7.181 em 2022, queda de 86%.<\/p>\n<p>Segundo o coordenador da Opera\u00e7\u00e3o SP Sem Fogo pela Funda\u00e7\u00e3o Florestal, Vladimir Arrais, a biomassa proveniente do per\u00edodo chuvoso e da baixa de inc\u00eandios pode servir, neste ano, de \u201ccombust\u00edvel\u201d para queimadas.<\/p>\n<p><iframe loading=\"lazy\" title=\"Boletim: Estado se prepara para risco aumentado de inc\u00eandios neste ano - 04.06.24 by Governo do Estado de S\u00e3o Paulo\" width=\"587\" height=\"330\" scrolling=\"no\" frameborder=\"no\" src=\"https:\/\/w.soundcloud.com\/player\/?visual=true&amp;url=https%3A%2F%2Fapi.soundcloud.com%2Ftracks%2F1837503438&amp;show_artwork=true&amp;maxheight=330&amp;maxwidth=587\"><\/iframe><\/p>\n<p>\u201cNos \u00faltimos dois anos, tivemos bastante chuva. Ent\u00e3o, a tend\u00eancia \u00e9 que a vegeta\u00e7\u00e3o tenha crescido de forma mais r\u00e1pida. Tivemos tamb\u00e9m um n\u00famero menor de inc\u00eandios, por quest\u00f5es clim\u00e1ticas. O efeito disso \u00e9 o aumento de biomassa nas \u00e1reas lindeiras das unidades. Esse capim cresce muito r\u00e1pido\u201d, explica.<\/p>\n<p>Para o meteorologista da Defesa Civil, Vitor Takao Suganuma, o cen\u00e1rio da estiagem deste ano aponta para altas temperaturas e baixa umidade, devido a um sistema de alta press\u00e3o que atuar\u00e1 pelo estado, bloqueando a entrada de frentes frias.<\/p>\n<p>\u201cS\u00e3o massas de ar continentais que n\u00e3o possuem umidade nem origem mar\u00edtima. E quando h\u00e1 esse cen\u00e1rio de maior secura, fica muito mais prop\u00edcio em ter propaga\u00e7\u00e3o de fogo. As proje\u00e7\u00f5es para este ano mostram temperaturas acima do que \u00e9 normalmente esperado para os meses de maio, junho e julho\u201d, afirma.<\/p>\n<p>Ap\u00f3s passar pela fase amarela, de prepara\u00e7\u00e3o e preven\u00e7\u00e3o, a <a href=\"https:\/\/www.saopaulo.sp.gov.br\/spnoticias\/ultimas-noticias\/governo-do-estado-inicia-fase-vermelha-da-operacao-sp-sem-fogo-contra-incendios-em-mata\/\" target=\"_blank\" rel=\"noopener noreferrer\">Opera\u00e7\u00e3o SP Sem Fogo entrou no dia 4 de junho na fase vermelha<\/a>, quando passam a ser priorizadas as a\u00e7\u00f5es de combate e de fiscaliza\u00e7\u00e3o repressiva, al\u00e9m do refor\u00e7o nas estrat\u00e9gias de comunica\u00e7\u00e3o e campanhas.<\/p>\n<p>Embora os fatores de clima e solo ajudem na propaga\u00e7\u00e3o do fogo, o principal fator causador de inc\u00eandios s\u00e3o a\u00e7\u00f5es humanas, como soltura de bal\u00f5es \u2013 em especial no per\u00edodo das festas juninas -, bitucas de cigarro e queima ilegal de vegeta\u00e7\u00e3o. Diante disso, os <a href=\"https:\/\/www.saopaulo.sp.gov.br\/spnoticias\/ultimas-noticias\/policia-ambiental-e-ministerio-publico-realizam-operacao-contra-incendios-florestais\/\" target=\"_blank\" rel=\"noopener noreferrer\">\u00f3rg\u00e3os de seguran\u00e7a<\/a>, como a PM Ambiental, atuam constantemente para coibir a pr\u00e1tica baloeira.<\/p>\n<h2>Preven\u00e7\u00e3o contra inc\u00eandios<\/h2>\n<p>Vinculada \u00e0 Secretaria de Meio Ambiente, Infraestrutura e Log\u00edstica (Semil), a Funda\u00e7\u00e3o Florestal \u00e9 respons\u00e1vel pelas unidades de conserva\u00e7\u00e3o do estado e pelas a\u00e7\u00f5es de preven\u00e7\u00e3o a <a href=\"https:\/\/www.saopaulo.sp.gov.br\/spnoticias\/ultimas-noticias\/parque-do-juquery-as-licoes-deixadas-pelo-combate-ao-incendio-que-durou-4-dias\/\" target=\"_blank\" rel=\"noopener noreferrer\">inc\u00eandios em vegeta\u00e7\u00e3o<\/a>.<\/p>\n<p>Uma das principais frentes dessa atua\u00e7\u00e3o \u00e9 a constru\u00e7\u00e3o de aceiros em \u00e1reas de vegeta\u00e7\u00e3o \u00e0s margens das unidades. Aceiros s\u00e3o faixas em que se retira a vegeta\u00e7\u00e3o para evitar a propaga\u00e7\u00e3o do fogo em caso de inc\u00eandio. Os \u201cburacos\u201d s\u00e3o feitos com a ajuda de maquin\u00e1rio ou manualmente. H\u00e1 tamb\u00e9m os \u201caceiros negros\u201d, quando os capins s\u00e3o retirados por meio de fogo controlado.<\/p>\n<figure id=\"attachment_5897321\" style=\"width: 100%;max-width: 1280px\" class=\"wp-caption alignnone\"><img data-recalc-dims=\"1\" decoding=\"async\" loading=\"lazy\" class=\"size-full wp-image-5897321\" src=\"https:\/\/i0.wp.com\/www.saopaulo.sp.gov.br\/wp-content\/uploads\/2024\/06\/aceiro-parque-itapetininga-1.jpg?resize=696%2C522&#038;ssl=1\" alt=\"Aceiro no parque estadual de itapetininga\" width=\"696\" height=\"522\" srcset=\"https:\/\/www.saopaulo.sp.gov.br\/wp-content\/uploads\/2024\/06\/aceiro-parque-itapetininga-1.jpg 1280w, https:\/\/www.saopaulo.sp.gov.br\/wp-content\/uploads\/2024\/06\/aceiro-parque-itapetininga-1-300x225.jpg 300w, https:\/\/www.saopaulo.sp.gov.br\/wp-content\/uploads\/2024\/06\/aceiro-parque-itapetininga-1-1024x768.jpg 1024w, https:\/\/www.saopaulo.sp.gov.br\/wp-content\/uploads\/2024\/06\/aceiro-parque-itapetininga-1-768x576.jpg 768w\" sizes=\"auto, (max-width: 1280px) 100vw, 1280px\"\/><figcaption class=\"wp-caption-text\">Equipes da Funda\u00e7\u00e3o Florestal atuam na constru\u00e7\u00e3o de aceiros nas unidades de conserva\u00e7\u00e3o para evitar queimadas<\/figcaption><\/figure>\n<p>A t\u00e9cnica \u00e9 feita por equipes da Funda\u00e7\u00e3o Florestal, mas tamb\u00e9m deve ser realizada por propriet\u00e1rios de terras pr\u00f3ximas a unidades de conserva\u00e7\u00e3o, usinas e concession\u00e1rias de rodovias. \u201cOs aceiros est\u00e3o praticamente prontos agora para estiagem. O trabalho \u00e9 manter essas \u00e1reas que s\u00e3o propensas a entrada de fogo sem esse mato no entorno\u201d, explica Arrais.<\/p>\n<p>Os aceiros tamb\u00e9m servem para facilitar o acesso de bombeiros e brigadistas em casos de inc\u00eandios de maiores propor\u00e7\u00f5es. \u201cAcaba funcionando como uma via para deslocar as equipes para combater um foco de inc\u00eandio em determinada regi\u00e3o. \u00c9 o que a gente chama de ancoragem: deixamos ali os equipamentos e iniciamos o combate\u201d, afirma o coordenador da Funda\u00e7\u00e3o Florestal.<\/p>\n<p>O \u00f3rg\u00e3o tamb\u00e9m promove a\u00e7\u00f5es de educa\u00e7\u00e3o ambiental junto a comunidades, escolas e universidades. Outra atividade importante de preven\u00e7\u00e3o \u00e9 o trabalho de campo das equipes da funda\u00e7\u00e3o .<\/p>\n<p>\u201cAs unidades de conserva\u00e7\u00e3o t\u00eam as equipes de fiscaliza\u00e7\u00e3o, que est\u00e3o permanentemente em a\u00e7\u00f5es de monitoramento de campo. Isso \u00e9 importante porque o fogo geralmente ganha grandes propor\u00e7\u00f5es quando tem uma demora de resposta. Essa presen\u00e7a \u00e9 bastante importante\u201d, diz Vladimir Arrais.<\/p>\n<p>Al\u00e9m dos efetivos regulares, o governo paulista faz contrata\u00e7\u00f5es tempor\u00e1rias de bombeiros civis para refor\u00e7ar o combate a inc\u00eandios no \u00e2mbito da opera\u00e7\u00e3o SP Sem Fogo. Neste ano, foram 114 agentes contratados para atuarem de junho a novembro. Cada equipe conta com ve\u00edculo 4 x 4, moto bomba de 600 litros, mochilas costais, soprador e abafador.<\/p>\n<p>A Defesa Civil estadual tamb\u00e9m atua na preven\u00e7\u00e3o e prepara\u00e7\u00e3o. Desde abril, realiza oficinas preparat\u00f3rias em diferentes regi\u00f5es do estado. As atividades <a href=\"https:\/\/www.saopaulo.sp.gov.br\/spnoticias\/ultimas-noticias\/governo-de-sp-inicia-treinamentos-para-operacao-sp-sem-fogo\/\" target=\"_blank\" rel=\"noopener noreferrer\">incluem treinamentos de capacita\u00e7\u00e3o<\/a> para agentes de defesas civis municipais que atuam no combate a inc\u00eandios florestais.<\/p>\n<h2>Opera\u00e7\u00e3o SP Sem Fogo<\/h2>\n<p>A opera\u00e7\u00e3o SP Sem Fogo \u00e9 uma parceria entre as Secretarias de Meio Ambiente, Infraestrutura e Log\u00edstica (Semil), por meio da Coordenadoria de Fiscaliza\u00e7\u00e3o e Biodiversidade (CFB), Seguran\u00e7a P\u00fablica e Defesa Civil do Estado. Al\u00e9m disso, conta com iniciativas e investimentos do Corpo de Bombeiros, Pol\u00edcia Militar Ambiental, Companhia Ambiental do Estado de S\u00e3o Paulo (CETESB), Departamento de Estradas de Rodagem (DER), Funda\u00e7\u00e3o Florestal (FF), e Secretaria de Agricultura e Abastecimento (SAA).<\/p>\n<\/p><\/div>\n<p><br \/>\n<br \/><a href=\"https:\/\/www.saopaulo.sp.gov.br\/spnoticias\/ultimas-noticias\/sp-sem-fogo-estado-se-prepara-para-risco-aumentado-de-incendios-neste-ano\/\" rel=\"noopener\">Informa\u00e7\u00f5es GOV.SP<\/a><\/p>\n","protected":false},"excerpt":{"rendered":"<p>&#13; Uma das a\u00e7\u00f5es de preven\u00e7\u00e3o de inc\u00eandios \u00e9 a realiza\u00e7\u00e3o dos \u201caceiros negros\u201d, como o realizado no Parque do Juquery, em Franco da Rocha O Governo de S\u00e3o Paulo se prepara para os riscos de inc\u00eandios florestais no per\u00edodo de estiagem neste ano, entre junho e outubro. De acordo com agentes estaduais envolvidos nas [&hellip;]<\/p>\n","protected":false},"author":1,"featured_media":7742,"comment_status":"open","ping_status":"open","sticky":false,"template":"","format":"standard","meta":{"_jetpack_newsletter_access":"","_jetpack_dont_email_post_to_subs":false,"_jetpack_newsletter_tier_id":0,"_jetpack_memberships_contains_paywalled_content":false,"_mbp_banners":[],"_jetpack_feature_clip_id":0,"_jetpack_memberships_contains_paid_content":false,"footnotes":"","jetpack_publicize_message":"","jetpack_publicize_feature_enabled":true,"jetpack_social_post_already_shared":true,"jetpack_social_options":{"image_generator_settings":{"template":"highway","default_image_id":0,"font":"","enabled":false},"version":2},"jetpack_post_was_ever_published":false},"categories":[21],"tags":[],"class_list":["post-7741","post","type-post","status-publish","format-standard","has-post-thumbnail","category-sp-news"],"jetpack_publicize_connections":[],"jetpack-related-posts":[],"jetpack_shortlink":"https:\/\/wp.me\/p7Eq1F-20R","jetpack_sharing_enabled":true,"jetpack_featured_media_url":"https:\/\/i0.wp.com\/guialimeira.com.br\/news\/wp-content\/uploads\/2024\/06\/SP-Sem-Fogo-estado-se-prepara-para-risco-aumentado-de.jpg?fit=1600%2C1200&ssl=1","_links":{"self":[{"href":"https:\/\/guialimeira.com.br\/news\/wp-json\/wp\/v2\/posts\/7741","targetHints":{"allow":["GET"]}}],"collection":[{"href":"https:\/\/guialimeira.com.br\/news\/wp-json\/wp\/v2\/posts"}],"about":[{"href":"https:\/\/guialimeira.com.br\/news\/wp-json\/wp\/v2\/types\/post"}],"author":[{"embeddable":true,"href":"https:\/\/guialimeira.com.br\/news\/wp-json\/wp\/v2\/users\/1"}],"replies":[{"embeddable":true,"href":"https:\/\/guialimeira.com.br\/news\/wp-json\/wp\/v2\/comments?post=7741"}],"version-history":[{"count":0,"href":"https:\/\/guialimeira.com.br\/news\/wp-json\/wp\/v2\/posts\/7741\/revisions"}],"wp:featuredmedia":[{"embeddable":true,"href":"https:\/\/guialimeira.com.br\/news\/wp-json\/wp\/v2\/media\/7742"}],"wp:attachment":[{"href":"https:\/\/guialimeira.com.br\/news\/wp-json\/wp\/v2\/media?parent=7741"}],"wp:term":[{"taxonomy":"category","embeddable":true,"href":"https:\/\/guialimeira.com.br\/news\/wp-json\/wp\/v2\/categories?post=7741"},{"taxonomy":"post_tag","embeddable":true,"href":"https:\/\/guialimeira.com.br\/news\/wp-json\/wp\/v2\/tags?post=7741"}],"curies":[{"name":"wp","href":"https:\/\/api.w.org\/{rel}","templated":true}]}}