{"id":7738,"date":"2024-06-06T13:50:43","date_gmt":"2024-06-06T16:50:43","guid":{"rendered":"https:\/\/guialimeira.com.br\/2024\/06\/06\/oms-confirma-primeira-morte-por-variante-h5n2-da-gripe-aviaria\/"},"modified":"2024-06-06T13:50:43","modified_gmt":"2024-06-06T16:50:43","slug":"oms-confirma-primeira-morte-por-variante-h5n2-da-gripe-aviaria","status":"publish","type":"post","link":"https:\/\/guialimeira.com.br\/news\/oms-confirma-primeira-morte-por-variante-h5n2-da-gripe-aviaria\/","title":{"rendered":"OMS confirma primeira morte por variante H5N2 da gripe avi\u00e1ria"},"content":{"rendered":"<p> <br \/>\n<\/p>\n<div>\n<p>A Organiza\u00e7\u00e3o Mundial da Sa\u00fade (OMS) confirmou a primeira morte pela variante H5N2 da gripe avi\u00e1ria. O paciente, de 59 anos, vivia no M\u00e9xico.<img data-recalc-dims=\"1\" decoding=\"async\" src=\"https:\/\/i0.wp.com\/agenciabrasil.ebc.com.br\/ebc.png?w=696&#038;ssl=1\" style=\"width:1px; height:1px; display:inline;\"\/><img data-recalc-dims=\"1\" decoding=\"async\" src=\"https:\/\/i0.wp.com\/agenciabrasil.ebc.com.br\/ebc.gif?w=696&#038;ssl=1\" style=\"width:1px; height:1px; display:inline;\"\/><\/p>\n<p>Este foi o primeiro caso de infec\u00e7\u00e3o em humano confirmado em laborat\u00f3rio em todo o mundo. A morte foi reportada por autoridades sanit\u00e1rias mexicanas no dia 23 de maio.<\/p>\n<p>Em nota, a OMS destacou que o paciente, morador da Cidade do M\u00e9xico, n\u00e3o tinha hist\u00f3rico de exposi\u00e7\u00e3o a aves ou outros animais. A variante H5N2 j\u00e1 havia sido identificada em aves do pa\u00eds.<\/p>\n<p>\u201cO paciente tinha m\u00faltiplas condi\u00e7\u00f5es m\u00e9dicas subjacentes. Os familiares relataram que ele j\u00e1 estava acamado h\u00e1 tr\u00eas semanas, por outros motivos, antes do in\u00edcio do sintomas agudos\u201d, destacou a organiza\u00e7\u00e3o.<\/p>\n<p>Com base nas informa\u00e7\u00f5es dispon\u00edveis at\u00e9 o momento, a OMS avalia como baixo o risco representado pelo v\u00edrus para a popula\u00e7\u00e3o em geral.<\/p>\n<\/p><\/div>\n<p><br \/>\n<br \/><a href=\"https:\/\/agenciabrasil.ebc.com.br\/saude\/noticia\/2024-06\/oms-confirma-primeira-morte-por-variante-h5n2-da-gripe-aviaria\" rel=\"noopener\">Ag\u00eancia Brasil <\/a><\/p>\n","protected":false},"excerpt":{"rendered":"<p>A Organiza\u00e7\u00e3o Mundial da Sa\u00fade (OMS) confirmou a primeira morte pela variante H5N2 da gripe avi\u00e1ria. O paciente, de 59 anos, vivia no M\u00e9xico. Este foi o primeiro caso de infec\u00e7\u00e3o em humano confirmado em laborat\u00f3rio em todo o mundo. A morte foi reportada por autoridades sanit\u00e1rias mexicanas no dia 23 de maio. Em nota, [&hellip;]<\/p>\n","protected":false},"author":1,"featured_media":1270,"comment_status":"open","ping_status":"open","sticky":false,"template":"","format":"standard","meta":{"_jetpack_newsletter_access":"","_jetpack_dont_email_post_to_subs":false,"_jetpack_newsletter_tier_id":0,"_jetpack_memberships_contains_paywalled_content":false,"_mbp_banners":[],"_jetpack_feature_clip_id":0,"_jetpack_memberships_contains_paid_content":false,"footnotes":"","jetpack_publicize_message":"","jetpack_publicize_feature_enabled":true,"jetpack_social_post_already_shared":true,"jetpack_social_options":{"image_generator_settings":{"template":"highway","default_image_id":0,"font":"","enabled":false},"version":2},"jetpack_post_was_ever_published":false},"categories":[15],"tags":[],"class_list":["post-7738","post","type-post","status-publish","format-standard","has-post-thumbnail","category-saude"],"jetpack_publicize_connections":[],"jetpack-related-posts":[],"jetpack_shortlink":"https:\/\/wp.me\/p7Eq1F-20O","jetpack_sharing_enabled":true,"jetpack_featured_media_url":"https:\/\/i0.wp.com\/guialimeira.com.br\/news\/wp-content\/uploads\/2024\/04\/2024-02-16t105128z_1_lynxnpek1f0au_rtroptp_4_health-obesity-who.jpg?fit=1600%2C800&ssl=1","_links":{"self":[{"href":"https:\/\/guialimeira.com.br\/news\/wp-json\/wp\/v2\/posts\/7738","targetHints":{"allow":["GET"]}}],"collection":[{"href":"https:\/\/guialimeira.com.br\/news\/wp-json\/wp\/v2\/posts"}],"about":[{"href":"https:\/\/guialimeira.com.br\/news\/wp-json\/wp\/v2\/types\/post"}],"author":[{"embeddable":true,"href":"https:\/\/guialimeira.com.br\/news\/wp-json\/wp\/v2\/users\/1"}],"replies":[{"embeddable":true,"href":"https:\/\/guialimeira.com.br\/news\/wp-json\/wp\/v2\/comments?post=7738"}],"version-history":[{"count":0,"href":"https:\/\/guialimeira.com.br\/news\/wp-json\/wp\/v2\/posts\/7738\/revisions"}],"wp:featuredmedia":[{"embeddable":true,"href":"https:\/\/guialimeira.com.br\/news\/wp-json\/wp\/v2\/media\/1270"}],"wp:attachment":[{"href":"https:\/\/guialimeira.com.br\/news\/wp-json\/wp\/v2\/media?parent=7738"}],"wp:term":[{"taxonomy":"category","embeddable":true,"href":"https:\/\/guialimeira.com.br\/news\/wp-json\/wp\/v2\/categories?post=7738"},{"taxonomy":"post_tag","embeddable":true,"href":"https:\/\/guialimeira.com.br\/news\/wp-json\/wp\/v2\/tags?post=7738"}],"curies":[{"name":"wp","href":"https:\/\/api.w.org\/{rel}","templated":true}]}}