{"id":7735,"date":"2024-06-06T13:10:43","date_gmt":"2024-06-06T16:10:43","guid":{"rendered":"https:\/\/guialimeira.com.br\/2024\/06\/06\/museu-da-lingua-portuguesa-gratis-e-beatles\/"},"modified":"2024-06-06T13:10:43","modified_gmt":"2024-06-06T16:10:43","slug":"museu-da-lingua-portuguesa-gratis-e-beatles","status":"publish","type":"post","link":"https:\/\/guialimeira.com.br\/news\/museu-da-lingua-portuguesa-gratis-e-beatles\/","title":{"rendered":"Museu da L\u00edngua Portuguesa gr\u00e1tis e Beatles"},"content":{"rendered":"<p> <br \/>\n<\/p>\n<div id=\"\">&#13;<br \/>\n                                <!-- Title -->&#13;<br \/>\n                                &#13;<br \/>\n&#13;<br \/>\n                                <!-- Excerpt -->&#13;<\/p>\n<p class=\"excerpt\">Programa\u00e7\u00e3o cultural tamb\u00e9m inclui homenagem \u00e0 cultura ind\u00edgena na \u00c1gua Branca e exposi\u00e7\u00e3o de migrantes na Mooca<\/p>\n<p>&#13;<br \/>\n&#13;<br \/>\n                                &#13;\n                            <\/p><\/div>\n<div id=\"\">&#13;<\/p>\n<p><iframe loading=\"lazy\" title=\"Fim de semana tem Museu da L\u00edngua Portuguesa gr\u00e1tis e homenagem aos Beatles by Governo do Estado de S\u00e3o Paulo\" width=\"587\" height=\"330\" scrolling=\"no\" frameborder=\"no\" src=\"https:\/\/w.soundcloud.com\/player\/?visual=true&amp;url=https%3A%2F%2Fapi.soundcloud.com%2Ftracks%2F1838641233&amp;show_artwork=true&amp;maxheight=330&amp;maxwidth=587\"><\/iframe><\/p>\n<p>Durante todo o m\u00eas de junho, o <a href=\"https:\/\/www.museudalinguaportuguesa.org.br\/\" rel=\"noopener\">Museu da L\u00edngua Portuguesa<\/a>, localizado no Centro Hist\u00f3rico de S\u00e3o Paulo, conta com uma programa\u00e7\u00e3o gratuita aos finais de semana. Al\u00e9m da exposi\u00e7\u00e3o \u201cL\u00ednguas africanas que fazem o Brasil\u201d, que come\u00e7a no s\u00e1bado (8), os visitantes tamb\u00e9m poder\u00e3o participar da <a href=\"https:\/\/www.saopaulo.sp.gov.br\/spnoticias\/ultimas-noticias\/museu-da-lingua-portuguesa-realiza-clube-de-leitura-e-feira-de-troca-de-livros\/\" rel=\"noopener\">3\u00aa edi\u00e7\u00e3o da Feira de Troca de Livros<\/a>. A Feira funciona das 14h \u00e0s 17h no Museu da L\u00edngua Portuguesa.<\/p>\n<p>Para quem gosta de m\u00fasica e obras de arte, a dica \u00e9 passar pelo Edif\u00edcio Oswald de Andrade, localizado no bairro do Bom Retiro, em S\u00e3o Paulo. At\u00e9 o dia 7 de julho, o espa\u00e7o recebe a exposi\u00e7\u00e3o \u201cLucy in the sky with sprays\u201d, em homenagem aos Beatles. A exposi\u00e7\u00e3o conta com 11 obras que transformam as m\u00fasicas da banda inglesa em telas de grafitti. A entrada \u00e9 gratuita e o Edif\u00edcio Oswald de Andrade funciona das 10h \u00e0s 21h.<\/p>\n<p>O m\u00eas de junho tamb\u00e9m conta com programa\u00e7\u00e3o especial no <a href=\"https:\/\/museudasculturasindigenas.org.br\/\" rel=\"noopener\">Museu das Culturas Ind\u00edgenas<\/a>, que comemora o seu segundo anivers\u00e1rio. O Museu prev\u00ea atividades gratuitas, como feira de artesanato e oficinas, exibi\u00e7\u00e3o de document\u00e1rios e debates sobre meio ambiente, sociobiodiversidade e patrim\u00f4nio ind\u00edgena. O Museu das Culturas Ind\u00edgenas fica na regi\u00e3o da \u00c1gua Branca, em S\u00e3o Paulo.<\/p>\n<p>Para fechar, o Museu da Imigra\u00e7\u00e3o, localizado na Mooca, na capital paulista, recebe a exposi\u00e7\u00e3o \u201cPertencimentos transnacionais\u201d. Nela, quatro migrantes m\u00fasicos de Guin\u00e9-Conacri v\u00e3o apresentar registros audiovisuais e oficinas de dan\u00e7a. A exposi\u00e7\u00e3o dura at\u00e9 agosto e tem entrada gratuita aos s\u00e1bados.<\/p>\n<\/p><\/div>\n<p><br \/>\n<br \/><a href=\"https:\/\/www.saopaulo.sp.gov.br\/spnoticias\/ultimas-noticias\/fim-de-semana-tem-museu-da-lingua-portuguesa-gratis-e-homenagem-aos-beatles\/\" rel=\"noopener\">Informa\u00e7\u00f5es GOV.SP<\/a><\/p>\n","protected":false},"excerpt":{"rendered":"<p>&#13; &#13; &#13; &#13; &#13; Programa\u00e7\u00e3o cultural tamb\u00e9m inclui homenagem \u00e0 cultura ind\u00edgena na \u00c1gua Branca e exposi\u00e7\u00e3o de migrantes na Mooca &#13; &#13; &#13; &#13; Durante todo o m\u00eas de junho, o Museu da L\u00edngua Portuguesa, localizado no Centro Hist\u00f3rico de S\u00e3o Paulo, conta com uma programa\u00e7\u00e3o gratuita aos finais de semana. Al\u00e9m da [&hellip;]<\/p>\n","protected":false},"author":1,"featured_media":238,"comment_status":"open","ping_status":"open","sticky":false,"template":"","format":"standard","meta":{"_jetpack_newsletter_access":"","_jetpack_dont_email_post_to_subs":false,"_jetpack_newsletter_tier_id":0,"_jetpack_memberships_contains_paywalled_content":false,"_mbp_banners":[],"_jetpack_feature_clip_id":0,"_jetpack_memberships_contains_paid_content":false,"footnotes":"","jetpack_publicize_message":"","jetpack_publicize_feature_enabled":true,"jetpack_social_post_already_shared":true,"jetpack_social_options":{"image_generator_settings":{"template":"highway","default_image_id":0,"font":"","enabled":false},"version":2},"jetpack_post_was_ever_published":false},"categories":[21],"tags":[],"class_list":["post-7735","post","type-post","status-publish","format-standard","has-post-thumbnail","category-sp-news"],"jetpack_publicize_connections":[],"jetpack-related-posts":[],"jetpack_shortlink":"https:\/\/wp.me\/p7Eq1F-20L","jetpack_sharing_enabled":true,"jetpack_featured_media_url":"https:\/\/i0.wp.com\/guialimeira.com.br\/news\/wp-content\/uploads\/2024\/03\/cover.png?fit=650%2C650&ssl=1","_links":{"self":[{"href":"https:\/\/guialimeira.com.br\/news\/wp-json\/wp\/v2\/posts\/7735","targetHints":{"allow":["GET"]}}],"collection":[{"href":"https:\/\/guialimeira.com.br\/news\/wp-json\/wp\/v2\/posts"}],"about":[{"href":"https:\/\/guialimeira.com.br\/news\/wp-json\/wp\/v2\/types\/post"}],"author":[{"embeddable":true,"href":"https:\/\/guialimeira.com.br\/news\/wp-json\/wp\/v2\/users\/1"}],"replies":[{"embeddable":true,"href":"https:\/\/guialimeira.com.br\/news\/wp-json\/wp\/v2\/comments?post=7735"}],"version-history":[{"count":0,"href":"https:\/\/guialimeira.com.br\/news\/wp-json\/wp\/v2\/posts\/7735\/revisions"}],"wp:featuredmedia":[{"embeddable":true,"href":"https:\/\/guialimeira.com.br\/news\/wp-json\/wp\/v2\/media\/238"}],"wp:attachment":[{"href":"https:\/\/guialimeira.com.br\/news\/wp-json\/wp\/v2\/media?parent=7735"}],"wp:term":[{"taxonomy":"category","embeddable":true,"href":"https:\/\/guialimeira.com.br\/news\/wp-json\/wp\/v2\/categories?post=7735"},{"taxonomy":"post_tag","embeddable":true,"href":"https:\/\/guialimeira.com.br\/news\/wp-json\/wp\/v2\/tags?post=7735"}],"curies":[{"name":"wp","href":"https:\/\/api.w.org\/{rel}","templated":true}]}}