{"id":7732,"date":"2024-06-06T12:49:45","date_gmt":"2024-06-06T15:49:45","guid":{"rendered":"https:\/\/guialimeira.com.br\/2024\/06\/06\/dia-d-contra-a-poliomielite-tera-mais-de-650-postos-no-rio\/"},"modified":"2024-06-06T12:49:45","modified_gmt":"2024-06-06T15:49:45","slug":"dia-d-contra-a-poliomielite-tera-mais-de-650-postos-no-rio","status":"publish","type":"post","link":"https:\/\/guialimeira.com.br\/news\/dia-d-contra-a-poliomielite-tera-mais-de-650-postos-no-rio\/","title":{"rendered":"Dia D contra a poliomielite ter\u00e1 mais de 650 postos no Rio"},"content":{"rendered":"<p> <br \/>\n<\/p>\n<div>\n<p>A Secretaria Municipal de Sa\u00fade do Rio Janeiro promove neste s\u00e1bado (8) o dia D de vacina\u00e7\u00e3o contra a paralisia infantil. Ser\u00e3o disponibilizados mais de 650 pontos de vacina\u00e7\u00e3o, das 8h \u00e0s 17h, entre unidades de Aten\u00e7\u00e3o Prim\u00e1ria (cl\u00ednicas da fam\u00edlia e centros municipais de sa\u00fade) e postos extramuros montados para facilitar o acesso da popula\u00e7\u00e3o.<img data-recalc-dims=\"1\" decoding=\"async\" src=\"https:\/\/i0.wp.com\/agenciabrasil.ebc.com.br\/ebc.png?w=696&#038;ssl=1\" style=\"width:1px; height:1px; display:inline;\"\/><img data-recalc-dims=\"1\" decoding=\"async\" src=\"https:\/\/i0.wp.com\/agenciabrasil.ebc.com.br\/ebc.gif?w=696&#038;ssl=1\" style=\"width:1px; height:1px; display:inline;\"\/><\/p>\n<p>No munic\u00edpio do Rio de Janeiro, a meta \u00e9 vacinar 237 mil crian\u00e7as de 1 a 4 anos de idade, o que corresponde a 95% da popula\u00e7\u00e3o alvo, atualmente 248 mil indiv\u00edduos.<\/p>\n<p>A campanha faz parte da <a href=\"https:\/\/agenciabrasil.ebc.com.br\/saude\/noticia\/2024-05\/campanha-de-vacinacao-contra-poliomielite-comeca-nesta-segunda\" target=\"_blank\" rel=\"noopener\">Estrat\u00e9gia Nacional de Vacina\u00e7\u00e3o contra Poliomielite<\/a>, que teve in\u00edcio no dia 27 de maio e vai at\u00e9 o dia 14 de junho, com o objetivo de reduzir o risco da reintrodu\u00e7\u00e3o da doen\u00e7a no pa\u00eds e aumentar a cobertura vacinal.<\/p>\n<p>\u201cAl\u00e9m das doses previstas no esquema regular, estamos aplicando mais uma de refor\u00e7o em crian\u00e7as de 1 a 4 anos. Por isso, convocamos os pais que ainda n\u00e3o levaram seus filhos que aproveitem essa mobiliza\u00e7\u00e3o, para garantir a prote\u00e7\u00e3o dos nossos pequenos cariocas. Isso \u00e9 muito importante para que a poliomielite n\u00e3o volte a circular no pa\u00eds. A imuniza\u00e7\u00e3o \u00e9 a forma mais eficaz de preven\u00e7\u00e3o e nesse dia D queremos aumentar a nossa cobertura vacinal\u201d, disse o secret\u00e1rio municipal de Sa\u00fade, Daniel Soranz.<\/p>\n<p>Conforme orienta\u00e7\u00e3o do Minist\u00e9rio da Sa\u00fade, crian\u00e7as de 1 a 4 anos de idade que estejam em dia com o esquema b\u00e1sico devem receber mais uma dose da vacina oral (VOP). A recomenda\u00e7\u00e3o \u00e9 que pais e respons\u00e1veis levem a caderneta de vacina\u00e7\u00e3o da crian\u00e7a para avalia\u00e7\u00e3o da situa\u00e7\u00e3o vacinal pelas equipes de sa\u00fade.<\/p>\n<p>A vacina est\u00e1 dispon\u00edvel em todas as 238 cl\u00ednicas da fam\u00edlia e centros municipais de sa\u00fade espalhados por toda a cidade, al\u00e9m do Super Centro Carioca de Vacina\u00e7\u00e3o, em Botafogo, que funciona todos os dias, das 8h \u00e0s 22h; e do Super Centro Carioca de Vacina\u00e7\u00e3o unidade Campo Grande, no ParkShopping Campo Grande, que tamb\u00e9m funciona todos os dias, de acordo com o hor\u00e1rio do centro comercial.<\/p>\n<p>O Brasil n\u00e3o registra casos de p\u00f3lio desde 1989. Em 1994, o pa\u00eds recebeu a certifica\u00e7\u00e3o de \u00e1rea livre de circula\u00e7\u00e3o do poliov\u00edrus selvagem. No ano passado, entretanto, o Brasil foi classificado pela Comiss\u00e3o Regional para a Certifica\u00e7\u00e3o da Erradica\u00e7\u00e3o da Poliomielite na Regi\u00e3o das Am\u00e9ricas como territ\u00f3rio de alto risco para reintrodu\u00e7\u00e3o do poliov\u00edrus.<\/p>\n<p>De acordo com a Organiza\u00e7\u00e3o Mundial da Sa\u00fade (OMS), a poliomielite afeta principalmente crian\u00e7as com menos de 5 anos de idade, sendo que uma em cada 200 infec\u00e7\u00f5es leva \u00e0 paralisia irrevers\u00edvel, geralmente das pernas. Entre os acometidos, 5% a 10% morrem por paralisia dos m\u00fasculos respirat\u00f3rios.<\/p>\n<\/p><\/div>\n<p><br \/>\n<br \/><a href=\"https:\/\/agenciabrasil.ebc.com.br\/saude\/noticia\/2024-06\/dia-d-contra-poliomielite-tera-mais-de-650-postos-no-rio\" rel=\"noopener\">Ag\u00eancia Brasil <\/a><\/p>\n","protected":false},"excerpt":{"rendered":"<p>A Secretaria Municipal de Sa\u00fade do Rio Janeiro promove neste s\u00e1bado (8) o dia D de vacina\u00e7\u00e3o contra a paralisia infantil. Ser\u00e3o disponibilizados mais de 650 pontos de vacina\u00e7\u00e3o, das 8h \u00e0s 17h, entre unidades de Aten\u00e7\u00e3o Prim\u00e1ria (cl\u00ednicas da fam\u00edlia e centros municipais de sa\u00fade) e postos extramuros montados para facilitar o acesso da [&hellip;]<\/p>\n","protected":false},"author":1,"featured_media":6465,"comment_status":"open","ping_status":"open","sticky":false,"template":"","format":"standard","meta":{"_jetpack_newsletter_access":"","_jetpack_dont_email_post_to_subs":false,"_jetpack_newsletter_tier_id":0,"_jetpack_memberships_contains_paywalled_content":false,"_mbp_banners":[],"_jetpack_feature_clip_id":0,"_jetpack_memberships_contains_paid_content":false,"footnotes":"","jetpack_publicize_message":"","jetpack_publicize_feature_enabled":true,"jetpack_social_post_already_shared":true,"jetpack_social_options":{"image_generator_settings":{"template":"highway","default_image_id":0,"font":"","enabled":false},"version":2},"jetpack_post_was_ever_published":false},"categories":[15],"tags":[],"class_list":["post-7732","post","type-post","status-publish","format-standard","has-post-thumbnail","category-saude"],"jetpack_publicize_connections":[],"jetpack-related-posts":[],"jetpack_shortlink":"https:\/\/wp.me\/p7Eq1F-20I","jetpack_sharing_enabled":true,"jetpack_featured_media_url":"https:\/\/i0.wp.com\/guialimeira.com.br\/news\/wp-content\/uploads\/2024\/05\/ffraz_abr_20180922_1659.jpg?fit=1600%2C800&ssl=1","_links":{"self":[{"href":"https:\/\/guialimeira.com.br\/news\/wp-json\/wp\/v2\/posts\/7732","targetHints":{"allow":["GET"]}}],"collection":[{"href":"https:\/\/guialimeira.com.br\/news\/wp-json\/wp\/v2\/posts"}],"about":[{"href":"https:\/\/guialimeira.com.br\/news\/wp-json\/wp\/v2\/types\/post"}],"author":[{"embeddable":true,"href":"https:\/\/guialimeira.com.br\/news\/wp-json\/wp\/v2\/users\/1"}],"replies":[{"embeddable":true,"href":"https:\/\/guialimeira.com.br\/news\/wp-json\/wp\/v2\/comments?post=7732"}],"version-history":[{"count":0,"href":"https:\/\/guialimeira.com.br\/news\/wp-json\/wp\/v2\/posts\/7732\/revisions"}],"wp:featuredmedia":[{"embeddable":true,"href":"https:\/\/guialimeira.com.br\/news\/wp-json\/wp\/v2\/media\/6465"}],"wp:attachment":[{"href":"https:\/\/guialimeira.com.br\/news\/wp-json\/wp\/v2\/media?parent=7732"}],"wp:term":[{"taxonomy":"category","embeddable":true,"href":"https:\/\/guialimeira.com.br\/news\/wp-json\/wp\/v2\/categories?post=7732"},{"taxonomy":"post_tag","embeddable":true,"href":"https:\/\/guialimeira.com.br\/news\/wp-json\/wp\/v2\/tags?post=7732"}],"curies":[{"name":"wp","href":"https:\/\/api.w.org\/{rel}","templated":true}]}}