{"id":7729,"date":"2024-06-06T12:09:55","date_gmt":"2024-06-06T15:09:55","guid":{"rendered":"https:\/\/guialimeira.com.br\/2024\/06\/06\/alunos-de-sp-com-baixo-rendimento-terao-recuperacao-semestral\/"},"modified":"2024-06-06T12:09:55","modified_gmt":"2024-06-06T15:09:55","slug":"alunos-de-sp-com-baixo-rendimento-terao-recuperacao-semestral","status":"publish","type":"post","link":"https:\/\/guialimeira.com.br\/news\/alunos-de-sp-com-baixo-rendimento-terao-recuperacao-semestral\/","title":{"rendered":"Alunos de SP com baixo rendimento ter\u00e3o recupera\u00e7\u00e3o semestral"},"content":{"rendered":"<p> <br \/>\n<\/p>\n<div id=\"\">&#13;<br \/>\n                                <!-- Title -->&#13;<br \/>\n                                &#13;<br \/>\n&#13;<br \/>\n                                <!-- Excerpt -->&#13;<\/p>\n<p class=\"excerpt\">Alunos dos Ensinos Fundamental e M\u00e9dio ser\u00e3o encaminhados ao refor\u00e7o a partir de avalia\u00e7\u00f5es bimestrais com provas no final de cada semestre<\/p>\n<p>&#13;<br \/>\n&#13;<br \/>\n                                &#13;\n                            <\/p><\/div>\n<div id=\"\">&#13;<\/p>\n<figure id=\"attachment_5897262\" style=\"width: 100%;max-width: 2560px\" class=\"wp-caption alignnone\"><img data-recalc-dims=\"1\" decoding=\"async\" loading=\"lazy\" class=\"wp-image-5897262 size-full\" src=\"https:\/\/i0.wp.com\/www.saopaulo.sp.gov.br\/wp-content\/uploads\/2024\/06\/Alunos-estudando-scaled.jpg?resize=696%2C464&#038;ssl=1\" alt=\"Alunos estudando\" width=\"696\" height=\"464\" srcset=\"https:\/\/www.saopaulo.sp.gov.br\/wp-content\/uploads\/2024\/06\/Alunos-estudando-scaled.jpg 2560w, https:\/\/www.saopaulo.sp.gov.br\/wp-content\/uploads\/2024\/06\/Alunos-estudando-300x200.jpg 300w, https:\/\/www.saopaulo.sp.gov.br\/wp-content\/uploads\/2024\/06\/Alunos-estudando-1024x683.jpg 1024w, https:\/\/www.saopaulo.sp.gov.br\/wp-content\/uploads\/2024\/06\/Alunos-estudando-768x512.jpg 768w, https:\/\/www.saopaulo.sp.gov.br\/wp-content\/uploads\/2024\/06\/Alunos-estudando-1536x1024.jpg 1536w, https:\/\/www.saopaulo.sp.gov.br\/wp-content\/uploads\/2024\/06\/Alunos-estudando-2048x1366.jpg 2048w\" sizes=\"auto, (max-width: 2560px) 100vw, 2560px\"\/><figcaption class=\"wp-caption-text\">A recupera\u00e7\u00e3o semestral \u00e9 voltada para estudantes do 5\u00ba ao 9\u00ba ano do Ensino Fundamental e das tr\u00eas s\u00e9ries do Ensino M\u00e9dio<\/figcaption><\/figure>\n<p>A Secretaria da Educa\u00e7\u00e3o do Estado de S\u00e3o Paulo (Seduc-SP) publicou nesta quarta-feira (5) uma resolu\u00e7\u00e3o que estabelece a recupera\u00e7\u00e3o semestral de estudantes que apresentarem baixo rendimento. A nota dos dois bimestres anteriores vai estabelecer se os estudantes devem ou n\u00e3o ser encaminhados para realizar a prova de recupera\u00e7\u00e3o. Se a m\u00e9dia dos bimestres for abaixo de 5 em quaisquer disciplinas, o aluno dever\u00e1 obrigatoriamente fazer nova prova para tentar recuperar sua nota. A nova nota substituir\u00e1 a menor entre os dois bimestres anteriores, contribuindo para reduzir as defasagens.<\/p>\n<p>A proposta de refor\u00e7o \u00e9 voltada a estudantes do 5\u00ba ao 9\u00ba ano do Ensino Fundamental e das tr\u00eas s\u00e9ries do Ensino M\u00e9dio. A recupera\u00e7\u00e3o prev\u00ea que, por at\u00e9 duas semanas, as aulas ser\u00e3o focadas em conte\u00fados que os estudantes tiveram mais dificuldade na Prova Paulista, que \u00e9 a avalia\u00e7\u00e3o bimestral da Seduc-SP. A primeira prova de recupera\u00e7\u00e3o ser\u00e1 no dia 5 de agosto e os estudantes da rede ter\u00e3o duas semanas letivas de estudos focados na revis\u00e3o de conte\u00fados \u2013 a semana de 1 a 5 de julho, \u00faltima antes das f\u00e9rias do meio do ano, e de 29 de julho a 2 de agosto.<\/p>\n<p class=\"title\"><strong>LEIA TAMB\u00c9M:<\/strong> <a href=\"https:\/\/www.saopaulo.sp.gov.br\/spnoticias\/ultimas-noticias\/educacao-de-sp-propoe-estagio-remunerado-para-alunos-do-ensino-medio\/\" rel=\"noopener\">Educa\u00e7\u00e3o de SP prop\u00f5e est\u00e1gio remunerado para alunos do Ensino M\u00e9dio<\/a><\/p>\n<p>Outro ponto que a resolu\u00e7\u00e3o aborda e que pode ajudar alunos com maior dificuldade \u00e9 o estabelecimento de um professor-tutor para estudantes de 1\u00ba a 3\u00ba anos do Ensino Fundamental, que \u00e9 o ciclo de alfabetiza\u00e7\u00e3o. Esse professor ser\u00e1 um segundo docente em sala de aula, tr\u00eas vezes por semana (duas de portugu\u00eas e uma de matem\u00e1tica) para ajudar estudantes com defasagens. As escolas com mais de 20% dos alunos do 2\u00ba ano no n\u00edvel pr\u00e9-leitor, de acordo com a avalia\u00e7\u00e3o de flu\u00eancia leitora realizada anualmente pela Seduc-SP, dever\u00e3o obrigatoriamente receber um professor-tutor. Todas as outras escolas de anos iniciais tamb\u00e9m poder\u00e3o aderir. Essa a\u00e7\u00e3o tem um custo estimado de R$ 82 milh\u00f5es por ano.<\/p>\n<p>\u201cO objetivo dessas a\u00e7\u00f5es \u00e9 que os alunos tenham um diagn\u00f3stico r\u00e1pido das suas dificuldades e que os professores estabele\u00e7am, com todo o apoio da Seduc-SP, um conjunto de atividades para que os estudantes se recuperem e possam seguir o ano letivo mais apropriados dos conte\u00fados das mat\u00e9rias\u201d, disse o secret\u00e1rio da Educa\u00e7\u00e3o, Renato Feder.<\/p>\n<p>No per\u00edodo da recupera\u00e7\u00e3o e aprofundamento das aprendizagens, as turmas de Ensino M\u00e9dio poder\u00e3o contar com o aux\u00edlio de alunos monitores, desde que devidamente acompanhados de um professor. O \u201cAluno Monitor\u201d faz parte de um projeto de lei encaminhado na \u00faltima semana pelo Governo do Estado \u00e0 Assembleia Legislativa do Estado de S\u00e3o Paulo (Alesp), que prev\u00ea que estudantes do Ensino M\u00e9dio regular se tornem monitores de estudantes, com o pagamento de bolsa-monitoria, com valor previsto de R$ 400 mensais. Esse programa deve entrar em vigor em 2025, se aprovado pela Alesp.<\/p>\n<p>\u200bSiga o canal \u201cGoverno de S\u00e3o Paulo\u201d no WhatsApp:<br \/><a href=\"https:\/\/bit.ly\/govspnozap\" target=\"_blank\" rel=\"noopener noreferrer\">https:\/\/bit.ly\/govspnozap<\/a><\/p>\n<\/p><\/div>\n<p><br \/>\n<br \/><a href=\"https:\/\/www.saopaulo.sp.gov.br\/spnoticias\/ultimas-noticias\/sp-tera-recuperacao-semestral-para-alunos-da-rede-estadual-com-baixo-rendimento\/\" rel=\"noopener\">Informa\u00e7\u00f5es GOV.SP<\/a><\/p>\n","protected":false},"excerpt":{"rendered":"<p>&#13; &#13; &#13; &#13; &#13; Alunos dos Ensinos Fundamental e M\u00e9dio ser\u00e3o encaminhados ao refor\u00e7o a partir de avalia\u00e7\u00f5es bimestrais com provas no final de cada semestre &#13; &#13; &#13; &#13; A recupera\u00e7\u00e3o semestral \u00e9 voltada para estudantes do 5\u00ba ao 9\u00ba ano do Ensino Fundamental e das tr\u00eas s\u00e9ries do Ensino M\u00e9dio A Secretaria [&hellip;]<\/p>\n","protected":false},"author":1,"featured_media":7730,"comment_status":"open","ping_status":"open","sticky":false,"template":"","format":"standard","meta":{"_jetpack_newsletter_access":"","_jetpack_dont_email_post_to_subs":false,"_jetpack_newsletter_tier_id":0,"_jetpack_memberships_contains_paywalled_content":false,"_mbp_banners":[],"_jetpack_feature_clip_id":0,"_jetpack_memberships_contains_paid_content":false,"footnotes":"","jetpack_publicize_message":"","jetpack_publicize_feature_enabled":true,"jetpack_social_post_already_shared":true,"jetpack_social_options":{"image_generator_settings":{"template":"highway","default_image_id":0,"font":"","enabled":false},"version":2},"jetpack_post_was_ever_published":false},"categories":[21],"tags":[],"class_list":["post-7729","post","type-post","status-publish","format-standard","has-post-thumbnail","category-sp-news"],"jetpack_publicize_connections":[],"jetpack-related-posts":[],"jetpack_shortlink":"https:\/\/wp.me\/p7Eq1F-20F","jetpack_sharing_enabled":true,"jetpack_featured_media_url":"https:\/\/i0.wp.com\/guialimeira.com.br\/news\/wp-content\/uploads\/2024\/06\/Alunos-de-SP-com-baixo-rendimento-terao-recuperacao-semestral.jpg?fit=2560%2C1707&ssl=1","_links":{"self":[{"href":"https:\/\/guialimeira.com.br\/news\/wp-json\/wp\/v2\/posts\/7729","targetHints":{"allow":["GET"]}}],"collection":[{"href":"https:\/\/guialimeira.com.br\/news\/wp-json\/wp\/v2\/posts"}],"about":[{"href":"https:\/\/guialimeira.com.br\/news\/wp-json\/wp\/v2\/types\/post"}],"author":[{"embeddable":true,"href":"https:\/\/guialimeira.com.br\/news\/wp-json\/wp\/v2\/users\/1"}],"replies":[{"embeddable":true,"href":"https:\/\/guialimeira.com.br\/news\/wp-json\/wp\/v2\/comments?post=7729"}],"version-history":[{"count":0,"href":"https:\/\/guialimeira.com.br\/news\/wp-json\/wp\/v2\/posts\/7729\/revisions"}],"wp:featuredmedia":[{"embeddable":true,"href":"https:\/\/guialimeira.com.br\/news\/wp-json\/wp\/v2\/media\/7730"}],"wp:attachment":[{"href":"https:\/\/guialimeira.com.br\/news\/wp-json\/wp\/v2\/media?parent=7729"}],"wp:term":[{"taxonomy":"category","embeddable":true,"href":"https:\/\/guialimeira.com.br\/news\/wp-json\/wp\/v2\/categories?post=7729"},{"taxonomy":"post_tag","embeddable":true,"href":"https:\/\/guialimeira.com.br\/news\/wp-json\/wp\/v2\/tags?post=7729"}],"curies":[{"name":"wp","href":"https:\/\/api.w.org\/{rel}","templated":true}]}}