{"id":7724,"date":"2024-06-06T11:16:42","date_gmt":"2024-06-06T14:16:42","guid":{"rendered":"https:\/\/guialimeira.com.br\/2024\/06\/06\/nac-realiza-mais-de-105-mil-atendimentos-em-12-meses\/"},"modified":"2024-06-06T11:16:42","modified_gmt":"2024-06-06T14:16:42","slug":"nac-realiza-mais-de-105-mil-atendimentos-em-12-meses","status":"publish","type":"post","link":"https:\/\/guialimeira.com.br\/news\/nac-realiza-mais-de-105-mil-atendimentos-em-12-meses\/","title":{"rendered":"NAC realiza mais de 105 mil\u00a0atendimentos em 12 meses"},"content":{"rendered":"<p> <br \/>\n<\/p>\n<div>\n            <main class=\"\">&#13;<br \/>\n                &#13;<br \/>\n&#13;<br \/>\n&#13;<br \/>\n&#13;<br \/>\n    <img data-recalc-dims=\"1\" decoding=\"async\" src=\"https:\/\/i0.wp.com\/ecrie.com.br\/sistema\/conteudos\/imagem\/m_137_0_1_06062024110013.png?w=696&#038;ssl=1\" alt=\"NAC realiza mais de 105 mil\u00a0atendimentos em 12 meses\"\/>&#13;<br \/>\n&#13;<\/p>\n<p>O N\u00facleo de Atendimento ao Cidad\u00e3o (NAC) registrou 105.319\u00a0atendimentos nos \u00faltimos 12 meses. O servi\u00e7o mais buscado pela popula\u00e7\u00e3o foi o Cadastro \u00danico, que recebeu 41.566 pessoas. Em seguida, est\u00e3o os Cart\u00f3rios Eleitorais\u00a0(Zona 66\u00aa e Zona 399\u00aa) e o Centro Judici\u00e1rio de Solu\u00e7\u00e3o de Conflitos e Cidadania\u00a0(Cejusc), respectivamente, com 14.645 e 10.316 atendimentos.<\/p>\n<p>&#13;<\/p>\n<p>Localizado na Av.\u00a0Dr. Lauro Corr\u00eaa da Silva, 3.800, o espa\u00e7o foi inaugurado pela gest\u00e3o do prefeito Mario Botion em agosto de 2022. Atualmente, abriga o Ceprosom, reparti\u00e7\u00f5es p\u00fablicas\u00a0das tr\u00eas esferas de poder e amplo estacionamento, al\u00e9m de estar no itiner\u00e1rio das linhas de \u00f4nibus\u00a011, 13 e 114.\u00a0\u201cA estrutura do NAC permitiu a reuni\u00e3o de servi\u00e7os p\u00fablicos essenciais em um \u00fanico espa\u00e7o, facilitando a vida da popula\u00e7\u00e3o\u201d, afirmou a presidente do Ceprosom, Maria Auc\u00e9lia Damaceno.<\/p>\n<p>&#13;<\/p>\n<p><strong>Confira o balan\u00e7o <\/strong><strong>completo <\/strong><strong>de atendimentos:<\/strong><\/p>\n<p>&#13;<\/p>\n<p>&#8211; Cadastro \u00danico: 41.566<br \/>&#8211; Cart\u00f3rios Eleitorais: 14.645<\/p>\n<p>&#13;<\/p>\n<p>&#8211; Cejusc: 10.316<\/p>\n<p>&#13;<\/p>\n<p>&#8211; N\u00facleo de Inclus\u00e3o Socioprodutiva\u00a0(Nisp): 8.616<br \/>&#8211; Vigil\u00e2ncia Sanit\u00e1ria: 7.501<\/p>\n<p>&#13;<\/p>\n<p>&#8211; Ceprosom: 6.403<br \/>&#8211; Junta Militar: 5.096<br \/>&#8211; Procon: 4.826<br \/>&#8211; Conselho Tutelar 2: 2.405<br \/>&#8211; Creas: 1.729<br \/>&#8211; Casa dos Conselhos: 989<br \/>&#8211; Centro Educacional Jo\u00e3o Fischer Sobrinho (\u00c1rea Auditiva):\u00a0698<br \/>&#8211; Necrim (N\u00facleo Especial Criminal): 529<\/p>\n<p>&#13;<\/p>\n<p>\u00a0<\/p>\n<p>&#13;<\/p>\n<p>\u00a0<\/p>\n<p>&#13;<br \/>\n&#13;<br \/>\n&#13;<br \/>\n&#13;<\/p>\n<aside class=\"list-related no-print\">&#13;<br \/>\n        &#13;<br \/>\n&#13;<\/p>\n<article class=\"list-item noticias \">&#13;<br \/>\n                    <a class=\"list-item__img\" href=\"https:\/\/limeira.sp.gov.br\/imprensa\/noticias\/ceprosom\/confira-os-servicos-municipais-no-feriado-de-corpuschristi\" tabindex=\"-1\" aria-hidden=\"true\" rel=\"noopener\">&#13;<br \/>\n                        <img data-recalc-dims=\"1\" decoding=\"async\" src=\"https:\/\/i0.wp.com\/ecrie.com.br\/sistema\/conteudos\/imagem\/m_137_0_1_27052024143547.jpg?w=696&#038;ssl=1\" alt=\"Confira os servi\u00e7os municipais no feriado de Corpus\u00a0Christi\"\/>&#13;<br \/>\n                    <\/a>&#13;<br \/>\n&#13;<br \/>\n                &#13;<br \/>\n            <\/article>\n<p>&#13;<\/p>\n<article class=\"list-item noticias \">&#13;<br \/>\n                    <a class=\"list-item__img\" href=\"https:\/\/limeira.sp.gov.br\/imprensa\/noticias\/ceprosom\/fundo-social-envia-nova-remessa-de-doacoes-para-o-rio-grande-do-sul\" tabindex=\"-1\" aria-hidden=\"true\" rel=\"noopener\">&#13;<br \/>\n                        <img data-recalc-dims=\"1\" decoding=\"async\" src=\"https:\/\/i0.wp.com\/ecrie.com.br\/sistema\/conteudos\/imagem\/m_137_0_1_20052024173803.jpg?w=696&#038;ssl=1\" alt=\"Fundo Social envia nova remessa de doa\u00e7\u00f5es para o Rio Grande do Sul\"\/>&#13;<br \/>\n                    <\/a>&#13;<br \/>\n&#13;<br \/>\n                &#13;<br \/>\n            <\/article>\n<p>&#13;<\/p>\n<article class=\"list-item noticias \">&#13;<br \/>\n                    <a class=\"list-item__img\" href=\"https:\/\/limeira.sp.gov.br\/imprensa\/noticias\/ceprosom\/vice-prefeita-participa-de-acao-que-sensibiliza-sobre-combate-a-abuso-de-criancas-e-adolescentes\" tabindex=\"-1\" aria-hidden=\"true\" rel=\"noopener\">&#13;<br \/>\n                        <img data-recalc-dims=\"1\" decoding=\"async\" src=\"https:\/\/i0.wp.com\/ecrie.com.br\/sistema\/conteudos\/imagem\/m_137_1_1_17052024174333.jpg?w=696&#038;ssl=1\" alt=\"Vice-prefeita participa de a\u00e7\u00e3o que sensibiliza sobre combate a abuso de crian\u00e7as e adolescentes\"\/>&#13;<br \/>\n                    <\/a>&#13;<br \/>\n&#13;<br \/>\n                &#13;<br \/>\n            <\/article>\n<p>&#13;<br \/>\n    <\/aside>\n<p>&#13;<br \/>\n&#13;<br \/>\n            <\/main><\/p><\/div>\n<p><br \/>\n<br \/><a href=\"https:\/\/limeira.sp.gov.br\/nac-realiza-mais-de-105-milatendimentos-em-12-meses\" rel=\"noopener\">Informa\u00e7\u00f5es da PML <\/a><\/p>\n","protected":false},"excerpt":{"rendered":"<p>&#13; &#13; &#13; &#13; &#13; &#13; &#13; O N\u00facleo de Atendimento ao Cidad\u00e3o (NAC) registrou 105.319\u00a0atendimentos nos \u00faltimos 12 meses. O servi\u00e7o mais buscado pela popula\u00e7\u00e3o foi o Cadastro \u00danico, que recebeu 41.566 pessoas. Em seguida, est\u00e3o os Cart\u00f3rios Eleitorais\u00a0(Zona 66\u00aa e Zona 399\u00aa) e o Centro Judici\u00e1rio de Solu\u00e7\u00e3o de Conflitos e Cidadania\u00a0(Cejusc), respectivamente, [&hellip;]<\/p>\n","protected":false},"author":1,"featured_media":7725,"comment_status":"open","ping_status":"open","sticky":false,"template":"","format":"standard","meta":{"_jetpack_newsletter_access":"","_jetpack_dont_email_post_to_subs":false,"_jetpack_newsletter_tier_id":0,"_jetpack_memberships_contains_paywalled_content":false,"_mbp_banners":[],"_jetpack_feature_clip_id":0,"_jetpack_memberships_contains_paid_content":false,"footnotes":"","jetpack_publicize_message":"","jetpack_publicize_feature_enabled":true,"jetpack_social_post_already_shared":true,"jetpack_social_options":{"image_generator_settings":{"template":"highway","default_image_id":0,"font":"","enabled":false},"version":2},"jetpack_post_was_ever_published":false},"categories":[16],"tags":[],"class_list":["post-7724","post","type-post","status-publish","format-standard","has-post-thumbnail","category-local"],"jetpack_publicize_connections":[],"jetpack-related-posts":[],"jetpack_shortlink":"https:\/\/wp.me\/p7Eq1F-20A","jetpack_sharing_enabled":true,"jetpack_featured_media_url":"https:\/\/i0.wp.com\/guialimeira.com.br\/news\/wp-content\/uploads\/2024\/06\/m_137_0_1_06062024110013.png?fit=1280%2C852&ssl=1","_links":{"self":[{"href":"https:\/\/guialimeira.com.br\/news\/wp-json\/wp\/v2\/posts\/7724","targetHints":{"allow":["GET"]}}],"collection":[{"href":"https:\/\/guialimeira.com.br\/news\/wp-json\/wp\/v2\/posts"}],"about":[{"href":"https:\/\/guialimeira.com.br\/news\/wp-json\/wp\/v2\/types\/post"}],"author":[{"embeddable":true,"href":"https:\/\/guialimeira.com.br\/news\/wp-json\/wp\/v2\/users\/1"}],"replies":[{"embeddable":true,"href":"https:\/\/guialimeira.com.br\/news\/wp-json\/wp\/v2\/comments?post=7724"}],"version-history":[{"count":0,"href":"https:\/\/guialimeira.com.br\/news\/wp-json\/wp\/v2\/posts\/7724\/revisions"}],"wp:featuredmedia":[{"embeddable":true,"href":"https:\/\/guialimeira.com.br\/news\/wp-json\/wp\/v2\/media\/7725"}],"wp:attachment":[{"href":"https:\/\/guialimeira.com.br\/news\/wp-json\/wp\/v2\/media?parent=7724"}],"wp:term":[{"taxonomy":"category","embeddable":true,"href":"https:\/\/guialimeira.com.br\/news\/wp-json\/wp\/v2\/categories?post=7724"},{"taxonomy":"post_tag","embeddable":true,"href":"https:\/\/guialimeira.com.br\/news\/wp-json\/wp\/v2\/tags?post=7724"}],"curies":[{"name":"wp","href":"https:\/\/api.w.org\/{rel}","templated":true}]}}