{"id":7713,"date":"2024-06-06T09:45:43","date_gmt":"2024-06-06T12:45:43","guid":{"rendered":"https:\/\/guialimeira.com.br\/2024\/06\/06\/comissao-debate-projeto-que-institui-diretrizes-de-educacao-especial-para-a-pessoa-com-tea\/"},"modified":"2024-06-06T09:45:43","modified_gmt":"2024-06-06T12:45:43","slug":"comissao-debate-projeto-que-institui-diretrizes-de-educacao-especial-para-a-pessoa-com-tea","status":"publish","type":"post","link":"https:\/\/guialimeira.com.br\/news\/comissao-debate-projeto-que-institui-diretrizes-de-educacao-especial-para-a-pessoa-com-tea\/","title":{"rendered":"Comiss\u00e3o debate projeto que institui diretrizes de educa\u00e7\u00e3o especial para a pessoa com TEA"},"content":{"rendered":"<p> <br \/>\n<\/p>\n<div>\n<p>Com o objetivo de discutir as altera\u00e7\u00f5es propostas ao <a href=\"http:\/\/consulta.limeira.sp.leg.br\/Documentos\/Documento\/313924\" rel=\"noopener\">Projeto de Lei (PL) N\u00ba 71\/2023<\/a>, que institui diretrizes municipais de educa\u00e7\u00e3o especial para a pessoa com\u00a0 Transtorno do Espectro Autista (TEA), a Comiss\u00e3o de Educa\u00e7\u00e3o e Cultura da C\u00e2mara se reuniu com representantes de entidades de apoio \u00e0s pessoas com TEA, da Secretaria de Educa\u00e7\u00e3o e de conselhos municipais ligados \u00e0 educa\u00e7\u00e3o e a crian\u00e7as e adolescentes nesta quarta-feira, 5 de junho.\u00a0<\/p>\n<p>Participaram da reuni\u00e3o os membros da Comiss\u00e3o, vereadores Elias Barbosa (PRTB), presidente; Jos\u00e9 Farid Zaine (PL), vice-presidente; e Waguinho da Santa Luzia (PP), secret\u00e1rio; os representantes da Secretaria de Educa\u00e7\u00e3o, o secret\u00e1rio Andr\u00e9 Luis De Francesco, a diretora do Departamento Pedag\u00f3gico, Adriana Dibbern, e a agente de Desenvolvimento Educacional (ADE), Lucia Helena Ribeiro; o\u00a0 vice-presidente da Comiss\u00e3o das Pessoas com Defici\u00eancia Aparente e N\u00e3o Aparente da Ordem dos Advogados do Brasil (OAB) Limeira, Willian Chaves; o presidente do Conselho Municipal dos Direitos das Pessoas com Defici\u00eancia (CMDPD), Douglas Aparecido Ant\u00f4nio, o\u00a0 Robinho; e os representantes da Associa\u00e7\u00e3o Inclus\u00e3o J\u00e1, o presidente Jos\u00e9 Milton Rodrigues de Melo, Poliana Ribeiro e Isabel Cristina Lopes.\u00a0<\/p>\n<p>O projeto, de autoria da Frente Parlamentar em Defesa dos Direitos da Pessoa com Defici\u00eancia e Doen\u00e7as Raras da C\u00e2mara, foi protocolado em 22 de maio de 2023, tramitou pelas comiss\u00f5es permanentes da Casa e estava pronto para ir \u00e0 vota\u00e7\u00e3o, no entanto, em uma reuni\u00e3o com o secret\u00e1rio de Educa\u00e7\u00e3o e representantes da pasta, no <a href=\"https:\/\/www.limeira.sp.leg.br\/noticias\/view\/2023-11-30_comissao-de-educacao-secretario-municipal-presta-esclarecimentos-sobre-acoes-da-pasta\" rel=\"noopener\">dia 29 de novembro<\/a>, foi acordado que os profissionais da Secretaria de Educa\u00e7\u00e3o fariam um estudo sobre o PL e apresentariam uma minuta com sugest\u00f5es de adequa\u00e7\u00f5es. A minuta foi recebida pelo colegiado no <a href=\"https:\/\/www.limeira.sp.leg.br\/noticias\/view\/2024-05-15_comissao-vai-debater-projeto-que-institui-diretrizes-de-educacao-especial-para-a-pessoa-com-tea\" rel=\"noopener\">dia 15 de maio<\/a>.<\/p>\n<p><strong>Debate<\/strong><\/p>\n<p>Durante a reuni\u00e3o, os representantes da Secretaria de Educa\u00e7\u00e3o especificaram os pontos da proposta que, se n\u00e3o fossem alterados, interfeririam na autonomia do sistema de ensino, que j\u00e1 tem um protocolo de atendimento para alunos com TEA. Os pontos divergentes s\u00e3o a determina\u00e7\u00e3o do tipo de profissional que faz o apoio ao estudante, a forma\u00e7\u00e3o desses profissionais e alguns detalhamentos que foram apresentados, que confrontam com os protocolos adotados pela Pasta.<\/p>\n<p>Foi sugerida ent\u00e3o a supress\u00e3o de sete artigos e a adequa\u00e7\u00e3o de outros para que estejam de acordo com as diretrizes aprovadas pelo Conselho de Educa\u00e7\u00e3o, que estruturam como \u00e9 o atendimento das crian\u00e7as com necessidades especiais em Limeira. Todas as sugest\u00f5es de altera\u00e7\u00e3o foram aceitas pelos participantes da reuni\u00e3o.<\/p>\n<p>O presidente da Comiss\u00e3o agradeceu a colabora\u00e7\u00e3o dos presentes. \u201cConseguimos chegar num consenso que atende a todos. Era esse o objetivo da reuni\u00e3o, sa\u00edmos daqui com uma proposta de substitutivo para o projeto\u201d, concluiu Elias. O vereador Waguinho refor\u00e7ou a import\u00e2ncia do trabalho em conjunto e destacou o papel da Frente Parlamentar na elabora\u00e7\u00e3o do projeto original que culminou na proposta que melhorar\u00e1 o atendimento das crian\u00e7as com TEA no munic\u00edpio.<\/p>\n<p><strong>A Comiss\u00e3o<\/strong><\/p>\n<p>A Comiss\u00e3o de Educa\u00e7\u00e3o e Cultura \u00e9 respons\u00e1vel por apreciar proposi\u00e7\u00f5es legislativas relativas \u00e0 educa\u00e7\u00e3o, ao ensino, aos conv\u00eanios escolares, \u00e0s artes, ao patrim\u00f4nio hist\u00f3rico, \u00e0 comunica\u00e7\u00e3o e \u00e0 ci\u00eancia e tecnologia, bem como fiscalizar a\u00e7\u00f5es nas \u00e1reas de educa\u00e7\u00e3o e cultura do munic\u00edpio.\u00a0<\/p>\n<p>Fazem parte do colegiado os vereadores Elias Barbosa (PRTB), presidente; Jos\u00e9 Farid Zaine (PL), vice-presidente; e Waguinho da Santa Luzia (PP), secret\u00e1rio. Todas as delibera\u00e7\u00f5es s\u00e3o registradas em <a href=\"http:\/\/consulta.limeira.sp.leg.br\/arquivo?Id=447819\" rel=\"noopener\">ata<\/a>.\u00a0<\/p>\n<\/p><\/div>\n<p><br \/>\n<br \/><a href=\"https:\/\/www.limeira.sp.leg.br\/noticias\/view\/2024-06-06_comissao-debate-projeto-que-institui-diretrizes-de-educacao-especial-para-a-pessoa-com-tea\" rel=\"noopener\">Informa\u00e7\u00f5es CML<\/a><\/p>\n","protected":false},"excerpt":{"rendered":"<p>Com o objetivo de discutir as altera\u00e7\u00f5es propostas ao Projeto de Lei (PL) N\u00ba 71\/2023, que institui diretrizes municipais de educa\u00e7\u00e3o especial para a pessoa com\u00a0 Transtorno do Espectro Autista (TEA), a Comiss\u00e3o de Educa\u00e7\u00e3o e Cultura da C\u00e2mara se reuniu com representantes de entidades de apoio \u00e0s pessoas com TEA, da Secretaria de Educa\u00e7\u00e3o [&hellip;]<\/p>\n","protected":false},"author":1,"featured_media":0,"comment_status":"open","ping_status":"open","sticky":false,"template":"","format":"standard","meta":{"_jetpack_newsletter_access":"","_jetpack_dont_email_post_to_subs":false,"_jetpack_newsletter_tier_id":0,"_jetpack_memberships_contains_paywalled_content":false,"_mbp_banners":[],"_jetpack_feature_clip_id":0,"_jetpack_memberships_contains_paid_content":false,"footnotes":"","jetpack_publicize_message":"","jetpack_publicize_feature_enabled":true,"jetpack_social_post_already_shared":true,"jetpack_social_options":{"image_generator_settings":{"template":"highway","default_image_id":0,"font":"","enabled":false},"version":2},"jetpack_post_was_ever_published":false},"categories":[19],"tags":[],"class_list":["post-7713","post","type-post","status-publish","format-standard","category-politica"],"jetpack_publicize_connections":[],"jetpack-related-posts":[],"jetpack_shortlink":"https:\/\/wp.me\/p7Eq1F-20p","jetpack_sharing_enabled":true,"jetpack_featured_media_url":"","_links":{"self":[{"href":"https:\/\/guialimeira.com.br\/news\/wp-json\/wp\/v2\/posts\/7713","targetHints":{"allow":["GET"]}}],"collection":[{"href":"https:\/\/guialimeira.com.br\/news\/wp-json\/wp\/v2\/posts"}],"about":[{"href":"https:\/\/guialimeira.com.br\/news\/wp-json\/wp\/v2\/types\/post"}],"author":[{"embeddable":true,"href":"https:\/\/guialimeira.com.br\/news\/wp-json\/wp\/v2\/users\/1"}],"replies":[{"embeddable":true,"href":"https:\/\/guialimeira.com.br\/news\/wp-json\/wp\/v2\/comments?post=7713"}],"version-history":[{"count":0,"href":"https:\/\/guialimeira.com.br\/news\/wp-json\/wp\/v2\/posts\/7713\/revisions"}],"wp:attachment":[{"href":"https:\/\/guialimeira.com.br\/news\/wp-json\/wp\/v2\/media?parent=7713"}],"wp:term":[{"taxonomy":"category","embeddable":true,"href":"https:\/\/guialimeira.com.br\/news\/wp-json\/wp\/v2\/categories?post=7713"},{"taxonomy":"post_tag","embeddable":true,"href":"https:\/\/guialimeira.com.br\/news\/wp-json\/wp\/v2\/tags?post=7713"}],"curies":[{"name":"wp","href":"https:\/\/api.w.org\/{rel}","templated":true}]}}