{"id":7704,"date":"2024-06-06T08:05:47","date_gmt":"2024-06-06T11:05:47","guid":{"rendered":"https:\/\/guialimeira.com.br\/2024\/06\/06\/provao-paulista-aumenta-numero-de-alunos-ppi-e-de-baixa-renda-na-usp\/"},"modified":"2024-06-06T08:05:47","modified_gmt":"2024-06-06T11:05:47","slug":"provao-paulista-aumenta-numero-de-alunos-ppi-e-de-baixa-renda-na-usp","status":"publish","type":"post","link":"https:\/\/guialimeira.com.br\/news\/provao-paulista-aumenta-numero-de-alunos-ppi-e-de-baixa-renda-na-usp\/","title":{"rendered":"Prov\u00e3o Paulista aumenta n\u00famero de alunos PPI e de baixa renda na USP"},"content":{"rendered":"<p> <br \/>\n<\/p>\n<div>\n<h2 class=\"elementor-heading-title elementor-size-default\">DataFEA<\/h2>\n<p>O DataFEA foi lan\u00e7ado em 2021 com o objetivo de conhecer o perfil de estudantes que ingressam na faculdade, uma das gradua\u00e7\u00f5es mais concorridas e tradicionais do vestibular da USP. A Universidade adotou o sistema de cotas sociais e raciais para os cursos de gradua\u00e7\u00e3o a partir de 2018, medida que tem levado a uma mudan\u00e7a no perfil discente de forma gradual.<\/p>\n<p>\u201cA ideia do DataFEA \u00e9 entender um pouco melhor o aluno, porque a gente acredita que, com a mudan\u00e7a do perfil dos ingressantes em fun\u00e7\u00e3o das iniciativas de inclus\u00e3o da Universidade, ficou mais dif\u00edcil compreender qual o impacto que essas a\u00e7\u00f5es das cotas sociais tiveram\u201d, explica o coordenador da pesquisa. \u201cEntendendo melhor o perfil do aluno, d\u00e1 para desenvolver a\u00e7\u00f5es aqui dentro da faculdade para acolher esses alunos\u201d, destaca.<\/p>\n<p>Nesta quarta edi\u00e7\u00e3o do DataFEA, foram abordadas quest\u00f5es como: quanto tempo o aluno demora para chegar \u00e0 faculdade; se ele tem dificuldades com a matem\u00e1tica ou outras disciplinas; o n\u00edvel educacional dos pais, a classe social da fam\u00edlia, o mecanismo de entrada na faculdade; al\u00e9m de dados pessoais, como a idade m\u00e9dia dos calouros, cor e ra\u00e7a, orienta\u00e7\u00e3o sexual etc.<\/p>\n<p>Uma das quest\u00f5es levantadas \u00e9 se o calouro conseguiu ingressar no curso desejado inicialmente. De acordo com os organizadores da pesquisa, a resposta pode expor a inten\u00e7\u00e3o do aluno continuar ou n\u00e3o no curso. Neste ano, 57% dos respondentes da pesquisa afirmaram que entraram na FEA como 1\u00aa op\u00e7\u00e3o. Outros 29% disseram que n\u00e3o conseguiram entrar na 1\u00aa op\u00e7\u00e3o de curso, mas tentariam cursar a outra op\u00e7\u00e3o escolhida. J\u00e1 11% dos matriculados declararam que n\u00e3o pretendiam continuar, e que estavam analisando outras possibilidades.<\/p>\n<p>A pesquisa revelou, tamb\u00e9m, que Economia continua sendo o curso com o maior n\u00edvel de sucesso entre as op\u00e7\u00f5es de ingresso: 85% dos alunos matriculados em Economia queriam realmente entrar em Economia. J\u00e1 50% dos alunos da Administra\u00e7\u00e3o optaram por esse curso em 1\u00ba lugar; 48% dos alunos de Atu\u00e1ria desejavam essa op\u00e7\u00e3o desde o in\u00edcio; e 37% dos matriculados em Contabilidade queriam esse curso como 1\u00aa op\u00e7\u00e3o.<\/p>\n<figure id=\"attachment_5896341\" style=\"width: 100%;max-width: 859px\" class=\"wp-caption alignnone\"><img data-recalc-dims=\"1\" decoding=\"async\" loading=\"lazy\" class=\"wp-image-5896341 size-full\" src=\"https:\/\/i0.wp.com\/www.saopaulo.sp.gov.br\/wp-content\/uploads\/2024\/06\/Captura-de-tela-2024-06-04-152510.png?resize=696%2C437&#038;ssl=1\" alt=\"\" width=\"696\" height=\"437\" srcset=\"https:\/\/www.saopaulo.sp.gov.br\/wp-content\/uploads\/2024\/06\/Captura-de-tela-2024-06-04-152510.png 859w, https:\/\/www.saopaulo.sp.gov.br\/wp-content\/uploads\/2024\/06\/Captura-de-tela-2024-06-04-152510-300x188.png 300w, https:\/\/www.saopaulo.sp.gov.br\/wp-content\/uploads\/2024\/06\/Captura-de-tela-2024-06-04-152510-768x482.png 768w\" sizes=\"auto, (max-width: 859px) 100vw, 859px\"\/><figcaption class=\"wp-caption-text\">Dados detalhando a escola em que os ingressantes cursaram o ensino m\u00e9dio<\/figcaption><\/figure>\n<h2 class=\"elementor-heading-title elementor-size-default\">Classe social, ra\u00e7a e g\u00eanero<\/h2>\n<p>A idade m\u00e9dia dos ingressantes da FEA \u00e9 de 21,3 anos. Neste ano, houve ainda o ingresso de 44 pessoas menores de idade. A maioria dos ingressantes (59,9%) afirmou ser da cor branca; 32% declararam ser do grupo PPI, sendo 25,1% de pardos e 6,9% de pretos; al\u00e9m de 6,2% amarelos.<\/p>\n<p>Do total de ingressantes em 2024 na FEA, 27,25% pertencem \u00e0 Classe A; 17,03% pertencem \u00e0 Classe B1; 24,05% pertencem \u00e0 Classe B2; 17,84% pertencem \u00e0 Classe C1; 11,42% pertencem \u00e0 Classe C2; e 2,40% pertencem \u00e0 Classe D-E. Um dos destaques da pesquisa \u00e9 que dos 77 ingressantes via Prov\u00e3o Paulista, 68% eram das classes C+D+E. J\u00e1 dos 66 ingressantes via Enem-USP, 34% eram das classes C+D+E. E dos 377 ingressantes via Fuvest, 24% pertencem \u00e0s classes C+D+E.<\/p>\n<p>A pesquisa em rela\u00e7\u00e3o \u00e0 classe social dos novos alunos foi feita baseada nos par\u00e2metros adotados pelo Crit\u00e9rio Brasil de Classifica\u00e7\u00e3o Econ\u00f4mica. De acordo com a Associa\u00e7\u00e3o Brasileira de Empresas de Pesquisa (Abep), essa classifica\u00e7\u00e3o \u00e9 feita com base na posse de bens e n\u00e3o na renda familiar. Para cada bem possu\u00eddo, h\u00e1 uma pontua\u00e7\u00e3o e cada classe \u00e9 definida pela soma dessa pontua\u00e7\u00e3o.<\/p>\n<p>Em rela\u00e7\u00e3o ao tipo de escola em que cursaram o Ensino M\u00e9dio, 43,8% dos respondentes afirmaram terem estudado em escola particular, sendo 42,1% em escola p\u00fablica e 10,9% em escola t\u00e9cnica e instituto federal. Os demais estudaram no exterior, com bolsa ou em funda\u00e7\u00f5es como Sesi e Senai.<\/p>\n<p>O DataFEA tamb\u00e9m perguntou sobre o n\u00edvel educacional dos pais: 56% das m\u00e3es possuem n\u00edvel superior, enquanto 51% dos pais terminaram a gradua\u00e7\u00e3o. Do total de respondentes, 11% disseram que nem o pai nem a m\u00e3e cursaram o ensino superior.<\/p>\n<p>Sobre o n\u00edvel de conhecimento que tinham quando ingressaram na FEA, 6,2% revelaram que tinham baixo ou muito baixo conhecimento em matem\u00e1tica; 6,2% em gram\u00e1tica; 4,5% em reda\u00e7\u00e3o e 15,3% em ingl\u00eas.<\/p>\n<p><strong>LEIA TAMB\u00c9M: <\/strong><a class=\"row-title\" href=\"https:\/\/www.saopaulo.sp.gov.br\/wp-admin\/post.php?post=5886489&amp;action=edit\" aria-label=\"\u201cUSP: seguran\u00e7a nutricional e sistemas alimentares s\u00e3o fundamentais para sa\u00fade paulista\u201d (Editar)\" rel=\"noopener\">USP: seguran\u00e7a nutricional e sistemas alimentares s\u00e3o fundamentais para sa\u00fade paulista<\/a><\/p>\n<p>Segundo o coordenador da pesquisa, a Pr\u00f3-Reitoria de Gradua\u00e7\u00e3o disponibilizou bolsas para a remunera\u00e7\u00e3o de monitores na FEA darem aulas de refor\u00e7o aos alunos que manifestam dificuldades em certas disciplinas. A faculdade iniciou em maio uma disciplina optativa chamada Fundamentos de Matem\u00e1tica Elementar, da Pr\u00f3-Reitoria de Gradua\u00e7\u00e3o da USP, para auxiliar estudantes na disciplina.<\/p>\n<p>Do total de matriculados na FEA, 85,6% j\u00e1 moravam no Estado de S\u00e3o Paulo. Mas cerca de 71 alunos (13,3%) enfrentaram o desafio da mudan\u00e7a de Estado: 11 (MG), 9 (RJ e BA), 6 (CE), 5 (GO), 4 (DF, PE, PR e RS), 3 (ES e MT), 2 (MS e SC), 1 (AC, AL, PB, RN e SE).<\/p>\n<p>Sobre o meio de transporte utilizado para chegar \u00e0 FEA, 82% afirmaram usar transporte p\u00fablico, 25% utilizam carro ou moto, 6% se deslocam de bicicleta, 14% a p\u00e9 e 11% de carona. Em rela\u00e7\u00e3o ao tempo que gastam para chegar \u00e0 faculdade, 42% afirmaram que levam mais do que 1 hora.<\/p>\n<p>Siga o canal \u201cGoverno de S\u00e3o Paulo\u201d no WhatsApp:<br \/><a href=\"https:\/\/bit.ly\/govspnozap\" target=\"_blank\" rel=\"noopener noreferrer\">https:\/\/bit.ly\/govspnozap<\/a><\/p>\n<\/div>\n<p><br \/>\n<br \/><a href=\"https:\/\/www.saopaulo.sp.gov.br\/spnoticias\/ultimas-noticias\/provao-paulista-aumenta-numero-de-alunos-pretos-pardos-indigenas-e-de-baixa-renda\/\" rel=\"noopener\">Informa\u00e7\u00f5es GOV.SP<\/a><\/p>\n","protected":false},"excerpt":{"rendered":"<p>DataFEA O DataFEA foi lan\u00e7ado em 2021 com o objetivo de conhecer o perfil de estudantes que ingressam na faculdade, uma das gradua\u00e7\u00f5es mais concorridas e tradicionais do vestibular da USP. A Universidade adotou o sistema de cotas sociais e raciais para os cursos de gradua\u00e7\u00e3o a partir de 2018, medida que tem levado a [&hellip;]<\/p>\n","protected":false},"author":1,"featured_media":7705,"comment_status":"open","ping_status":"open","sticky":false,"template":"","format":"standard","meta":{"_jetpack_newsletter_access":"","_jetpack_dont_email_post_to_subs":false,"_jetpack_newsletter_tier_id":0,"_jetpack_memberships_contains_paywalled_content":false,"_mbp_banners":[],"_jetpack_feature_clip_id":0,"_jetpack_memberships_contains_paid_content":false,"footnotes":"","jetpack_publicize_message":"","jetpack_publicize_feature_enabled":true,"jetpack_social_post_already_shared":true,"jetpack_social_options":{"image_generator_settings":{"template":"highway","default_image_id":0,"font":"","enabled":false},"version":2},"jetpack_post_was_ever_published":false},"categories":[21],"tags":[],"class_list":["post-7704","post","type-post","status-publish","format-standard","has-post-thumbnail","category-sp-news"],"jetpack_publicize_connections":[],"jetpack-related-posts":[],"jetpack_shortlink":"https:\/\/wp.me\/p7Eq1F-20g","jetpack_sharing_enabled":true,"jetpack_featured_media_url":"https:\/\/i0.wp.com\/guialimeira.com.br\/news\/wp-content\/uploads\/2024\/06\/Provao-Paulista-aumenta-numero-de-alunos-PPI-e-de-baixa.png?fit=859%2C539&ssl=1","_links":{"self":[{"href":"https:\/\/guialimeira.com.br\/news\/wp-json\/wp\/v2\/posts\/7704","targetHints":{"allow":["GET"]}}],"collection":[{"href":"https:\/\/guialimeira.com.br\/news\/wp-json\/wp\/v2\/posts"}],"about":[{"href":"https:\/\/guialimeira.com.br\/news\/wp-json\/wp\/v2\/types\/post"}],"author":[{"embeddable":true,"href":"https:\/\/guialimeira.com.br\/news\/wp-json\/wp\/v2\/users\/1"}],"replies":[{"embeddable":true,"href":"https:\/\/guialimeira.com.br\/news\/wp-json\/wp\/v2\/comments?post=7704"}],"version-history":[{"count":0,"href":"https:\/\/guialimeira.com.br\/news\/wp-json\/wp\/v2\/posts\/7704\/revisions"}],"wp:featuredmedia":[{"embeddable":true,"href":"https:\/\/guialimeira.com.br\/news\/wp-json\/wp\/v2\/media\/7705"}],"wp:attachment":[{"href":"https:\/\/guialimeira.com.br\/news\/wp-json\/wp\/v2\/media?parent=7704"}],"wp:term":[{"taxonomy":"category","embeddable":true,"href":"https:\/\/guialimeira.com.br\/news\/wp-json\/wp\/v2\/categories?post=7704"},{"taxonomy":"post_tag","embeddable":true,"href":"https:\/\/guialimeira.com.br\/news\/wp-json\/wp\/v2\/tags?post=7704"}],"curies":[{"name":"wp","href":"https:\/\/api.w.org\/{rel}","templated":true}]}}