{"id":7661,"date":"2024-06-05T21:49:42","date_gmt":"2024-06-06T00:49:42","guid":{"rendered":"https:\/\/guialimeira.com.br\/2024\/06\/05\/brasil-faz-acordo-com-china-que-pode-aumentar-exportacao-de-cafe\/"},"modified":"2024-06-05T21:49:42","modified_gmt":"2024-06-06T00:49:42","slug":"brasil-faz-acordo-com-china-que-pode-aumentar-exportacao-de-cafe","status":"publish","type":"post","link":"https:\/\/guialimeira.com.br\/news\/brasil-faz-acordo-com-china-que-pode-aumentar-exportacao-de-cafe\/","title":{"rendered":"Brasil faz acordo com China que pode aumentar exporta\u00e7\u00e3o de caf\u00e9"},"content":{"rendered":"<p> <br \/>\n<\/p>\n<div>\n<p>O vice-presidente da Rep\u00fablica e ministro do Desenvolvimento, Ind\u00fastria, Com\u00e9rcio e Servi\u00e7os (MDIC), Geraldo Alckmin, assinou nesta quarta-feira (5) acordo com a China que pode\u00a0aumentar a exporta\u00e7\u00e3o nacional de caf\u00e9 em US$ 500 milh\u00f5es.\u00a0<img data-recalc-dims=\"1\" decoding=\"async\" src=\"https:\/\/i0.wp.com\/agenciabrasil.ebc.com.br\/ebc.png?w=696&#038;ssl=1\" style=\"width:1px; height:1px; display:inline;\"\/><img data-recalc-dims=\"1\" decoding=\"async\" src=\"https:\/\/i0.wp.com\/agenciabrasil.ebc.com.br\/ebc.gif?w=696&#038;ssl=1\" style=\"width:1px; height:1px; display:inline;\"\/><\/p>\n<p>Alckmin, que est\u00e1 em visita ao pa\u00eds asi\u00e1tico, assinou memorandos de entendimento para a promo\u00e7\u00e3o do caf\u00e9 brasileiro na maior rede de cafeterias da China, a Luckin Coffee, que conta com mais de 16 mil lojas e \u00e9 a principal importadora do produto brasileiro no pa\u00eds.<\/p>\n<p>O acordo assinado prev\u00ea a compra de aproximadamente 120 mil toneladas de caf\u00e9 brasileiro pela rede, no valor de cerca de US$ 500 milh\u00f5es. Considerando todo o ano de 2023, as exporta\u00e7\u00f5es brasileiras de caf\u00e9 somaram US$ 280 milh\u00f5es.\u00a0<\/p>\n<p>\u201cEm 2022, o Brasil exportou US$ 80 milh\u00f5es em caf\u00e9 e, no ano passado, foram US$ 280 milh\u00f5es, praticamente quatro vezes mais que no ano anterior. Agora, s\u00f3 neste contrato com a Luckin Coffee, estamos falando de meio milh\u00e3o de d\u00f3lares, o que demonstra que o Brasil, maior produtor e exportador de caf\u00e9 do mundo, est\u00e1 abrindo mercados\u201d, afirmou o vice-presidente.<\/p>\n<p>Al\u00e9m do acordo com a Luckin Coffee, o Brasil firmou com a China a cria\u00e7\u00e3o de <em>hub<\/em> para fomento de com\u00e9rcio e investimentos no distrito de Yangpu, em Xangai, sede de empresas de tecnologia como o TikTok. Foram assinados, no total, 12 memorandos para a promo\u00e7\u00e3o brasileira no pa\u00eds asi\u00e1tico. As iniciativas foram feitas por interm\u00e9dio da Ag\u00eancia Brasileira de Promo\u00e7\u00e3o \u00e0 Exporta\u00e7\u00e3o (ApexBrasil).<\/p>\n<h2>Parceria com Fiocruz<\/h2>\n<p>A farmac\u00eautica chinesa Sinovac, desenvolvedora da vacina Coronavac, divulgou, durante a visita de Alckmin ao pa\u00eds asi\u00e1tico, que ir\u00e1 investir US$ 100 milh\u00f5es no Brasil no desenvolvimento de terapia celular e produ\u00e7\u00e3o local de vacinas e anticorpos monoclonais \u2013 medicamentos feitos a partir de tecnologia gen\u00e9tica que tratam doen\u00e7as infecciosas.\u00a0<\/p>\n<p>A farmac\u00eautica chinesa anunciou ainda que firmou, com a Funda\u00e7\u00e3o Oswaldo Cruz (Fiocruz), a inten\u00e7\u00e3o de cooperar na pesquisa e desenvolvimento de vacinas para o combate a crises sanit\u00e1rias.<\/p>\n<p>\u201cEu tomei Coronavac\u201d, afirmou o vice-presidente, citando o imunizante contra a covid-19 que ajudou a salvar milhares de brasileiros. \u201cA ci\u00eancia ajuda o mundo e temos que avan\u00e7ar ainda mais, temos que trabalhar juntos, por isso sa\u00fado a disposi\u00e7\u00e3o da Sinovac de investir no Brasil.\u201d<\/p>\n<\/p><\/div>\n<p><br \/>\n<br \/><a href=\"https:\/\/agenciabrasil.ebc.com.br\/economia\/noticia\/2024-06\/brasil-faz-acordo-com-china-que-pode-aumentar-exportacao-de-cafe\" rel=\"noopener\">Ag\u00eancia Brasil<\/a><\/p>\n","protected":false},"excerpt":{"rendered":"<p>O vice-presidente da Rep\u00fablica e ministro do Desenvolvimento, Ind\u00fastria, Com\u00e9rcio e Servi\u00e7os (MDIC), Geraldo Alckmin, assinou nesta quarta-feira (5) acordo com a China que pode\u00a0aumentar a exporta\u00e7\u00e3o nacional de caf\u00e9 em US$ 500 milh\u00f5es.\u00a0 Alckmin, que est\u00e1 em visita ao pa\u00eds asi\u00e1tico, assinou memorandos de entendimento para a promo\u00e7\u00e3o do caf\u00e9 brasileiro na maior rede [&hellip;]<\/p>\n","protected":false},"author":1,"featured_media":7662,"comment_status":"open","ping_status":"open","sticky":false,"template":"","format":"standard","meta":{"_jetpack_newsletter_access":"","_jetpack_dont_email_post_to_subs":false,"_jetpack_newsletter_tier_id":0,"_jetpack_memberships_contains_paywalled_content":false,"_mbp_banners":[],"_jetpack_feature_clip_id":0,"_jetpack_memberships_contains_paid_content":false,"footnotes":"","jetpack_publicize_message":"","jetpack_publicize_feature_enabled":true,"jetpack_social_post_already_shared":true,"jetpack_social_options":{"image_generator_settings":{"template":"highway","default_image_id":0,"font":"","enabled":false},"version":2},"jetpack_post_was_ever_published":false},"categories":[24],"tags":[],"class_list":["post-7661","post","type-post","status-publish","format-standard","has-post-thumbnail","category-economia"],"jetpack_publicize_connections":[],"jetpack-related-posts":[],"jetpack_shortlink":"https:\/\/wp.me\/p7Eq1F-1Zz","jetpack_sharing_enabled":true,"jetpack_featured_media_url":"https:\/\/i0.wp.com\/guialimeira.com.br\/news\/wp-content\/uploads\/2024\/06\/mcsp0006.jpg?fit=1600%2C800&ssl=1","_links":{"self":[{"href":"https:\/\/guialimeira.com.br\/news\/wp-json\/wp\/v2\/posts\/7661","targetHints":{"allow":["GET"]}}],"collection":[{"href":"https:\/\/guialimeira.com.br\/news\/wp-json\/wp\/v2\/posts"}],"about":[{"href":"https:\/\/guialimeira.com.br\/news\/wp-json\/wp\/v2\/types\/post"}],"author":[{"embeddable":true,"href":"https:\/\/guialimeira.com.br\/news\/wp-json\/wp\/v2\/users\/1"}],"replies":[{"embeddable":true,"href":"https:\/\/guialimeira.com.br\/news\/wp-json\/wp\/v2\/comments?post=7661"}],"version-history":[{"count":0,"href":"https:\/\/guialimeira.com.br\/news\/wp-json\/wp\/v2\/posts\/7661\/revisions"}],"wp:featuredmedia":[{"embeddable":true,"href":"https:\/\/guialimeira.com.br\/news\/wp-json\/wp\/v2\/media\/7662"}],"wp:attachment":[{"href":"https:\/\/guialimeira.com.br\/news\/wp-json\/wp\/v2\/media?parent=7661"}],"wp:term":[{"taxonomy":"category","embeddable":true,"href":"https:\/\/guialimeira.com.br\/news\/wp-json\/wp\/v2\/categories?post=7661"},{"taxonomy":"post_tag","embeddable":true,"href":"https:\/\/guialimeira.com.br\/news\/wp-json\/wp\/v2\/tags?post=7661"}],"curies":[{"name":"wp","href":"https:\/\/api.w.org\/{rel}","templated":true}]}}