{"id":7652,"date":"2024-06-05T20:54:50","date_gmt":"2024-06-05T23:54:50","guid":{"rendered":"https:\/\/guialimeira.com.br\/2024\/06\/05\/estudo-mostra-que-covid-19-leve-pode-desencadear-em-perdas-cognitivas\/"},"modified":"2024-06-05T20:54:50","modified_gmt":"2024-06-05T23:54:50","slug":"estudo-mostra-que-covid-19-leve-pode-desencadear-em-perdas-cognitivas","status":"publish","type":"post","link":"https:\/\/guialimeira.com.br\/news\/estudo-mostra-que-covid-19-leve-pode-desencadear-em-perdas-cognitivas\/","title":{"rendered":"Estudo mostra que Covid-19 leve pode desencadear em perdas cognitivas"},"content":{"rendered":"<p> <br \/>\n<\/p>\n<div id=\"\">&#13;<\/p>\n<figure id=\"attachment_5896266\" style=\"width: 100%;max-width: 1000px\" class=\"wp-caption alignnone\"><img data-recalc-dims=\"1\" decoding=\"async\" loading=\"lazy\" class=\"size-full wp-image-5896266\" src=\"https:\/\/i0.wp.com\/www.saopaulo.sp.gov.br\/wp-content\/uploads\/2024\/06\/51829.jpg?resize=696%2C464&#038;ssl=1\" alt=\"\" width=\"696\" height=\"464\" srcset=\"https:\/\/www.saopaulo.sp.gov.br\/wp-content\/uploads\/2024\/06\/51829.jpg 1000w, https:\/\/www.saopaulo.sp.gov.br\/wp-content\/uploads\/2024\/06\/51829-300x200.jpg 300w, https:\/\/www.saopaulo.sp.gov.br\/wp-content\/uploads\/2024\/06\/51829-768x512.jpg 768w\" sizes=\"auto, (max-width: 1000px) 100vw, 1000px\"\/><figcaption class=\"wp-caption-text\">No estudo feito na USP, dificuldades cognitivas foram observadas em 11,7% dos participantes que tiveram Covid-19 leve<\/figcaption><\/figure>\n<p>Perda de mem\u00f3ria e de aten\u00e7\u00e3o \u00e9 um fen\u00f4meno relatado com frequ\u00eancia por sobreviventes de Covid-19 grave. Contudo, esse tipo de sequela tamb\u00e9m foi observado em pessoas que tiveram a forma leve da doen\u00e7a mais de 18 meses ap\u00f3s a infec\u00e7\u00e3o, relatam pesquisadores da Universidade de S\u00e3o Paulo (USP) em estudo divulgado na revista BMC Psychology. Segundo os autores, a descoberta alerta para a necessidade de programas de reabilita\u00e7\u00e3o mais abrangentes, que levem em conta os impactos cognitivos da Covid longa.<\/p>\n<p>No estudo realizado com 302 indiv\u00edduos, dificuldades cognitivas estiveram presentes em 11,7% dos participantes que tiveram Covid-19 leve, em 39,2% dos que apresentaram quadros moderados e em 48,9% dos que sobreviveram \u00e0 forma grave.<\/p>\n<p>\u201cObservamos que, quanto maior a gravidade da doen\u00e7a, maior \u00e9 a intensidade dos preju\u00edzos relacionados com d\u00e9ficit de aten\u00e7\u00e3o, perda de mem\u00f3ria e diminui\u00e7\u00e3o de velocidade de processamento. Mesmo assim, n\u00e3o \u00e9 desprez\u00edvel o n\u00famero de pessoas \u2013 que chega a cem no nosso estudo \u2013 que apresentaram quadros leves e moderados da doen\u00e7a e est\u00e3o com as mesmas sequelas\u201d, conta Ant\u00f4nio de P\u00e1dua Serafim, pesquisador do Instituto de Psicologia (IP) da USP e primeiro autor do artigo.<\/p>\n<p><strong>LEIA TAMB\u00c9M:<\/strong>\u00a0<a href=\"https:\/\/www.saopaulo.sp.gov.br\/spnoticias\/ultimas-noticias\/maio-amarelo-2024-tem-recorde-em-fiscalizacoes-serie-de-eventos-e-novo-infosiga\/\" rel=\"noopener\">Estudo analisa efic\u00e1cia da quarta dose da vacina contra a Covid-19<\/a><\/p>\n<p>Os resultados da pesquisa, financiada pela Fapesp, evidenciam os potenciais impactos da neuroinflama\u00e7\u00e3o decorrente da infec\u00e7\u00e3o pelo SARS-CoV-2.<\/p>\n<p>\u201cSabe-se que perda de mem\u00f3ria e de aten\u00e7\u00e3o pode estar associada a agravos dos procedimentos anest\u00e9sicos e da pr\u00f3pria intuba\u00e7\u00e3o. Nesses casos, ocorre o que chamamos de s\u00edndrome p\u00f3s-tratamento intensivo. No entanto, neste estudo, temos pessoas que n\u00e3o precisaram de UTI ou que nem sequer tiveram sintomas suficientes para serem hospitalizadas e, mesmo assim, apresentam perdas de aten\u00e7\u00e3o e mem\u00f3ria. Os resultados, portanto, abrem os nossos olhos para a quest\u00e3o da neuroinflama\u00e7\u00e3o da Covid-19\u201d, diz Serafim.<\/p>\n<p>Aten\u00e7\u00e3o e mem\u00f3ria s\u00e3o duas fun\u00e7\u00f5es cognitivas importantes, que t\u00eam impacto na funcionalidade do dia a dia. Por isso, entre os participantes do estudo que n\u00e3o obtiveram boas pontua\u00e7\u00f5es nos testes de mem\u00f3ria e aten\u00e7\u00e3o, foram comuns relatos de problemas para lembrar palavras ou desempenhar atividades cotidianas, por exemplo, esquecer panelas no fogo ou deixar de pegar o filho na escola.<\/p>\n<p>\u201cPensando em uma hierarquia, a aten\u00e7\u00e3o seria a fun\u00e7\u00e3o prim\u00e1ria de toda a atividade mental, por isso o impacto t\u00e3o grande dessa sequela no cotidiano das pessoas. \u00c9 preciso ter uma qualidade atencional para conseguir pensar e agir em v\u00e1rias coisas ao mesmo tempo. O impacto na aten\u00e7\u00e3o tem repercuss\u00e3o na capacidade de mem\u00f3ria do indiv\u00edduo. Em alguns casos, a atividade atencional est\u00e1 t\u00e3o dispersa que cada novo est\u00edmulo [atividade que deve ser feita] se desvanece, a ponto de a pessoa n\u00e3o conseguir lembrar o que estava fazendo. Isso tamb\u00e9m afeta a velocidade de processamento, que envolve a tomada de decis\u00e3o r\u00e1pida com base em uma informa\u00e7\u00e3o\u201d, explica o pesquisador.<\/p>\n<h3><strong>Reabilita\u00e7\u00e3o cognitiva<\/strong><\/h3>\n<p>Segundo Serafim, j\u00e1 est\u00e1 claro que al\u00e9m de afetar pulm\u00f5es, rins, cora\u00e7\u00e3o e m\u00fasculos, o SARS-CoV-2 pode ter impacto no sistema nervoso central. A pergunta que permanece em aberto \u00e9 a extens\u00e3o do dano. \u201cAinda n\u00e3o sabemos se os preju\u00edzos cognitivos da Covid-19 s\u00e3o permanentes ou n\u00e3o. E estamos neste momento avaliando maneiras de intervir nesse processo\u201d, conta.<\/p>\n<p><strong>LEIA TAMB\u00c9M:<\/strong><a href=\"https:\/\/www.saopaulo.sp.gov.br\/spnoticias\/ultimas-noticias\/estudo-revela-que-nova-molecula-pode-ajudar-a-entender-a-biologia-do-cancer\/\" rel=\"noopener\"> Estudo revela que nova mol\u00e9cula pode ajudar a entender a biologia do c\u00e2ncer<\/a><\/p>\n<p>Em parceria com outros pesquisadores da USP, Serafim est\u00e1 desenvolvendo programas para tentar amenizar as perdas cognitivas ocasionadas pela Covid-19. A proposta \u00e9 verificar se t\u00e9cnicas conhecidas como neuroestimula\u00e7\u00e3o e neurofeedback poderiam atenuar ou reverter os problemas de aten\u00e7\u00e3o e mem\u00f3ria.<\/p>\n<p>\u201cAmbas as t\u00e9cnicas n\u00e3o invasivas t\u00eam o objetivo de melhorar o funcionamento cerebral por meio de neuromodula\u00e7\u00e3o, que pode estimular a maior conex\u00e3o entre os neur\u00f4nios do c\u00e9rebro [sinapse]. Por enquanto, temos apenas estudos de caso. Por exemplo, o de um m\u00e9dico que ficou 34 dias internado na UTI [unidade de terapia intensiva]. Realizamos um protocolo de neurofeedback, muito usado em pacientes com transtorno de d\u00e9ficit de aten\u00e7\u00e3o, e ele se recuperou muito bem. Mas \u00e9 um caso isolado\u201d, diz.<\/p>\n<p>\u201cAcredito que, com base no que j\u00e1 temos de conhecimento sobre t\u00e9cnicas de estimula\u00e7\u00e3o cognitiva, reabilita\u00e7\u00e3o cognitiva, seria poss\u00edvel obter uma melhora na conectividade neural por meio de treinos que estimulem a habilidade cognitiva. A fase grave da pandemia passou, mas as sequelas persistem. Portanto, n\u00e3o \u00e9 um caso encerrado. Foram muitas pessoas infectadas e muitas que est\u00e3o apresentando sequelas desse tipo. Por\u00e9m, ainda n\u00e3o temos um programa efetivo para intervir n\u00e3o s\u00f3 nos aspectos emocionais, mas tamb\u00e9m nas dificuldades cognitivas decorrentes da Covid-19\u201d, pondera.<\/p>\n<p>Siga o canal \u201cGoverno de S\u00e3o Paulo\u201d no WhatsApp:<br \/><a href=\"https:\/\/bit.ly\/govspnozap\" target=\"_blank\" rel=\"noopener noreferrer\">https:\/\/bit.ly\/govspnozap<\/a><\/p>\n<\/p><\/div>\n<p><br \/>\n<br \/><a href=\"https:\/\/www.saopaulo.sp.gov.br\/spnoticias\/ultimas-noticias\/estudo-mostra-que-covid-19-leve-pode-desencadear-perdas-cognitivas-no-longo-prazo\/\" rel=\"noopener\">Informa\u00e7\u00f5es GOV.SP<\/a><\/p>\n","protected":false},"excerpt":{"rendered":"<p>&#13; No estudo feito na USP, dificuldades cognitivas foram observadas em 11,7% dos participantes que tiveram Covid-19 leve Perda de mem\u00f3ria e de aten\u00e7\u00e3o \u00e9 um fen\u00f4meno relatado com frequ\u00eancia por sobreviventes de Covid-19 grave. Contudo, esse tipo de sequela tamb\u00e9m foi observado em pessoas que tiveram a forma leve da doen\u00e7a mais de 18 [&hellip;]<\/p>\n","protected":false},"author":1,"featured_media":7653,"comment_status":"open","ping_status":"open","sticky":false,"template":"","format":"standard","meta":{"_jetpack_newsletter_access":"","_jetpack_dont_email_post_to_subs":false,"_jetpack_newsletter_tier_id":0,"_jetpack_memberships_contains_paywalled_content":false,"_mbp_banners":[],"_jetpack_feature_clip_id":0,"_jetpack_memberships_contains_paid_content":false,"footnotes":"","jetpack_publicize_message":"","jetpack_publicize_feature_enabled":true,"jetpack_social_post_already_shared":true,"jetpack_social_options":{"image_generator_settings":{"template":"highway","default_image_id":0,"font":"","enabled":false},"version":2},"jetpack_post_was_ever_published":false},"categories":[21],"tags":[],"class_list":["post-7652","post","type-post","status-publish","format-standard","has-post-thumbnail","category-sp-news"],"jetpack_publicize_connections":[],"jetpack-related-posts":[],"jetpack_shortlink":"https:\/\/wp.me\/p7Eq1F-1Zq","jetpack_sharing_enabled":true,"jetpack_featured_media_url":"https:\/\/i0.wp.com\/guialimeira.com.br\/news\/wp-content\/uploads\/2024\/06\/Estudo-mostra-que-Covid-19-leve-pode-desencadear-em-perdas-cognitivas.jpg?fit=1000%2C667&ssl=1","_links":{"self":[{"href":"https:\/\/guialimeira.com.br\/news\/wp-json\/wp\/v2\/posts\/7652","targetHints":{"allow":["GET"]}}],"collection":[{"href":"https:\/\/guialimeira.com.br\/news\/wp-json\/wp\/v2\/posts"}],"about":[{"href":"https:\/\/guialimeira.com.br\/news\/wp-json\/wp\/v2\/types\/post"}],"author":[{"embeddable":true,"href":"https:\/\/guialimeira.com.br\/news\/wp-json\/wp\/v2\/users\/1"}],"replies":[{"embeddable":true,"href":"https:\/\/guialimeira.com.br\/news\/wp-json\/wp\/v2\/comments?post=7652"}],"version-history":[{"count":0,"href":"https:\/\/guialimeira.com.br\/news\/wp-json\/wp\/v2\/posts\/7652\/revisions"}],"wp:featuredmedia":[{"embeddable":true,"href":"https:\/\/guialimeira.com.br\/news\/wp-json\/wp\/v2\/media\/7653"}],"wp:attachment":[{"href":"https:\/\/guialimeira.com.br\/news\/wp-json\/wp\/v2\/media?parent=7652"}],"wp:term":[{"taxonomy":"category","embeddable":true,"href":"https:\/\/guialimeira.com.br\/news\/wp-json\/wp\/v2\/categories?post=7652"},{"taxonomy":"post_tag","embeddable":true,"href":"https:\/\/guialimeira.com.br\/news\/wp-json\/wp\/v2\/tags?post=7652"}],"curies":[{"name":"wp","href":"https:\/\/api.w.org\/{rel}","templated":true}]}}