{"id":7632,"date":"2024-06-05T18:52:53","date_gmt":"2024-06-05T21:52:53","guid":{"rendered":"https:\/\/guialimeira.com.br\/2024\/06\/05\/etecs-divulgam-locais-de-prova-aos-candidatos-do-vestibulinho\/"},"modified":"2024-06-05T18:52:53","modified_gmt":"2024-06-05T21:52:53","slug":"etecs-divulgam-locais-de-prova-aos-candidatos-do-vestibulinho","status":"publish","type":"post","link":"https:\/\/guialimeira.com.br\/news\/etecs-divulgam-locais-de-prova-aos-candidatos-do-vestibulinho\/","title":{"rendered":"Etecs divulgam locais de prova aos candidatos do Vestibulinho"},"content":{"rendered":"<p> <br \/>\n<\/p>\n<div id=\"\">&#13;<br \/>\n                                <!-- Title -->&#13;<br \/>\n                                &#13;<br \/>\n&#13;<br \/>\n                                <!-- Excerpt -->&#13;<\/p>\n<p class=\"excerpt\">Informa\u00e7\u00e3o pode ser consultada a partir das 15h; exame ser\u00e1 aplicado no pr\u00f3ximo domingo (9) em todas as regi\u00f5es do estado<\/p>\n<p>&#13;<br \/>\n&#13;<br \/>\n                                &#13;\n                            <\/p><\/div>\n<div id=\"\">&#13;<\/p>\n<figure id=\"attachment_5896805\" style=\"width: 100%;max-width: 1024px\" class=\"wp-caption alignnone\"><img data-recalc-dims=\"1\" decoding=\"async\" loading=\"lazy\" class=\"wp-image-5896805 size-large\" src=\"https:\/\/i0.wp.com\/www.saopaulo.sp.gov.br\/wp-content\/uploads\/2024\/06\/WhatsApp-Image-2024-06-05-at-12.08.36-1024x681.jpeg?resize=696%2C463&#038;ssl=1\" alt=\"\" width=\"696\" height=\"463\" srcset=\"https:\/\/www.saopaulo.sp.gov.br\/wp-content\/uploads\/2024\/06\/WhatsApp-Image-2024-06-05-at-12.08.36-1024x681.jpeg 1024w, https:\/\/www.saopaulo.sp.gov.br\/wp-content\/uploads\/2024\/06\/WhatsApp-Image-2024-06-05-at-12.08.36-300x199.jpeg 300w, https:\/\/www.saopaulo.sp.gov.br\/wp-content\/uploads\/2024\/06\/WhatsApp-Image-2024-06-05-at-12.08.36-768x511.jpeg 768w, https:\/\/www.saopaulo.sp.gov.br\/wp-content\/uploads\/2024\/06\/WhatsApp-Image-2024-06-05-at-12.08.36.jpeg 1280w\" sizes=\"auto, (max-width: 1024px) 100vw, 1024px\"\/><figcaption class=\"wp-caption-text\">\u00c9 recomend\u00e1vel que o candidato chegue ao local com uma hora de anteced\u00eancia, para localizar sala e carteira<\/figcaption><\/figure>\n<p>A partir das 15h desta quinta-feira (5), quem vai participar do Vestibulinho das Escolas T\u00e9cnicas Estaduais (Etecs) para o segundo semestre de 2024 poder\u00e1 consultar o local em que prestar\u00e1 o exame no pr\u00f3ximo domingo (9). A informa\u00e7\u00e3o ficar\u00e1 dispon\u00edvel na \u201c\u00c1rea do Candidato\u201d do site <a href=\"https:\/\/www.vestibulinhoetec.com.br\/home\/\" target=\"_blank\" rel=\"noopener noreferrer\">www.vestibulinhoetec.com.br<\/a> e na unidade em que o participante pretende estudar. Ao todo, est\u00e3o inscritos 74.142 candidatos para o processo seletivo das Etecs.<\/p>\n<p>A avalia\u00e7\u00e3o ter\u00e1 in\u00edcio, pontualmente, \u00e0s 13h30, em todas as regi\u00f5es do estado de S\u00e3o Paulo. \u00c9 <a href=\"https:\/\/www.saopaulo.sp.gov.br\/spnoticias\/ultimas-noticias\/veja-orientacoes-para-se-preparar-para-o-vestibulinho-das-etecs\/\" target=\"_blank\" rel=\"noopener noreferrer\">recomend\u00e1vel que o candidato<\/a> chegue ao local com uma hora de anteced\u00eancia, para localizar sala e carteira. A fim de evitar imprevistos, tamb\u00e9m \u00e9 importante que os participantes do Vestibulinho fiquem atentos \u00e0s seguintes informa\u00e7\u00f5es:<\/p>\n<ul>\n<li>A confirma\u00e7\u00e3o do local da prova \u00e9 de inteira responsabilidade do candidato;<\/li>\n<li>Os port\u00f5es ser\u00e3o abertos \u00e0s 12h30 e fechados \u00e0s 13h30 horas, impreterivelmente. Ap\u00f3s o fechamento, n\u00e3o \u00e9 permitida a entrada de nenhum candidato;<\/li>\n<li>O exame ter\u00e1 quatro horas de dura\u00e7\u00e3o. A partir das 13h30, in\u00edcio da prova, \u00e9 preciso permanecer na sala at\u00e9 15h30, no m\u00ednimo. Ap\u00f3s esse hor\u00e1rio ser\u00e1 poss\u00edvel deixar o local, levando o caderno de quest\u00f5es;<\/li>\n<li>O candidato deve levar uma caneta esferogr\u00e1fica de tinta preta ou azul, l\u00e1pis preto n\u00ba 2, borracha e r\u00e9gua;<\/li>\n<li>\u00c9 indispens\u00e1vel a apresenta\u00e7\u00e3o de um documento de identidade original com foto, em boas condi\u00e7\u00f5es de visibilidade para confer\u00eancia dos dados;<\/li>\n<li>Somente ser\u00e3o aceitos documentos digitais apresentados nos aplicativos oficiais dos respectivos emissores.<\/li>\n<\/ul>\n<p>\u00c9 importante que o candidato tenha aten\u00e7\u00e3o a todas as normas que regem o Vestibulinho das Etecs, pois o descumprimento implica em san\u00e7\u00f5es legais e desclassifica\u00e7\u00e3o. Mais detalhes podem ser conferidos na <a href=\"https:\/\/fatweb.s3.amazonaws.com\/vestibulinhoetec\/documentos\/2SEM-24\/Portaria-CEETEPS-GDS-3898-2024.pdf\" rel=\"noopener\">Portaria do Vestibulinho<\/a> e no<a href=\"https:\/\/fatweb.s3.amazonaws.com\/vestibulinhoetec\/documentos\/2SEM-24\/ManualCandidato.pdf?id=202423\" rel=\"noopener\"> Manual do Candidato<\/a>.<\/p>\n<p>A demanda de <a href=\"https:\/\/www.saopaulo.sp.gov.br\/spnoticias\/ultimas-noticias\/vestibulinho-das-etecs-divulga-cursos-com-maior-indice-de-candidatos-por-vaga\/\" target=\"_blank\" rel=\"noopener noreferrer\">candidatos por curso e unidade<\/a> est\u00e1 dispon\u00edvel para consulta no site <a href=\"https:\/\/www.vestibulinhoetec.com.br\/home\/\" target=\"_blank\" rel=\"noopener noreferrer\">www.vestibulinhoetec.com.br<\/a>.<\/p>\n<p>Outras informa\u00e7\u00f5es pelos telefones (11) 3471-4071 (Capital e Grande S\u00e3o Paulo) e 0800-772 2829 (demais localidades) ou pela\u00a0<a href=\"https:\/\/www.vestibulinhoetec.com.br\/home\/\" target=\"_blank\" rel=\"noreferrer noopener\">internet<\/a>.<\/p>\n<p>Siga o canal \u201cGoverno de S\u00e3o Paulo\u201d no WhatsApp:<br \/><a href=\"https:\/\/bit.ly\/govspnozap\" target=\"_blank\" rel=\"noopener noreferrer\">https:\/\/bit.ly\/govspnozap<\/a><\/p>\n<\/p><\/div>\n<p><br \/>\n<br \/><a href=\"https:\/\/www.saopaulo.sp.gov.br\/spnoticias\/ultimas-noticias\/etecs-divulgam-locais-de-prova-aos-candidatos-do-vestibulinho\/\" rel=\"noopener\">Informa\u00e7\u00f5es GOV.SP<\/a><\/p>\n","protected":false},"excerpt":{"rendered":"<p>&#13; &#13; &#13; &#13; &#13; Informa\u00e7\u00e3o pode ser consultada a partir das 15h; exame ser\u00e1 aplicado no pr\u00f3ximo domingo (9) em todas as regi\u00f5es do estado &#13; &#13; &#13; &#13; \u00c9 recomend\u00e1vel que o candidato chegue ao local com uma hora de anteced\u00eancia, para localizar sala e carteira A partir das 15h desta quinta-feira (5), [&hellip;]<\/p>\n","protected":false},"author":1,"featured_media":7633,"comment_status":"open","ping_status":"open","sticky":false,"template":"","format":"standard","meta":{"_jetpack_newsletter_access":"","_jetpack_dont_email_post_to_subs":false,"_jetpack_newsletter_tier_id":0,"_jetpack_memberships_contains_paywalled_content":false,"_mbp_banners":[],"_jetpack_feature_clip_id":0,"_jetpack_memberships_contains_paid_content":false,"footnotes":"","jetpack_publicize_message":"","jetpack_publicize_feature_enabled":true,"jetpack_social_post_already_shared":true,"jetpack_social_options":{"image_generator_settings":{"template":"highway","default_image_id":0,"font":"","enabled":false},"version":2},"jetpack_post_was_ever_published":false},"categories":[21],"tags":[],"class_list":["post-7632","post","type-post","status-publish","format-standard","has-post-thumbnail","category-sp-news"],"jetpack_publicize_connections":[],"jetpack-related-posts":[],"jetpack_shortlink":"https:\/\/wp.me\/p7Eq1F-1Z6","jetpack_sharing_enabled":true,"jetpack_featured_media_url":"https:\/\/i0.wp.com\/guialimeira.com.br\/news\/wp-content\/uploads\/2024\/06\/Etecs-divulgam-locais-de-prova-aos-candidatos-do-Vestibulinho.jpeg?fit=1024%2C681&ssl=1","_links":{"self":[{"href":"https:\/\/guialimeira.com.br\/news\/wp-json\/wp\/v2\/posts\/7632","targetHints":{"allow":["GET"]}}],"collection":[{"href":"https:\/\/guialimeira.com.br\/news\/wp-json\/wp\/v2\/posts"}],"about":[{"href":"https:\/\/guialimeira.com.br\/news\/wp-json\/wp\/v2\/types\/post"}],"author":[{"embeddable":true,"href":"https:\/\/guialimeira.com.br\/news\/wp-json\/wp\/v2\/users\/1"}],"replies":[{"embeddable":true,"href":"https:\/\/guialimeira.com.br\/news\/wp-json\/wp\/v2\/comments?post=7632"}],"version-history":[{"count":0,"href":"https:\/\/guialimeira.com.br\/news\/wp-json\/wp\/v2\/posts\/7632\/revisions"}],"wp:featuredmedia":[{"embeddable":true,"href":"https:\/\/guialimeira.com.br\/news\/wp-json\/wp\/v2\/media\/7633"}],"wp:attachment":[{"href":"https:\/\/guialimeira.com.br\/news\/wp-json\/wp\/v2\/media?parent=7632"}],"wp:term":[{"taxonomy":"category","embeddable":true,"href":"https:\/\/guialimeira.com.br\/news\/wp-json\/wp\/v2\/categories?post=7632"},{"taxonomy":"post_tag","embeddable":true,"href":"https:\/\/guialimeira.com.br\/news\/wp-json\/wp\/v2\/tags?post=7632"}],"curies":[{"name":"wp","href":"https:\/\/api.w.org\/{rel}","templated":true}]}}