{"id":7624,"date":"2024-06-05T17:59:46","date_gmt":"2024-06-05T20:59:46","guid":{"rendered":"https:\/\/guialimeira.com.br\/2024\/06\/05\/dia-d-sera-neste-sabado-8-e-tera-vacinacao-de-manha-e-a-tarde-em-limeira\/"},"modified":"2024-06-05T17:59:46","modified_gmt":"2024-06-05T20:59:46","slug":"dia-d-sera-neste-sabado-8-e-tera-vacinacao-de-manha-e-a-tarde-em-limeira","status":"publish","type":"post","link":"https:\/\/guialimeira.com.br\/news\/dia-d-sera-neste-sabado-8-e-tera-vacinacao-de-manha-e-a-tarde-em-limeira\/","title":{"rendered":"Dia D ser\u00e1 neste s\u00e1bado (8) e ter\u00e1 vacina\u00e7\u00e3o de manh\u00e3 e \u00e0 tarde em Limeira"},"content":{"rendered":"<p> <br \/>\n<\/p>\n<div>\n            <main class=\"\">&#13;<br \/>\n                &#13;<br \/>\n&#13;<br \/>\n&#13;<br \/>\n&#13;<br \/>\n    <img data-recalc-dims=\"1\" decoding=\"async\" src=\"https:\/\/i0.wp.com\/ecrie.com.br\/sistema\/conteudos\/imagem\/m_137_0_1_05062024172808.jpg?w=696&#038;ssl=1\" alt=\"Dia D ser\u00e1 neste s\u00e1bado (8) e ter\u00e1 vacina\u00e7\u00e3o de manh\u00e3 e \u00e0 tarde em Limeira\"\/>&#13;<br \/>\n&#13;<\/p>\n<p class=\"western\" style=\"text-align: justify;\" align=\"justify\">Acontece neste s\u00e1bado (8) em Limeira o Dia D Nacional de Vacina\u00e7\u00e3o contra a poliomielite e de atualiza\u00e7\u00e3o de caderneta de vacina\u00e7\u00e3o. A imuniza\u00e7\u00e3o ocorre das 8h \u00e0s 17h. \u201cEstamos aderindo ao Dia D de vacina\u00e7\u00e3o e ampliando os hor\u00e1rios e locais para facilitar o acesso \u00e0 imuniza\u00e7\u00e3o para toda a popula\u00e7\u00e3o\u201d, afirma a diretora de Vigil\u00e2ncia em Sa\u00fade, Renata Martins.<\/p>\n<p>&#13;<\/p>\n<p class=\"western\" style=\"text-align: justify;\" align=\"justify\">Das 8h \u00e0s 13h, a vacina\u00e7\u00e3o ocorre nas Unidades B\u00e1sicas de Sa\u00fade (UBSs): Cecap, Nossa Senhora das Dores 1, Graminha, Aeroporto, Planalto, Morro Azul, Vista Alegre, Nova Europa e Nova Limeira; das 12h \u00e0s 17h, ser\u00e1 nas UBSs Ab\u00edlio Pedro, Hip\u00f3lito 1, Campo Belo, Nova Su\u00ed\u00e7a, Nossa Senhora das Dores 2 e Novo Horizonte. \u00c9 necess\u00e1rio apresentar documento com foto e a caderneta de vacina\u00e7\u00e3o.<\/p>\n<p>&#13;<br \/>\n&#13;<br \/>\n&#13;<br \/>\n&#13;<\/p>\n<aside class=\"list-related no-print\">&#13;<br \/>\n        &#13;<br \/>\n&#13;<\/p>\n<article class=\"list-item noticias \">&#13;<br \/>\n                    <a class=\"list-item__img\" href=\"https:\/\/limeira.sp.gov.br\/imprensa\/noticias\/saude\/parque-cidade-recebe-em-8-de-junho-projeto-prefeito-no-bairro-adocao-de-animais-sera-um-dos-destaques\" tabindex=\"-1\" aria-hidden=\"true\" rel=\"noopener\">&#13;<br \/>\n                        <img data-recalc-dims=\"1\" decoding=\"async\" src=\"https:\/\/i0.wp.com\/ecrie.com.br\/sistema\/conteudos\/imagem\/m_137_0_1_29052024154350.jpg?w=696&#038;ssl=1\" alt=\"Parque Cidade recebe em 8 de junho projeto \u201cPrefeito no Bairro\u201d; ado\u00e7\u00e3o de animais ser\u00e1 um dos destaques\"\/>&#13;<br \/>\n                    <\/a>&#13;<br \/>\n&#13;<br \/>\n                &#13;<br \/>\n            <\/article>\n<p>&#13;<\/p>\n<article class=\"list-item noticias \">&#13;<br \/>\n                    <a class=\"list-item__img\" href=\"https:\/\/limeira.sp.gov.br\/imprensa\/noticias\/saude\/novo-plantao-de-vacinacao-sera-neste-sabado-1-em-limeira\" tabindex=\"-1\" aria-hidden=\"true\" rel=\"noopener\">&#13;<br \/>\n                        <img data-recalc-dims=\"1\" decoding=\"async\" src=\"https:\/\/i0.wp.com\/ecrie.com.br\/sistema\/conteudos\/imagem\/m_137_3_5_20032023161715.jpg?w=696&#038;ssl=1\" alt=\"Novo plant\u00e3o de vacina\u00e7\u00e3o ser\u00e1 neste s\u00e1bado (1\u00ba) em Limeira\"\/>&#13;<br \/>\n                    <\/a>&#13;<br \/>\n&#13;<br \/>\n                &#13;<br \/>\n            <\/article>\n<p>&#13;<\/p>\n<article class=\"list-item noticias \">&#13;<br \/>\n                    <a class=\"list-item__img\" href=\"https:\/\/limeira.sp.gov.br\/imprensa\/noticias\/saude\/vacinacao-com-monovalente-comeca-nesta-terca-feira-28-em-limeira\" tabindex=\"-1\" aria-hidden=\"true\" rel=\"noopener\">&#13;<br \/>\n                        <img data-recalc-dims=\"1\" decoding=\"async\" src=\"https:\/\/i0.wp.com\/ecrie.com.br\/sistema\/conteudos\/imagem\/m_137_0_1_04112023092716.jpg?w=696&#038;ssl=1\" alt=\"Vacina\u00e7\u00e3o com monovalente come\u00e7a nesta ter\u00e7a-feira (28) em Limeira\"\/>&#13;<br \/>\n                    <\/a>&#13;<br \/>\n&#13;<br \/>\n                &#13;<br \/>\n            <\/article>\n<p>&#13;<br \/>\n    <\/aside>\n<p>&#13;<br \/>\n&#13;<br \/>\n            <\/main><\/p><\/div>\n<p><br \/>\n<br \/><a href=\"https:\/\/limeira.sp.gov.br\/dia-d-sera-neste-sabado-8-e-tera-vacinacao-de-manha-e-a-tarde-em-limeira\" rel=\"noopener\">Informa\u00e7\u00f5es da PML <\/a><\/p>\n","protected":false},"excerpt":{"rendered":"<p>&#13; &#13; &#13; &#13; &#13; &#13; &#13; Acontece neste s\u00e1bado (8) em Limeira o Dia D Nacional de Vacina\u00e7\u00e3o contra a poliomielite e de atualiza\u00e7\u00e3o de caderneta de vacina\u00e7\u00e3o. A imuniza\u00e7\u00e3o ocorre das 8h \u00e0s 17h. \u201cEstamos aderindo ao Dia D de vacina\u00e7\u00e3o e ampliando os hor\u00e1rios e locais para facilitar o acesso \u00e0 imuniza\u00e7\u00e3o [&hellip;]<\/p>\n","protected":false},"author":1,"featured_media":7625,"comment_status":"open","ping_status":"open","sticky":false,"template":"","format":"standard","meta":{"_jetpack_newsletter_access":"","_jetpack_dont_email_post_to_subs":false,"_jetpack_newsletter_tier_id":0,"_jetpack_memberships_contains_paywalled_content":false,"_mbp_banners":[],"_jetpack_feature_clip_id":0,"_jetpack_memberships_contains_paid_content":false,"footnotes":"","jetpack_publicize_message":"","jetpack_publicize_feature_enabled":true,"jetpack_social_post_already_shared":true,"jetpack_social_options":{"image_generator_settings":{"template":"highway","default_image_id":0,"font":"","enabled":false},"version":2},"jetpack_post_was_ever_published":false},"categories":[16],"tags":[],"class_list":["post-7624","post","type-post","status-publish","format-standard","has-post-thumbnail","category-local"],"jetpack_publicize_connections":[],"jetpack-related-posts":[],"jetpack_shortlink":"https:\/\/wp.me\/p7Eq1F-1YY","jetpack_sharing_enabled":true,"jetpack_featured_media_url":"https:\/\/i0.wp.com\/guialimeira.com.br\/news\/wp-content\/uploads\/2024\/06\/m_137_0_1_05062024172808.jpg?fit=1280%2C852&ssl=1","_links":{"self":[{"href":"https:\/\/guialimeira.com.br\/news\/wp-json\/wp\/v2\/posts\/7624","targetHints":{"allow":["GET"]}}],"collection":[{"href":"https:\/\/guialimeira.com.br\/news\/wp-json\/wp\/v2\/posts"}],"about":[{"href":"https:\/\/guialimeira.com.br\/news\/wp-json\/wp\/v2\/types\/post"}],"author":[{"embeddable":true,"href":"https:\/\/guialimeira.com.br\/news\/wp-json\/wp\/v2\/users\/1"}],"replies":[{"embeddable":true,"href":"https:\/\/guialimeira.com.br\/news\/wp-json\/wp\/v2\/comments?post=7624"}],"version-history":[{"count":0,"href":"https:\/\/guialimeira.com.br\/news\/wp-json\/wp\/v2\/posts\/7624\/revisions"}],"wp:featuredmedia":[{"embeddable":true,"href":"https:\/\/guialimeira.com.br\/news\/wp-json\/wp\/v2\/media\/7625"}],"wp:attachment":[{"href":"https:\/\/guialimeira.com.br\/news\/wp-json\/wp\/v2\/media?parent=7624"}],"wp:term":[{"taxonomy":"category","embeddable":true,"href":"https:\/\/guialimeira.com.br\/news\/wp-json\/wp\/v2\/categories?post=7624"},{"taxonomy":"post_tag","embeddable":true,"href":"https:\/\/guialimeira.com.br\/news\/wp-json\/wp\/v2\/tags?post=7624"}],"curies":[{"name":"wp","href":"https:\/\/api.w.org\/{rel}","templated":true}]}}