{"id":7617,"date":"2024-06-05T17:46:46","date_gmt":"2024-06-05T20:46:46","guid":{"rendered":"https:\/\/guialimeira.com.br\/2024\/06\/05\/vini-jr-militao-e-rodrygo-se-apresentam-a-selecao-brasileira-nos-eua\/"},"modified":"2024-06-05T17:46:46","modified_gmt":"2024-06-05T20:46:46","slug":"vini-jr-militao-e-rodrygo-se-apresentam-a-selecao-brasileira-nos-eua","status":"publish","type":"post","link":"https:\/\/guialimeira.com.br\/news\/vini-jr-militao-e-rodrygo-se-apresentam-a-selecao-brasileira-nos-eua\/","title":{"rendered":"Vini Jr, Milit\u00e3o e Rodrygo se apresentam \u00e0 sele\u00e7\u00e3o brasileira nos EUA"},"content":{"rendered":"<p> <br \/>\n<\/p>\n<div>\n<p>A sele\u00e7\u00e3o brasileira masculina de futebol j\u00e1 est\u00e1 completa em Orlando (Estados Unidos). O trio do Real Madrid (\u00c9der Milit\u00e3o, Rodrygo e Vinicius J\u00fanior) se juntou, nesta quarta-feira (5), aos outros 23 convocados do t\u00e9cnico Dorival J\u00fanior. O primeiro treino com todo o elenco ocorre no final da tarde. O Brasil se prepara para os dois \u00faltimos amistosos antes da estreia na Copa Am\u00e9rica daqui a 15 dias.<img data-recalc-dims=\"1\" decoding=\"async\" src=\"https:\/\/i0.wp.com\/agenciabrasil.ebc.com.br\/ebc.png?w=696&#038;ssl=1\" style=\"width:1px; height:1px; display:inline;\"\/><img data-recalc-dims=\"1\" decoding=\"async\" src=\"https:\/\/i0.wp.com\/agenciabrasil.ebc.com.br\/ebc.gif?w=696&#038;ssl=1\" style=\"width:1px; height:1px; display:inline;\"\/><\/p>\n<p>No s\u00e1bado (8) a sele\u00e7\u00e3o encara o M\u00e9xico, \u00e0s 21h30 (hor\u00e1rio de Bras\u00edlia), na cidade de\u00a0College Station, no estado do Texas. Quatro dias depois,\u00a0enfrenta os Estados Unidos, em Orlando, no estado da Fl\u00f3rida. Ambos os jogos ter\u00e3o <a href=\"https:\/\/radios.ebc.com.br\/nacionalrioam\" rel=\"noopener\"><strong>transmiss\u00e3o ao vivo<\/strong><\/a> da R\u00e1dio Nacional.\u00a0<\/p>\n<p>A numera\u00e7\u00e3o dos atletas est\u00e1 definida. O baiano\u00a0Bremer (camisa 25)\u00a0garante\u00a0que est\u00e1 pronto para ser o zagueiro titular do Brasil.<\/p>\n<blockquote>\n<p>\u201cVenho trabalhando bastante por isso. Desde quando cheguei na Juventus h\u00e1 dois anos, cheguei nesse n\u00edvel. E, sim, eu acho que estou preparado para essa oportunidade. Acho que\u00a0n\u00e3o vou partir de titular, mas espero estar contribuindo no treino e o treinador possa ver que eu sou capaz, sim, de ser titular\u201d, disse\u00a0o jogador de 27 anos,\u00a0que atuou no Atl\u00e9tico Mineiro antes de partir para o futebol italiano.<\/p>\n<\/blockquote>\n<blockquote class=\"twitter-tweet\">\n<p dir=\"ltr\" lang=\"pt\" xml:lang=\"pt\">Coletiva de Imprensa da Sele\u00e7\u00e3o Brasileira: 05\/06\/2024 <a href=\"https:\/\/t.co\/LGLFlQrqrF\">https:\/\/t.co\/LGLFlQrqrF<\/a><\/p>\n<p>\u2014 CBF Futebol (@CBF_Futebol) <a href=\"https:\/\/twitter.com\/CBF_Futebol\/status\/1798399779233468607?ref_src=twsrc%5Etfw\" rel=\"noopener\">June 5, 2024<\/a><\/p><\/blockquote>\n<p>Quem tamb\u00e9m concedeu entrevista coletiva nesta quarta (5)\u00a0foi o meio-campista Andreas Pereira (camisa 19), que saiu em baixa do Flamengo ap\u00f3s perder a bola que deu o t\u00edtulo da Libertadores ao Palmeiras em 2021.<\/p>\n<blockquote>\n<p>\u201cEssa retomada come\u00e7ou com o pr\u00f3prio Dorival, quando ele treinou o Flamengo me ajudou muito. Foi o primeiro t\u00e9cnico ali que me levantou a cabe\u00e7a. Depois, ao chegar na Inglaterra, \u00a0o Marco Silva, t\u00e9cnico do Fulham, me ajudou muito. Gra\u00e7as a todas essas pessoas que me ajudaram eu estou aqui hoje, ent\u00e3o s\u00f3 tenho que agradecer a Deus, a minha fam\u00edlia e todas as pessoas que me ajudaram\u201d, revelou Andreas<\/p>\n<\/blockquote>\n<p>Nascido na B\u00e9lgica,\u00a0\u00a0Andreas \u00e9 filho de brasileiros, da\u00ed a dupla nacionalidade.\u00a0Come\u00e7ou a carreira nas categorias de base do Manchester United (Inglaterra). Atualmente defende o Fulham, clube da Premier League (primeira divis\u00e3o do campeonato ingl\u00eas),\u00a0mas deve trocar de clube.\u00a0Newcastle, Aston Villa e Tottenham est\u00e3o interessados em contratar o meia de 28 anos.<\/p>\n<p>\u00a0<\/p>\n<\/p><\/div>\n<p><script async src=\"\/\/platform.twitter.com\/widgets.js\" charset=\"utf-8\"><\/script><br \/>\n<br \/><br \/>\n<br \/><a href=\"https:\/\/agenciabrasil.ebc.com.br\/esportes\/noticia\/2024-06\/vini-jr-militao-e-rodrygo-se-apresentam-selecao-brasileira-nos-eua\" rel=\"noopener\">Ag\u00eancia Brasil<\/a><\/p>\n","protected":false},"excerpt":{"rendered":"<p>A sele\u00e7\u00e3o brasileira masculina de futebol j\u00e1 est\u00e1 completa em Orlando (Estados Unidos). O trio do Real Madrid (\u00c9der Milit\u00e3o, Rodrygo e Vinicius J\u00fanior) se juntou, nesta quarta-feira (5), aos outros 23 convocados do t\u00e9cnico Dorival J\u00fanior. O primeiro treino com todo o elenco ocorre no final da tarde. O Brasil se prepara para os [&hellip;]<\/p>\n","protected":false},"author":1,"featured_media":7618,"comment_status":"open","ping_status":"open","sticky":false,"template":"","format":"standard","meta":{"_jetpack_newsletter_access":"","_jetpack_dont_email_post_to_subs":false,"_jetpack_newsletter_tier_id":0,"_jetpack_memberships_contains_paywalled_content":false,"_mbp_banners":[],"_jetpack_feature_clip_id":0,"_jetpack_memberships_contains_paid_content":false,"footnotes":"","jetpack_publicize_message":"","jetpack_publicize_feature_enabled":true,"jetpack_social_post_already_shared":true,"jetpack_social_options":{"image_generator_settings":{"template":"highway","default_image_id":0,"font":"","enabled":false},"version":2},"jetpack_post_was_ever_published":false},"categories":[23],"tags":[],"class_list":["post-7617","post","type-post","status-publish","format-standard","has-post-thumbnail","category-esportes"],"jetpack_publicize_connections":[],"jetpack-related-posts":[],"jetpack_shortlink":"https:\/\/wp.me\/p7Eq1F-1YR","jetpack_sharing_enabled":true,"jetpack_featured_media_url":"https:\/\/i0.wp.com\/guialimeira.com.br\/news\/wp-content\/uploads\/2024\/06\/eder_militao_e_vini_junior_concentracao_pre_amist.jpeg?fit=1600%2C800&ssl=1","_links":{"self":[{"href":"https:\/\/guialimeira.com.br\/news\/wp-json\/wp\/v2\/posts\/7617","targetHints":{"allow":["GET"]}}],"collection":[{"href":"https:\/\/guialimeira.com.br\/news\/wp-json\/wp\/v2\/posts"}],"about":[{"href":"https:\/\/guialimeira.com.br\/news\/wp-json\/wp\/v2\/types\/post"}],"author":[{"embeddable":true,"href":"https:\/\/guialimeira.com.br\/news\/wp-json\/wp\/v2\/users\/1"}],"replies":[{"embeddable":true,"href":"https:\/\/guialimeira.com.br\/news\/wp-json\/wp\/v2\/comments?post=7617"}],"version-history":[{"count":0,"href":"https:\/\/guialimeira.com.br\/news\/wp-json\/wp\/v2\/posts\/7617\/revisions"}],"wp:featuredmedia":[{"embeddable":true,"href":"https:\/\/guialimeira.com.br\/news\/wp-json\/wp\/v2\/media\/7618"}],"wp:attachment":[{"href":"https:\/\/guialimeira.com.br\/news\/wp-json\/wp\/v2\/media?parent=7617"}],"wp:term":[{"taxonomy":"category","embeddable":true,"href":"https:\/\/guialimeira.com.br\/news\/wp-json\/wp\/v2\/categories?post=7617"},{"taxonomy":"post_tag","embeddable":true,"href":"https:\/\/guialimeira.com.br\/news\/wp-json\/wp\/v2\/tags?post=7617"}],"curies":[{"name":"wp","href":"https:\/\/api.w.org\/{rel}","templated":true}]}}