{"id":7610,"date":"2024-06-05T16:58:47","date_gmt":"2024-06-05T19:58:47","guid":{"rendered":"https:\/\/guialimeira.com.br\/2024\/06\/05\/prefeito-no-bairro-e-oportunidade-para-cadastro-a-vagas-de-emprego\/"},"modified":"2024-06-05T16:58:47","modified_gmt":"2024-06-05T19:58:47","slug":"prefeito-no-bairro-e-oportunidade-para-cadastro-a-vagas-de-emprego","status":"publish","type":"post","link":"https:\/\/guialimeira.com.br\/news\/prefeito-no-bairro-e-oportunidade-para-cadastro-a-vagas-de-emprego\/","title":{"rendered":"\u201cPrefeito no Bairro\u201d\u00a0\u00e9 oportunidade para cadastro a vagas de emprego"},"content":{"rendered":"<p> <br \/>\n<\/p>\n<div>\n            <main class=\"\">&#13;<br \/>\n                &#13;<br \/>\n&#13;<br \/>\n&#13;<br \/>\n&#13;<br \/>\n    <img data-recalc-dims=\"1\" decoding=\"async\" src=\"https:\/\/i0.wp.com\/ecrie.com.br\/sistema\/conteudos\/imagem\/m_137_0_1_05062024160714.jpg?w=696&#038;ssl=1\" alt=\"\u201cPrefeito no Bairro\u201d\u00a0\u00e9 oportunidade para cadastro a vagas de emprego\"\/>&#13;<br \/>\n&#13;<\/p>\n<p>O programa Empregabilidade 360\u00b0\u00a0estar\u00e1 dispon\u00edvel na pr\u00f3xima edi\u00e7\u00e3o do \u201cPrefeito no Bairro\u201d, que acontece neste s\u00e1bado (8), das 9h \u00e0s 12h, no Parque Cidade\u00a0(ao lado do V\u00f4 Lucato). Na ocasi\u00e3o, os interessados em se cadastrar no programa devem apresentar RG, CPF, curr\u00edculo atualizado e carteira de trabalho.\u00a0Segundo o PAT Limeira, h\u00e1 diversas vagas, para as \u00e1reas aliment\u00edcia, supermercadista e da constru\u00e7\u00e3o civil. Al\u00e9m do cadastro de emprego, t\u00e9cnicas do PAT dar\u00e3o informa\u00e7\u00f5es sobre o acesso \u00e0 Carteira de Trabalho Digital.<\/p>\n<p>&#13;<\/p>\n<p>O \u201cPrefeito no Bairro\u201d\u00a0\u00e9 realizado desde o in\u00edcio da primeira gest\u00e3o do prefeito Mario Botion, em 2017, por meio da oferta de servi\u00e7os municipais\u00a0em diversas regi\u00f5es da cidade. O objetivo \u00e9 estreitar o contado entre o Poder P\u00fablico e a popula\u00e7\u00e3o. Nesta edi\u00e7\u00e3o, tamb\u00e9m haver\u00e1 microchipagem e cadastramento de c\u00e3es e gatos para castra\u00e7\u00e3o, animais dispon\u00edveis para ado\u00e7\u00e3o, educa\u00e7\u00e3o ambiental\u00a0e doa\u00e7\u00e3o de mudas. A Secretaria de Sa\u00fade\u00a0ir\u00e1 oferecer vacinas contra gripe e covid-19, aferi\u00e7\u00e3o de press\u00e3o arterial e orienta\u00e7\u00e3o para preven\u00e7\u00e3o e controle do diabetes. Para as crian\u00e7as, ser\u00e1 distribu\u00edda pipoca e algod\u00e3o-doce. \u00a0<\/p>\n<p>&#13;<\/p>\n<p>\u00a0<\/p>\n<p>&#13;<br \/>\n&#13;<br \/>\n&#13;<br \/>\n&#13;<\/p>\n<aside class=\"list-related no-print\">&#13;<br \/>\n        &#13;<br \/>\n&#13;<\/p>\n<article class=\"list-item noticias \">&#13;<br \/>\n                    <a class=\"list-item__img\" href=\"https:\/\/limeira.sp.gov.br\/imprensa\/noticias\/desenvolvimento-turismo-e-inovacao\/prefeitura-e-associacao-de-contabilistas-promovem-curso-de-capacitacao\" tabindex=\"-1\" aria-hidden=\"true\" rel=\"noopener\">&#13;<br \/>\n                        <img data-recalc-dims=\"1\" decoding=\"async\" src=\"https:\/\/i0.wp.com\/ecrie.com.br\/sistema\/conteudos\/imagem\/m_137_0_1_03062024172956.png?w=696&#038;ssl=1\" alt=\"Prefeitura e Associa\u00e7\u00e3o de Contabilistas promovem curso de capacita\u00e7\u00e3o\"\/>&#13;<br \/>\n                    <\/a>&#13;<br \/>\n&#13;<br \/>\n                &#13;<br \/>\n            <\/article>\n<p>&#13;<\/p>\n<article class=\"list-item noticias \">&#13;<br \/>\n                    <a class=\"list-item__img\" href=\"https:\/\/limeira.sp.gov.br\/imprensa\/noticias\/desenvolvimento-turismo-e-inovacao\/papel-da-lideranca-e-tema-de-palestra-gratuita\" tabindex=\"-1\" aria-hidden=\"true\" rel=\"noopener\">&#13;<br \/>\n                        <img data-recalc-dims=\"1\" decoding=\"async\" src=\"https:\/\/i0.wp.com\/ecrie.com.br\/sistema\/conteudos\/imagem\/m_137_0_1_03062024172405.jpeg?w=696&#038;ssl=1\" alt=\"Papel da Lideran\u00e7a \u00e9 tema de palestra gratuita\"\/>&#13;<br \/>\n                    <\/a>&#13;<br \/>\n&#13;<br \/>\n                &#13;<br \/>\n            <\/article>\n<p>&#13;<\/p>\n<article class=\"list-item noticias \">&#13;<br \/>\n                    <a class=\"list-item__img\" href=\"https:\/\/limeira.sp.gov.br\/imprensa\/noticias\/gabinete-do-prefeito\/esposa-de-ex-vereador-falece-aos-69-anos\" tabindex=\"-1\" aria-hidden=\"true\" rel=\"noopener\">&#13;<br \/>\n                        <img data-recalc-dims=\"1\" decoding=\"async\" src=\"https:\/\/i0.wp.com\/ecrie.com.br\/sistema\/conteudos\/imagem\/m_137_0_1_01062024121445.jpeg?w=696&#038;ssl=1\" alt=\"Esposa de ex-vereador falece aos 69 anos\"\/>&#13;<br \/>\n                    <\/a>&#13;<br \/>\n&#13;<br \/>\n                &#13;<br \/>\n            <\/article>\n<p>&#13;<br \/>\n    <\/aside>\n<p>&#13;<br \/>\n&#13;<br \/>\n            <\/main><\/p><\/div>\n<p><br \/>\n<br \/><a href=\"https:\/\/limeira.sp.gov.br\/prefeito-no-bairroe-oportunidade-para-cadastro-a-vagas-de-emprego\" rel=\"noopener\">Informa\u00e7\u00f5es da PML <\/a><\/p>\n","protected":false},"excerpt":{"rendered":"<p>&#13; &#13; &#13; &#13; &#13; &#13; &#13; O programa Empregabilidade 360\u00b0\u00a0estar\u00e1 dispon\u00edvel na pr\u00f3xima edi\u00e7\u00e3o do \u201cPrefeito no Bairro\u201d, que acontece neste s\u00e1bado (8), das 9h \u00e0s 12h, no Parque Cidade\u00a0(ao lado do V\u00f4 Lucato). Na ocasi\u00e3o, os interessados em se cadastrar no programa devem apresentar RG, CPF, curr\u00edculo atualizado e carteira de trabalho.\u00a0Segundo o [&hellip;]<\/p>\n","protected":false},"author":1,"featured_media":7611,"comment_status":"open","ping_status":"open","sticky":false,"template":"","format":"standard","meta":{"_jetpack_newsletter_access":"","_jetpack_dont_email_post_to_subs":false,"_jetpack_newsletter_tier_id":0,"_jetpack_memberships_contains_paywalled_content":false,"_mbp_banners":[],"_jetpack_feature_clip_id":0,"_jetpack_memberships_contains_paid_content":false,"footnotes":"","jetpack_publicize_message":"","jetpack_publicize_feature_enabled":true,"jetpack_social_post_already_shared":true,"jetpack_social_options":{"image_generator_settings":{"template":"highway","default_image_id":0,"font":"","enabled":false},"version":2},"jetpack_post_was_ever_published":false},"categories":[16],"tags":[],"class_list":["post-7610","post","type-post","status-publish","format-standard","has-post-thumbnail","category-local"],"jetpack_publicize_connections":[],"jetpack-related-posts":[],"jetpack_shortlink":"https:\/\/wp.me\/p7Eq1F-1YK","jetpack_sharing_enabled":true,"jetpack_featured_media_url":"https:\/\/i0.wp.com\/guialimeira.com.br\/news\/wp-content\/uploads\/2024\/06\/m_137_0_1_05062024160714.jpg?fit=1280%2C852&ssl=1","_links":{"self":[{"href":"https:\/\/guialimeira.com.br\/news\/wp-json\/wp\/v2\/posts\/7610","targetHints":{"allow":["GET"]}}],"collection":[{"href":"https:\/\/guialimeira.com.br\/news\/wp-json\/wp\/v2\/posts"}],"about":[{"href":"https:\/\/guialimeira.com.br\/news\/wp-json\/wp\/v2\/types\/post"}],"author":[{"embeddable":true,"href":"https:\/\/guialimeira.com.br\/news\/wp-json\/wp\/v2\/users\/1"}],"replies":[{"embeddable":true,"href":"https:\/\/guialimeira.com.br\/news\/wp-json\/wp\/v2\/comments?post=7610"}],"version-history":[{"count":0,"href":"https:\/\/guialimeira.com.br\/news\/wp-json\/wp\/v2\/posts\/7610\/revisions"}],"wp:featuredmedia":[{"embeddable":true,"href":"https:\/\/guialimeira.com.br\/news\/wp-json\/wp\/v2\/media\/7611"}],"wp:attachment":[{"href":"https:\/\/guialimeira.com.br\/news\/wp-json\/wp\/v2\/media?parent=7610"}],"wp:term":[{"taxonomy":"category","embeddable":true,"href":"https:\/\/guialimeira.com.br\/news\/wp-json\/wp\/v2\/categories?post=7610"},{"taxonomy":"post_tag","embeddable":true,"href":"https:\/\/guialimeira.com.br\/news\/wp-json\/wp\/v2\/tags?post=7610"}],"curies":[{"name":"wp","href":"https:\/\/api.w.org\/{rel}","templated":true}]}}