{"id":7585,"date":"2024-06-05T14:56:46","date_gmt":"2024-06-05T17:56:46","guid":{"rendered":"https:\/\/guialimeira.com.br\/2024\/06\/05\/giambelli-rock-concert-acontece-neste-sabado-8\/"},"modified":"2024-06-05T14:56:46","modified_gmt":"2024-06-05T17:56:46","slug":"giambelli-rock-concert-acontece-neste-sabado-8","status":"publish","type":"post","link":"https:\/\/guialimeira.com.br\/news\/giambelli-rock-concert-acontece-neste-sabado-8\/","title":{"rendered":"Giambelli Rock Concert acontece neste s\u00e1bado (8)"},"content":{"rendered":"<p> <br \/>\n<\/p>\n<div>\n            <main class=\"\">&#13;<br \/>\n                &#13;<br \/>\n&#13;<br \/>\n&#13;<br \/>\n&#13;<br \/>\n    <img data-recalc-dims=\"1\" decoding=\"async\" src=\"https:\/\/i0.wp.com\/ecrie.com.br\/sistema\/conteudos\/imagem\/m_137_0_1_05062024143122.jpg?w=696&#038;ssl=1\" alt=\"Giambelli Rock Concert acontece neste s\u00e1bado (8)\"\/>&#13;<br \/>\n&#13;<\/p>\n<p dir=\"ltr\" style=\"text-align: justify;\">Neste s\u00e1bado (8), acontece \u201cGiambelli Rock Concert\u201d, no Teatro Vit\u00f3ria Emiliano Bernardo da Silva, \u00e0s 20h. O evento \u00e9 gratuito. A realiza\u00e7\u00e3o \u00e9 da Corpora\u00e7\u00e3o Musical Arthur Giambelli, com o apoio da Prefeitura de Limeira, por meio da Secretaria de Cultura.<\/p>\n<p>&#13;<\/p>\n<p dir=\"ltr\" style=\"text-align: justify;\">O concerto celebra os 92 anos da Corpora\u00e7\u00e3o Musical Arthur Giambelli, trazendo um repert\u00f3rio diversificado e empolgante. Ser\u00e3o tocados cl\u00e1ssicos do rock de bandas lend\u00e1rias como Guns N&#8217; Roses, Beatles, Queen, Metallica, The Police, Scorpions e outros. A reg\u00eancia \u00e9 do maestro Leandro Rodrigo Pereira.<\/p>\n<p>&#13;<\/p>\n<div class=\"adL\">\n<div class=\"im\">\n<p dir=\"ltr\" style=\"text-align: justify;\">O Teatro Vit\u00f3ria fica na Pra\u00e7a Toledo de Barros, s\/n &#8211; Centro.<\/p>\n<\/div>\n<\/div>\n<p>&#13;<br \/>\n&#13;<br \/>\n&#13;<br \/>\n&#13;<\/p>\n<aside class=\"list-related no-print\">&#13;<br \/>\n        &#13;<br \/>\n&#13;<\/p>\n<article class=\"list-item noticias \">&#13;<br \/>\n                    <a class=\"list-item__img\" href=\"https:\/\/limeira.sp.gov.br\/imprensa\/noticias\/cultura\/escolas-se-reunem-no-teatro-vitoria-para-projeto-verso-e-voz\" tabindex=\"-1\" aria-hidden=\"true\" rel=\"noopener\">&#13;<br \/>\n                        <img data-recalc-dims=\"1\" decoding=\"async\" src=\"https:\/\/i0.wp.com\/ecrie.com.br\/sistema\/conteudos\/imagem\/m_137_0_1_04062024104640.jpeg?w=696&#038;ssl=1\" alt=\"Escolas se re\u00fanem no Teatro Vit\u00f3ria para projeto \u201cVerso e Voz\u201d\"\/>&#13;<br \/>\n                    <\/a>&#13;<br \/>\n&#13;<br \/>\n                &#13;<br \/>\n            <\/article>\n<p>&#13;<\/p>\n<article class=\"list-item noticias \">&#13;<br \/>\n                    <a class=\"list-item__img\" href=\"https:\/\/limeira.sp.gov.br\/imprensa\/noticias\/cultura\/com-sessoes-esgotadas-exibicao-do-filme-colegas-acontece-nesta-quarta-5\" tabindex=\"-1\" aria-hidden=\"true\" rel=\"noopener\">&#13;<br \/>\n                        <img data-recalc-dims=\"1\" decoding=\"async\" src=\"https:\/\/i0.wp.com\/ecrie.com.br\/sistema\/conteudos\/imagem\/m_137_0_1_04062024091955.jpeg?w=696&#038;ssl=1\" alt=\"Com sess\u00f5es esgotadas, exibi\u00e7\u00e3o do filme \u201cColegas\u201d acontece nesta quarta (5)\"\/>&#13;<br \/>\n                    <\/a>&#13;<br \/>\n&#13;<br \/>\n                &#13;<br \/>\n            <\/article>\n<p>&#13;<\/p>\n<article class=\"list-item noticias \">&#13;<br \/>\n                    <a class=\"list-item__img\" href=\"https:\/\/limeira.sp.gov.br\/imprensa\/noticias\/cultura\/orquestra-apresenta-concerto-a-trindade-vienense-nesta-quarta-5\" tabindex=\"-1\" aria-hidden=\"true\" rel=\"noopener\">&#13;<br \/>\n                        <img data-recalc-dims=\"1\" decoding=\"async\" src=\"https:\/\/i0.wp.com\/ecrie.com.br\/sistema\/conteudos\/imagem\/m_137_0_1_03062024144654.jpg?w=696&#038;ssl=1\" alt=\"Orquestra apresenta concerto \u201cA Trindade Vienense\u201d nesta quarta (5)\"\/>&#13;<br \/>\n                    <\/a>&#13;<br \/>\n&#13;<br \/>\n                &#13;<br \/>\n            <\/article>\n<p>&#13;<br \/>\n    <\/aside>\n<p>&#13;<br \/>\n&#13;<br \/>\n            <\/main><\/p><\/div>\n<p><br \/>\n<br \/><a href=\"https:\/\/limeira.sp.gov.br\/giambelli-rock-concert-acontece-neste-sabado-8\" rel=\"noopener\">Informa\u00e7\u00f5es da PML <\/a><\/p>\n","protected":false},"excerpt":{"rendered":"<p>&#13; &#13; &#13; &#13; &#13; &#13; &#13; Neste s\u00e1bado (8), acontece \u201cGiambelli Rock Concert\u201d, no Teatro Vit\u00f3ria Emiliano Bernardo da Silva, \u00e0s 20h. O evento \u00e9 gratuito. A realiza\u00e7\u00e3o \u00e9 da Corpora\u00e7\u00e3o Musical Arthur Giambelli, com o apoio da Prefeitura de Limeira, por meio da Secretaria de Cultura. &#13; O concerto celebra os 92 anos [&hellip;]<\/p>\n","protected":false},"author":1,"featured_media":7586,"comment_status":"open","ping_status":"open","sticky":false,"template":"","format":"standard","meta":{"_jetpack_newsletter_access":"","_jetpack_dont_email_post_to_subs":false,"_jetpack_newsletter_tier_id":0,"_jetpack_memberships_contains_paywalled_content":false,"_mbp_banners":[],"_jetpack_feature_clip_id":0,"_jetpack_memberships_contains_paid_content":false,"footnotes":"","jetpack_publicize_message":"","jetpack_publicize_feature_enabled":true,"jetpack_social_post_already_shared":true,"jetpack_social_options":{"image_generator_settings":{"template":"highway","default_image_id":0,"font":"","enabled":false},"version":2},"jetpack_post_was_ever_published":false},"categories":[16],"tags":[],"class_list":["post-7585","post","type-post","status-publish","format-standard","has-post-thumbnail","category-local"],"jetpack_publicize_connections":[],"jetpack-related-posts":[],"jetpack_shortlink":"https:\/\/wp.me\/p7Eq1F-1Yl","jetpack_sharing_enabled":true,"jetpack_featured_media_url":"https:\/\/i0.wp.com\/guialimeira.com.br\/news\/wp-content\/uploads\/2024\/06\/m_137_0_1_05062024143122.jpg?fit=900%2C506&ssl=1","_links":{"self":[{"href":"https:\/\/guialimeira.com.br\/news\/wp-json\/wp\/v2\/posts\/7585","targetHints":{"allow":["GET"]}}],"collection":[{"href":"https:\/\/guialimeira.com.br\/news\/wp-json\/wp\/v2\/posts"}],"about":[{"href":"https:\/\/guialimeira.com.br\/news\/wp-json\/wp\/v2\/types\/post"}],"author":[{"embeddable":true,"href":"https:\/\/guialimeira.com.br\/news\/wp-json\/wp\/v2\/users\/1"}],"replies":[{"embeddable":true,"href":"https:\/\/guialimeira.com.br\/news\/wp-json\/wp\/v2\/comments?post=7585"}],"version-history":[{"count":0,"href":"https:\/\/guialimeira.com.br\/news\/wp-json\/wp\/v2\/posts\/7585\/revisions"}],"wp:featuredmedia":[{"embeddable":true,"href":"https:\/\/guialimeira.com.br\/news\/wp-json\/wp\/v2\/media\/7586"}],"wp:attachment":[{"href":"https:\/\/guialimeira.com.br\/news\/wp-json\/wp\/v2\/media?parent=7585"}],"wp:term":[{"taxonomy":"category","embeddable":true,"href":"https:\/\/guialimeira.com.br\/news\/wp-json\/wp\/v2\/categories?post=7585"},{"taxonomy":"post_tag","embeddable":true,"href":"https:\/\/guialimeira.com.br\/news\/wp-json\/wp\/v2\/tags?post=7585"}],"curies":[{"name":"wp","href":"https:\/\/api.w.org\/{rel}","templated":true}]}}