{"id":7582,"date":"2024-06-05T14:48:52","date_gmt":"2024-06-05T17:48:52","guid":{"rendered":"https:\/\/guialimeira.com.br\/2024\/06\/05\/protecao-de-rios-sp-investe-em-mais-tecnologias-para-ampliar-resiliencia-climatica\/"},"modified":"2024-06-05T14:48:52","modified_gmt":"2024-06-05T17:48:52","slug":"protecao-de-rios-sp-investe-em-mais-tecnologias-para-ampliar-resiliencia-climatica","status":"publish","type":"post","link":"https:\/\/guialimeira.com.br\/news\/protecao-de-rios-sp-investe-em-mais-tecnologias-para-ampliar-resiliencia-climatica\/","title":{"rendered":"Prote\u00e7\u00e3o de rios: SP investe em mais tecnologias para ampliar resili\u00eancia clim\u00e1tica"},"content":{"rendered":"<p> <br \/>\n<\/p>\n<div id=\"\">&#13;<\/p>\n<p>A amplia\u00e7\u00e3o da resili\u00eancia clim\u00e1tica no estado de S\u00e3o Paulo vai envolver novas tecnologias de monitoramento e alerta de eventos extremos, atua\u00e7\u00e3o t\u00e9cnica especializada em pol\u00edticas p\u00fablicas para mudan\u00e7as do clima e investimentos de mais de R$ 330 milh\u00f5es em prote\u00e7\u00e3o de rios e a\u00e7\u00f5es sustent\u00e1veis. O novo pacote foi anunciado pelo governador Tarc\u00edsio de Freitas nesta quarta-feira (5), em cerim\u00f4nia oficial de celebra\u00e7\u00e3o ao <a href=\"https:\/\/www.saopaulo.sp.gov.br\/spnoticias\/ultimas-noticias\/governo-de-sp-lanca-ampla-programacao-para-a-semana-do-meio-ambiente\/\" target=\"_blank\" rel=\"noopener noreferrer\">Dia Mundial do Meio Ambiente<\/a>.<\/p>\n<figure id=\"attachment_5896872\" style=\"width: 100%;max-width: 2560px\" class=\"wp-caption alignnone\"><img data-recalc-dims=\"1\" decoding=\"async\" loading=\"lazy\" class=\"size-full wp-image-5896872\" src=\"https:\/\/i0.wp.com\/www.saopaulo.sp.gov.br\/wp-content\/uploads\/2024\/06\/53771878155_e807ca6706_o-scaled.jpg?resize=696%2C485&#038;ssl=1\" alt=\"\" width=\"696\" height=\"485\" srcset=\"https:\/\/www.saopaulo.sp.gov.br\/wp-content\/uploads\/2024\/06\/53771878155_e807ca6706_o-scaled.jpg 2560w, https:\/\/www.saopaulo.sp.gov.br\/wp-content\/uploads\/2024\/06\/53771878155_e807ca6706_o-300x209.jpg 300w, https:\/\/www.saopaulo.sp.gov.br\/wp-content\/uploads\/2024\/06\/53771878155_e807ca6706_o-1024x713.jpg 1024w, https:\/\/www.saopaulo.sp.gov.br\/wp-content\/uploads\/2024\/06\/53771878155_e807ca6706_o-100x69.jpg 100w, https:\/\/www.saopaulo.sp.gov.br\/wp-content\/uploads\/2024\/06\/53771878155_e807ca6706_o-768x535.jpg 768w, https:\/\/www.saopaulo.sp.gov.br\/wp-content\/uploads\/2024\/06\/53771878155_e807ca6706_o-1536x1070.jpg 1536w, https:\/\/www.saopaulo.sp.gov.br\/wp-content\/uploads\/2024\/06\/53771878155_e807ca6706_o-2048x1427.jpg 2048w\" sizes=\"auto, (max-width: 2560px) 100vw, 2560px\"\/><figcaption class=\"wp-caption-text\">Governo de SP anunciou, no Dia Mundial do Meio Ambiente, medidas para ampliar resili\u00eancia clim\u00e1tica<\/figcaption><\/figure>\n<p>\u201cO Governo de S\u00e3o Paulo est\u00e1 trabalhando para criar e deixar legado. A cerim\u00f4nia de hoje tem a ver com duas palavras: legado e compromisso. \u00c9 o compromisso com quem est\u00e1 hoje aqui e com as pr\u00f3ximas gera\u00e7\u00f5es a partir do entendimento que vivemos imersos em uma situa\u00e7\u00e3o de mudan\u00e7as clim\u00e1ticas. A gente precisa fazer a nossa parte e recuperar o meio ambiente, diminuir emiss\u00f5es e ter boas ideias de transi\u00e7\u00e3o energ\u00e9tica, gest\u00e3o de res\u00edduos, economia verde e cidades resilientes\u201d, afirmou Tarc\u00edsio na solenidade no Parque Villa-Lobos, na capital.<\/p>\n<p>\u201c\u00c9 um dia para a gente entender a necessidade de trabalhar pelo meio ambiente e pelo futuro. Trabalhar para mitigar os efeitos das mudan\u00e7as clim\u00e1ticas e proteger os cidad\u00e3os com trabalho preventivo usando telemetria, oferecendo cartas de risco, fazendo interven\u00e7\u00f5es como desassoreamento de rios, obras de piscin\u00f5es, conten\u00e7\u00e3o de cheias e prote\u00e7\u00e3o de encostas\u201d, acrescentou o governador.<\/p>\n<p>O pacote re\u00fane a\u00e7\u00f5es integradas de diversos \u00f3rg\u00e3os da gest\u00e3o paulista, sob coordena\u00e7\u00e3o da <a href=\"https:\/\/semil.sp.gov.br\/\" target=\"_blank\" rel=\"noopener noreferrer\">Secretaria de Meio Ambiente, Infraestrutura e Log\u00edstica<\/a> e da <a href=\"https:\/\/www.saopaulo.sp.gov.br\/spnoticias\/orgaos-governamentais\/defesa-civil\/\" target=\"_blank\" rel=\"noopener noreferrer\">Defesa Civil do Estado<\/a>. A amplia\u00e7\u00e3o do uso de tecnologia prev\u00ea a interliga\u00e7\u00e3o do monitoramento de cheias por sistemas de radar \u00e0s sirenes de alerta de risco de grandes inunda\u00e7\u00f5es e deslizamentos.<\/p>\n<p>Com a inova\u00e7\u00e3o, o Sistema de Sirenes de Alerta de Risco (Sisar) passa a contar com duas metodologias para conectar o alerta \u00e0 telemetria que monitora as cotas de inunda\u00e7\u00f5es dos rios.<\/p>\n<p>Novos equipamentos ser\u00e3o instalados em \u00e1reas inund\u00e1veis, e a telemetria far\u00e1 o acionamento autom\u00e1tico das sirenes que orientam a popula\u00e7\u00e3o a buscar abrigo em locais seguros. S\u00e3o Luiz do Paraitinga, no Vale do Para\u00edba, ser\u00e1 o primeiro munic\u00edpio a receber o sistema.<\/p>\n<p>\u201cQuando instalamos as sirenes, vem agregado o treinamento local para a comunidade com mapa de risco comunit\u00e1rio e cria\u00e7\u00e3o de n\u00facleos locais de Defesa Civil. Assim, quando a sirene toca, as pessoas sabem para onde ir e conhecem as rotas de fuga. Com as sirenes, a gente tamb\u00e9m agrega treinamento para tornar a popula\u00e7\u00e3o mais resiliente\u201d, afirmou o secret\u00e1rio-chefe da Casa Militar e coordenador da Defesa Civil do Estado, coronel PM Henguel Ricardo Pereira.<\/p>\n<p>O Governo de S\u00e3o Paulo tamb\u00e9m vai implementar o Centro Paulista de Radares Meteorol\u00f3gicos para monitorar todas as regi\u00f5es do estado e emitir avisos e alertas de deslizamentos, enchentes e inunda\u00e7\u00f5es.<\/p>\n<p>O servi\u00e7o vai ajudar a tomada de a\u00e7\u00f5es preventivas a eventos extremos com a amplia\u00e7\u00e3o da rede estadual de radares, pluvi\u00f4metros e outros mecanismos de medi\u00e7\u00e3o meteorol\u00f3gica.<\/p>\n<h2>Recupera\u00e7\u00e3o e prote\u00e7\u00e3o de rios<\/h2>\n<p>Na cidade de S\u00e3o Paulo, o programa IntegraTiet\u00ea vai iniciar uma nova fase de revitaliza\u00e7\u00e3o do rio Pinheiros, com retirada de 700 mil m\u00b3 de sedimentos. O volume \u00e9 equivalente a 50 mil caminh\u00f5es basculantes que, enfileirados, ocupariam dist\u00e2ncia de 500 km \u2013 suficiente para uma viagem de ida e volta entre a capital e o munic\u00edpio de S\u00e3o Carlos, na regi\u00e3o central do estado.<\/p>\n<p>Os trabalhos ser\u00e3o feitos em uma extens\u00e3o de 25 km do Pinheiros, com investimento previsto de R$ 79,5 milh\u00f5es e prazo de execu\u00e7\u00e3o de 12 meses. O processo licitat\u00f3rio est\u00e1 em fase de homologa\u00e7\u00e3o, com in\u00edcio do servi\u00e7o programado para o segundo semestre.<\/p>\n<p>Outra novidade \u00e9 o lan\u00e7amento do ciclo 2024-2025 do Programa Rios Vivos, que trabalha com a revitaliza\u00e7\u00e3o de cursos d\u2019\u00e1gua tanto na capital e Grande S\u00e3o Paulo quanto no interior e litoral.<\/p>\n<p>A nova fase prev\u00ea um investimento de R$ 250 milh\u00f5es nos pr\u00f3ximos 12 meses, com potencial de atender at\u00e9 250 rios, c\u00f3rregos e ribeir\u00f5es em 150 munic\u00edpios. Para aderir, as prefeituras precisam atender a crit\u00e9rios de elegibilidades dispon\u00edveis no site <a href=\"http:\/\/daee.sp.gov.br\/site\/riosvivos\/\" target=\"_blank\" rel=\"noopener noreferrer\">daee.sp.gov.br\/site\/riosvivos\/<\/a>.<\/p>\n<h2>Governan\u00e7a dedicada<\/h2>\n<p>O planejamento p\u00fablico de curto, m\u00e9dio e longo prazo para prevenir e combater impactos de eventos extremos ganha novo refor\u00e7o em S\u00e3o Paulo com a instaura\u00e7\u00e3o do <a href=\"https:\/\/www.saopaulo.sp.gov.br\/spnoticias\/ultimas-noticias\/gestao-paulista-tera-comite-gestor-e-conselho-estadual-para-mudancas-climaticas\/\" target=\"_blank\" rel=\"noopener noreferrer\">comit\u00ea gestor da pol\u00edtica estadual de mudan\u00e7as clim\u00e1ticas<\/a>.<\/p>\n<p>A administra\u00e7\u00e3o paulista tamb\u00e9m iniciou a forma\u00e7\u00e3o de um conselho estadual dedicado exclusivamente a temas como resili\u00eancia urbana, rural e natural, redu\u00e7\u00e3o dos gases de efeito estufa na atmosfera e contabiliza\u00e7\u00e3o e sequestro de carbono.<\/p>\n<h2>Integra Res\u00edduos<\/h2>\n<p>As pol\u00edticas p\u00fablicas de sustentabilidade ganham refor\u00e7o em S\u00e3o Paulo com o decreto de instaura\u00e7\u00e3o do Integra Res\u00edduos. O programa vai melhorar a gest\u00e3o do lixo por meio de parcerias p\u00fablico-privadas e cons\u00f3rcios intermunicipais para quest\u00f5es cr\u00edticas como aterros em fim de vida \u00fatil e a destina\u00e7\u00e3o inadequada de res\u00edduos.<\/p>\n<p>\u201cO objetivo do Integra Res\u00edduos \u00e9 focar na destina\u00e7\u00e3o e valoriza\u00e7\u00e3o dos res\u00edduos, auxiliando os munic\u00edpios, especialmente os menores, no desenvolvimento de estudos de viabilidade t\u00e9cnica, econ\u00f4mico-financeira e ambiental, arcabou\u00e7o jur\u00eddico, estrutura de governan\u00e7a e at\u00e9 mesmo mapeamento de potenciais investidores para a forma\u00e7\u00e3o de parcerias p\u00fablico-privadas\u201d, explicou a secret\u00e1ria estadual de Meio Ambiente, Infraestrutura e Log\u00edstica, Nat\u00e1lia Resende.<\/p>\n<h2>Finaclima SP<\/h2>\n<p>O Governo de S\u00e3o Paulo tamb\u00e9m pretende expandir o acesso a capital p\u00fablico e privado para preven\u00e7\u00e3o, combate e mitiga\u00e7\u00e3o \u00e0s mudan\u00e7as clim\u00e1ticas. Com a cria\u00e7\u00e3o do Finaclima SP, a gest\u00e3o estadual fica autorizada a receber recursos privados para desenvolvimento de planos de adapta\u00e7\u00e3o e resili\u00eancia.<\/p>\n<p>O fundo poder\u00e1 captar doa\u00e7\u00f5es e investimentos de pessoas f\u00edsicas e jur\u00eddicas, incluindo organiza\u00e7\u00f5es e entidades internacionais e governos estrangeiros, al\u00e9m de bens e servi\u00e7os destinados a projetos de pesquisa e sustentabilidade ambiental.<\/p>\n<\/p><\/div>\n<p><br \/>\n<br \/><a href=\"https:\/\/www.saopaulo.sp.gov.br\/spnoticias\/ultimas-noticias\/protecao-de-rios-sp-investe-em-tecnologias-para-ampliar-resiliencia-climatica\/\" rel=\"noopener\">Informa\u00e7\u00f5es GOV.SP<\/a><\/p>\n","protected":false},"excerpt":{"rendered":"<p>&#13; A amplia\u00e7\u00e3o da resili\u00eancia clim\u00e1tica no estado de S\u00e3o Paulo vai envolver novas tecnologias de monitoramento e alerta de eventos extremos, atua\u00e7\u00e3o t\u00e9cnica especializada em pol\u00edticas p\u00fablicas para mudan\u00e7as do clima e investimentos de mais de R$ 330 milh\u00f5es em prote\u00e7\u00e3o de rios e a\u00e7\u00f5es sustent\u00e1veis. O novo pacote foi anunciado pelo governador Tarc\u00edsio [&hellip;]<\/p>\n","protected":false},"author":1,"featured_media":7583,"comment_status":"open","ping_status":"open","sticky":false,"template":"","format":"standard","meta":{"_jetpack_newsletter_access":"","_jetpack_dont_email_post_to_subs":false,"_jetpack_newsletter_tier_id":0,"_jetpack_memberships_contains_paywalled_content":false,"_mbp_banners":[],"_jetpack_feature_clip_id":0,"_jetpack_memberships_contains_paid_content":false,"footnotes":"","jetpack_publicize_message":"","jetpack_publicize_feature_enabled":true,"jetpack_social_post_already_shared":true,"jetpack_social_options":{"image_generator_settings":{"template":"highway","default_image_id":0,"font":"","enabled":false},"version":2},"jetpack_post_was_ever_published":false},"categories":[21],"tags":[],"class_list":["post-7582","post","type-post","status-publish","format-standard","has-post-thumbnail","category-sp-news"],"jetpack_publicize_connections":[],"jetpack-related-posts":[],"jetpack_shortlink":"https:\/\/wp.me\/p7Eq1F-1Yi","jetpack_sharing_enabled":true,"jetpack_featured_media_url":"https:\/\/i0.wp.com\/guialimeira.com.br\/news\/wp-content\/uploads\/2024\/06\/Protecao-de-rios-SP-investe-em-mais-tecnologias-para-ampliar.jpg?fit=2560%2C1784&ssl=1","_links":{"self":[{"href":"https:\/\/guialimeira.com.br\/news\/wp-json\/wp\/v2\/posts\/7582","targetHints":{"allow":["GET"]}}],"collection":[{"href":"https:\/\/guialimeira.com.br\/news\/wp-json\/wp\/v2\/posts"}],"about":[{"href":"https:\/\/guialimeira.com.br\/news\/wp-json\/wp\/v2\/types\/post"}],"author":[{"embeddable":true,"href":"https:\/\/guialimeira.com.br\/news\/wp-json\/wp\/v2\/users\/1"}],"replies":[{"embeddable":true,"href":"https:\/\/guialimeira.com.br\/news\/wp-json\/wp\/v2\/comments?post=7582"}],"version-history":[{"count":0,"href":"https:\/\/guialimeira.com.br\/news\/wp-json\/wp\/v2\/posts\/7582\/revisions"}],"wp:featuredmedia":[{"embeddable":true,"href":"https:\/\/guialimeira.com.br\/news\/wp-json\/wp\/v2\/media\/7583"}],"wp:attachment":[{"href":"https:\/\/guialimeira.com.br\/news\/wp-json\/wp\/v2\/media?parent=7582"}],"wp:term":[{"taxonomy":"category","embeddable":true,"href":"https:\/\/guialimeira.com.br\/news\/wp-json\/wp\/v2\/categories?post=7582"},{"taxonomy":"post_tag","embeddable":true,"href":"https:\/\/guialimeira.com.br\/news\/wp-json\/wp\/v2\/tags?post=7582"}],"curies":[{"name":"wp","href":"https:\/\/api.w.org\/{rel}","templated":true}]}}